{"id":16581,"date":"2025-01-15T12:29:15","date_gmt":"2025-01-15T09:29:15","guid":{"rendered":"https:\/\/kibrisayna.com\/index.php\/2025\/01\/15\/ctp-kalkanli-ocak-kongresi-gerceklesti-okan-ceylanguden-yeniden-baskan-secildi-brtk\/"},"modified":"2025-01-15T12:29:15","modified_gmt":"2025-01-15T09:29:15","slug":"ctp-kalkanli-ocak-kongresi-gerceklesti-okan-ceylanguden-yeniden-baskan-secildi-brtk","status":"publish","type":"post","link":"https:\/\/kibrisayna.com\/index.php\/2025\/01\/15\/ctp-kalkanli-ocak-kongresi-gerceklesti-okan-ceylanguden-yeniden-baskan-secildi-brtk\/","title":{"rendered":"CTP Kalkanl\u0131 Ocak Kongresi ger\u00e7ekle\u015fti\u2026 Okan Ceylang\u00fcden yeniden ba\u015fkan se\u00e7ildi \u2013 BRTK"},"content":{"rendered":"<p> <br \/>\n<\/p>\n<div>\n<div class=\"mariselle-image-container center\">\n                <img loading=\"lazy\" decoding=\"async\" width=\"1600\" height=\"902\" class=\"lazy-image\" alt=\"\" sizes=\"auto, (max-width: 1600px) 100vw, 1600px\" src=\"https:\/\/brtk.net\/wp-content\/uploads\/2025\/01\/15\/9999.jpg?ver=1d8d17dd8c8a493a24e95e73c0b81e70\" srcset=\"https:\/\/brtk.net\/wp-content\/uploads\/2025\/01\/15\/9999.jpg?ver=1d8d17dd8c8a493a24e95e73c0b81e70 1600w, https:\/\/brtk.net\/wp-content\/uploads\/2025\/01\/15\/9999-300x169.jpg?ver=ad50113ade967d5ce79d32db4df0696a 300w, https:\/\/brtk.net\/wp-content\/uploads\/2025\/01\/15\/9999-1024x577.jpg?ver=141379d15ac19a6cbbf9ead787fd6c2c 1024w, https:\/\/brtk.net\/wp-content\/uploads\/2025\/01\/15\/9999-768x433.jpg?ver=141379d15ac19a6cbbf9ead787fd6c2c 768w, https:\/\/brtk.net\/wp-content\/uploads\/2025\/01\/15\/9999-1536x866.jpg?ver=141379d15ac19a6cbbf9ead787fd6c2c 1536w\"\/>                            <\/div>\n<p>Cumhuriyet\u00e7i T\u00fcrk Partisi (CTP) G\u00fczelyurt \u0130l\u00e7esi Kalkanl\u0131 Ocak Kongresi, 11 Ocak\u2019ta CTP G\u00fczelyurt il\u00e7e binas\u0131nda ger\u00e7ekle\u015fti.<\/p>\n<p> CTP Bas\u0131n B\u00fcrosu\u2019ndan verilen bilgiye g\u00f6re, Kongrede, Okan Ceylang\u00fcden yeniden ba\u015fkan se\u00e7ilirken, yeni Ocak Y\u00f6netim Kurulu \u00fcyeleri de belirlendi.<\/p>\n<p> Kongrede, CTP G\u00fczelyurt \u0130l\u00e7e Ba\u015fkan\u0131 \u00c7a\u011flar Gulamkadir ile Kalkanl\u0131 Ocak \u00d6rg\u00fct\u00fc Ba\u015fkan\u0131 Okan Ceylang\u00fcden de konu\u015fma ger\u00e7ekle\u015ftirdi.<\/p>\n<p> -Gulamkadir: \u00d6rg\u00fctlenme \u00e7al\u0131\u015fmalar\u0131m\u0131z devam edecek<\/p>\n<p>CTP G\u00fczelyurt \u0130l\u00e7e Ba\u015fkan\u0131 \u00c7a\u011flar Gulamkadir kongrede yapt\u0131\u011f\u0131 konu\u015fmada, \u00f6rg\u00fctlenme \u00e7al\u0131\u015fmalar\u0131na devam edeceklerini belirtti.<\/p>\n<p> G\u00fczelyurt \u00f6zelinde bir\u00e7ok sorun bulundu\u011funu ve \u00fclkeyi y\u00f6netti\u011fini iddia edenlerin bu sorunlarla ilgilenmedi\u011fini \u00f6ne s\u00fcren Gulamkadir, ge\u00e7mi\u015f y\u00f6netime emeklerinden dolay\u0131 te\u015fekk\u00fcr ederek, yeni g\u00f6rev alan \u00fcyelere ba\u015far\u0131lar diledi.<\/p>\n<p> -Ceylang\u00fcden: Dayan\u0131\u015fma i\u00e7inde \u00e7al\u0131\u015faca\u011f\u0131z<\/p>\n<p>Kalkanl\u0131 Ocak \u00d6rg\u00fct\u00fc Ba\u015fkan\u0131 Okan Ceylang\u00fcden ise konu\u015fmas\u0131nda, \u201cYeni y\u00f6netim \u00f6n\u00fcm\u00fczdeki d\u00f6nemde Kalkanl\u0131 Oca\u011f\u0131\u2019n\u0131 daha ileri ta\u015f\u0131mak i\u00e7in \u00e7al\u0131\u015fmalar y\u00fcr\u00fctecek.\u201d ifadelerine yer vererek, \u00fcyeleri ile birlikte birlik ve dayan\u0131\u015fma i\u00e7inde \u00e7al\u0131\u015facaklar\u0131n\u0131 ve hedeflerini ger\u00e7ekle\u015ftirmek i\u00e7in ad\u0131mlar atacaklar\u0131n\u0131 s\u00f6yledi.<\/p>\n<p><strong> -Yeni y\u00f6netim belirlendi<\/strong><\/p>\n<p>Kongre sonunda, CTP Kalkanl\u0131 Ocak Y\u00f6netimi \u015fu isimlerden olu\u015ftu:<\/p>\n<p>Ba\u015fkan Okan Ceylang\u00fcden, Sekreter Kemal K\u0131sao\u011flu, Sayman Alev \u0130zda\u011f, faal \u00fcyeler Ersin Kozok ve Hasan \u0130zda\u011f, Kad\u0131n \u00d6rg\u00fct\u00fc Temsilcisi Hatice \u0130. Urfac\u0131 ve Gen\u00e7lik \u00d6rg\u00fct\u00fc Temsilcisi Ahmet K\u0131sao\u011flu<\/p>\n<\/p><\/div>\n<p><script async\n                    defer\n                    crossorigin=\"anonymous\"\n                    src=\"https:\/\/connect.facebook.net\/tr_TR\/sdk.js#xfbml=1&#038;version=v3.3\"\n            ><\/script><br \/>\n<br \/><br \/>\n<br \/><a href=\"https:\/\/brtk.net\/ctp-kalkanli-ocak-kongresi-gerceklesti-okan-ceylanguden-yeniden-baskan-secildi\/\">Kaynak BRT <\/a><\/p>\n","protected":false},"excerpt":{"rendered":"<p>Cumhuriyet\u00e7i T\u00fcrk Partisi (CTP) G\u00fczelyurt \u0130l\u00e7esi Kalkanl\u0131 Ocak Kongresi, 11 Ocak\u2019ta CTP G\u00fczelyurt il\u00e7e binas\u0131nda ger\u00e7ekle\u015fti. CTP Bas\u0131n B\u00fcrosu\u2019ndan verilen bilgiye g\u00f6re, Kongrede, Okan Ceylang\u00fcden yeniden ba\u015fkan se\u00e7ilirken, yeni Ocak Y\u00f6netim Kurulu \u00fcyeleri de belirlendi. Kongrede, CTP G\u00fczelyurt \u0130l\u00e7e Ba\u015fkan\u0131 \u00c7a\u011flar Gulamkadir ile Kalkanl\u0131 Ocak \u00d6rg\u00fct\u00fc Ba\u015fkan\u0131 Okan Ceylang\u00fcden de konu\u015fma ger\u00e7ekle\u015ftirdi. -Gulamkadir: \u00d6rg\u00fctlenme \u00e7al\u0131\u015fmalar\u0131m\u0131z [&hellip;]<\/p>\n","protected":false},"author":908,"featured_media":16582,"comment_status":"open","ping_status":"open","sticky":false,"template":"","format":"standard","meta":{"_jetpack_memberships_contains_paid_content":false,"footnotes":"","jetpack_publicize_message":"","jetpack_publicize_feature_enabled":true,"jetpack_social_post_already_shared":true,"jetpack_social_options":{"image_generator_settings":{"template":"highway","default_image_id":0,"font":"","enabled":false},"version":2}},"categories":[253],"tags":[],"class_list":["post-16581","post","type-post","status-publish","format-standard","has-post-thumbnail","hentry","category-gundem"],"jetpack_publicize_connections":[],"jetpack_featured_media_url":"https:\/\/kibrisayna.com\/wp-content\/uploads\/2025\/01\/9999.jpg","jetpack_sharing_enabled":true,"_links":{"self":[{"href":"https:\/\/kibrisayna.com\/index.php\/wp-json\/wp\/v2\/posts\/16581","targetHints":{"allow":["GET"]}}],"collection":[{"href":"https:\/\/kibrisayna.com\/index.php\/wp-json\/wp\/v2\/posts"}],"about":[{"href":"https:\/\/kibrisayna.com\/index.php\/wp-json\/wp\/v2\/types\/post"}],"author":[{"embeddable":true,"href":"https:\/\/kibrisayna.com\/index.php\/wp-json\/wp\/v2\/users\/908"}],"replies":[{"embeddable":true,"href":"https:\/\/kibrisayna.com\/index.php\/wp-json\/wp\/v2\/comments?post=16581"}],"version-history":[{"count":0,"href":"https:\/\/kibrisayna.com\/index.php\/wp-json\/wp\/v2\/posts\/16581\/revisions"}],"wp:featuredmedia":[{"embeddable":true,"href":"https:\/\/kibrisayna.com\/index.php\/wp-json\/wp\/v2\/media\/16582"}],"wp:attachment":[{"href":"https:\/\/kibrisayna.com\/index.php\/wp-json\/wp\/v2\/media?parent=16581"}],"wp:term":[{"taxonomy":"category","embeddable":true,"href":"https:\/\/kibrisayna.com\/index.php\/wp-json\/wp\/v2\/categories?post=16581"},{"taxonomy":"post_tag","embeddable":true,"href":"https:\/\/kibrisayna.com\/index.php\/wp-json\/wp\/v2\/tags?post=16581"}],"curies":[{"name":"wp","href":"https:\/\/api.w.org\/{rel}","templated":true}]}}