{"id":16578,"date":"2025-01-15T12:23:13","date_gmt":"2025-01-15T09:23:13","guid":{"rendered":"https:\/\/kibrisayna.com\/index.php\/2025\/01\/15\/dr-kucuk-vatan-sevgisi-ve-kararliligiyla-toplum-liderligi-gorevini-buyuk-bir-ozveriyle-yerine-getirdi-brtk\/"},"modified":"2025-01-15T12:23:13","modified_gmt":"2025-01-15T09:23:13","slug":"dr-kucuk-vatan-sevgisi-ve-kararliligiyla-toplum-liderligi-gorevini-buyuk-bir-ozveriyle-yerine-getirdi-brtk","status":"publish","type":"post","link":"https:\/\/kibrisayna.com\/index.php\/2025\/01\/15\/dr-kucuk-vatan-sevgisi-ve-kararliligiyla-toplum-liderligi-gorevini-buyuk-bir-ozveriyle-yerine-getirdi-brtk\/","title":{"rendered":"Dr. K\u00fc\u00e7\u00fck, vatan sevgisi ve kararl\u0131l\u0131\u011f\u0131yla toplum liderli\u011fi g\u00f6revini b\u00fcy\u00fck bir \u00f6zveriyle yerine getirdi \u2013 BRTK"},"content":{"rendered":"<p> <br \/>\n<\/p>\n<div>\n<div class=\"mariselle-image-container center\">\n                <img loading=\"lazy\" decoding=\"async\" width=\"1507\" height=\"955\" class=\"lazy-image\" alt=\"\" sizes=\"auto, (max-width: 1507px) 100vw, 1507px\" src=\"https:\/\/brtk.net\/wp-content\/uploads\/2024\/07\/31\/oguz-1-.jpg?ver=c90fb88e2072ff8c043978edfdf9940a\" srcset=\"https:\/\/brtk.net\/wp-content\/uploads\/2024\/07\/31\/oguz-1-.jpg?ver=c90fb88e2072ff8c043978edfdf9940a 1507w, https:\/\/brtk.net\/wp-content\/uploads\/2024\/07\/31\/oguz-1--300x190.jpg?ver=c90fb88e2072ff8c043978edfdf9940a 300w, https:\/\/brtk.net\/wp-content\/uploads\/2024\/07\/31\/oguz-1--1024x649.jpg?ver=c8e7e54b5254a56ffdcb4cd1afebdb04 1024w, https:\/\/brtk.net\/wp-content\/uploads\/2024\/07\/31\/oguz-1--768x487.jpg?ver=c8e7e54b5254a56ffdcb4cd1afebdb04 768w, https:\/\/brtk.net\/wp-content\/uploads\/2024\/07\/31\/oguz-1--566x360.jpg?ver=c8e7e54b5254a56ffdcb4cd1afebdb04 566w\"\/>                            <\/div>\n<p>\u0130\u00e7i\u015fleri Bakan\u0131 Dursun O\u011fuz, Dr. Faz\u0131l K\u00fc\u00e7\u00fck\u2019\u00fcn en zor ve karanl\u0131k d\u00f6nemlerde K\u0131br\u0131s T\u00fcrk halk\u0131na liderlik yaparak vatan sevgisi ve kararl\u0131l\u0131\u011f\u0131yla toplum liderli\u011fi g\u00f6revini b\u00fcy\u00fck bir \u00f6zveriyle yerine getirdi\u011fini vurgulad\u0131.<\/p>\n<p>\u0130\u00e7i\u015fleri Bakan\u0131 Dursun O\u011fuz, K\u0131br\u0131s T\u00fcrk halk\u0131n\u0131n Milli M\u00fccadele ve \u00d6zg\u00fcrl\u00fck Lideri Dr. Faz\u0131l K\u00fc\u00e7\u00fck\u2019\u00fcn \u00f6l\u00fcm y\u0131ld\u00f6n\u00fcm\u00fc vesilesiyle  mesaj yay\u0131mlad\u0131.<\/p>\n<p>Dr. Faz\u0131l K\u00fc\u00e7\u00fck\u2019\u00fc rahmet, \u00f6zlem ve derin bir sayg\u0131yla anan O\u011fuz, K\u00fc\u00e7\u00fck\u2019\u00fcn liderli\u011fi, halk\u0131 i\u00e7in verdi\u011fi m\u00fccadele ve fedak\u00e2rl\u0131klar\u0131yla K\u0131br\u0131s T\u00fcrk toplumunda kal\u0131c\u0131 bir iz b\u0131rakt\u0131\u011f\u0131n\u0131 da ifade etti\u011fi  mesaj\u0131nda \u015funlar\u0131 kaydetti:<\/p>\n<p>\u201cDr. Faz\u0131l K\u00fc\u00e7\u00fck, en zor ve karanl\u0131k d\u00f6nemlerde K\u0131br\u0131s T\u00fcrk halk\u0131na liderlik yaparak vatan sevgisi ve kararl\u0131l\u0131\u011f\u0131yla toplum liderli\u011fi g\u00f6revini b\u00fcy\u00fck bir \u00f6zveriyle yerine getirmi\u015ftir. Hekimlikten gazetecili\u011fe, her alanda halk\u0131n\u0131n yan\u0131nda olmu\u015f; varolu\u015f m\u00fccadelesinde halk\u0131na rehberlik ederek tarihteki onurlu yerini alm\u0131\u015ft\u0131r. Onu asla unutmayaca\u011f\u0131z; aziz hat\u0131ras\u0131 yolumuzu ayd\u0131nlatmaya devam edecek. Ruhun \u015fad olsun.\u201d<\/p>\n<\/p><\/div>\n<p><script async\n                    defer\n                    crossorigin=\"anonymous\"\n                    src=\"https:\/\/connect.facebook.net\/tr_TR\/sdk.js#xfbml=1&#038;version=v3.3\"\n            ><\/script><br \/>\n<br \/><br \/>\n<br \/><a href=\"https:\/\/brtk.net\/oguz-dr-kucuk-vatan-sevgisi-ve-kararliligiyla-toplum-liderligi-gorevini-buyuk-bir-ozveriyle-yerine-getirdi\/\">Kaynak BRT <\/a><\/p>\n","protected":false},"excerpt":{"rendered":"<p>\u0130\u00e7i\u015fleri Bakan\u0131 Dursun O\u011fuz, Dr. Faz\u0131l K\u00fc\u00e7\u00fck\u2019\u00fcn en zor ve karanl\u0131k d\u00f6nemlerde K\u0131br\u0131s T\u00fcrk halk\u0131na liderlik yaparak vatan sevgisi ve kararl\u0131l\u0131\u011f\u0131yla toplum liderli\u011fi g\u00f6revini b\u00fcy\u00fck bir \u00f6zveriyle yerine getirdi\u011fini vurgulad\u0131. \u0130\u00e7i\u015fleri Bakan\u0131 Dursun O\u011fuz, K\u0131br\u0131s T\u00fcrk halk\u0131n\u0131n Milli M\u00fccadele ve \u00d6zg\u00fcrl\u00fck Lideri Dr. Faz\u0131l K\u00fc\u00e7\u00fck\u2019\u00fcn \u00f6l\u00fcm y\u0131ld\u00f6n\u00fcm\u00fc vesilesiyle mesaj yay\u0131mlad\u0131. Dr. Faz\u0131l K\u00fc\u00e7\u00fck\u2019\u00fc rahmet, \u00f6zlem [&hellip;]<\/p>\n","protected":false},"author":908,"featured_media":3584,"comment_status":"open","ping_status":"open","sticky":false,"template":"","format":"standard","meta":{"_jetpack_memberships_contains_paid_content":false,"footnotes":"","jetpack_publicize_message":"","jetpack_publicize_feature_enabled":true,"jetpack_social_post_already_shared":true,"jetpack_social_options":{"image_generator_settings":{"template":"highway","default_image_id":0,"font":"","enabled":false},"version":2}},"categories":[253],"tags":[],"class_list":["post-16578","post","type-post","status-publish","format-standard","has-post-thumbnail","hentry","category-gundem"],"jetpack_publicize_connections":[],"jetpack_featured_media_url":"https:\/\/kibrisayna.com\/wp-content\/uploads\/2024\/08\/dursun-oguz-foto.jpg","jetpack_sharing_enabled":true,"_links":{"self":[{"href":"https:\/\/kibrisayna.com\/index.php\/wp-json\/wp\/v2\/posts\/16578","targetHints":{"allow":["GET"]}}],"collection":[{"href":"https:\/\/kibrisayna.com\/index.php\/wp-json\/wp\/v2\/posts"}],"about":[{"href":"https:\/\/kibrisayna.com\/index.php\/wp-json\/wp\/v2\/types\/post"}],"author":[{"embeddable":true,"href":"https:\/\/kibrisayna.com\/index.php\/wp-json\/wp\/v2\/users\/908"}],"replies":[{"embeddable":true,"href":"https:\/\/kibrisayna.com\/index.php\/wp-json\/wp\/v2\/comments?post=16578"}],"version-history":[{"count":0,"href":"https:\/\/kibrisayna.com\/index.php\/wp-json\/wp\/v2\/posts\/16578\/revisions"}],"wp:featuredmedia":[{"embeddable":true,"href":"https:\/\/kibrisayna.com\/index.php\/wp-json\/wp\/v2\/media\/3584"}],"wp:attachment":[{"href":"https:\/\/kibrisayna.com\/index.php\/wp-json\/wp\/v2\/media?parent=16578"}],"wp:term":[{"taxonomy":"category","embeddable":true,"href":"https:\/\/kibrisayna.com\/index.php\/wp-json\/wp\/v2\/categories?post=16578"},{"taxonomy":"post_tag","embeddable":true,"href":"https:\/\/kibrisayna.com\/index.php\/wp-json\/wp\/v2\/tags?post=16578"}],"curies":[{"name":"wp","href":"https:\/\/api.w.org\/{rel}","templated":true}]}}