{"id":16577,"date":"2025-01-15T12:17:40","date_gmt":"2025-01-15T09:17:40","guid":{"rendered":"https:\/\/kibrisayna.com\/index.php\/2025\/01\/15\/ataogludr-fazil-kucuk-kibris-turk-halkinin-tarihine-ve-kimligine-yon-veren-bir-semboldur-brtk\/"},"modified":"2025-01-15T12:17:40","modified_gmt":"2025-01-15T09:17:40","slug":"ataogludr-fazil-kucuk-kibris-turk-halkinin-tarihine-ve-kimligine-yon-veren-bir-semboldur-brtk","status":"publish","type":"post","link":"https:\/\/kibrisayna.com\/index.php\/2025\/01\/15\/ataogludr-fazil-kucuk-kibris-turk-halkinin-tarihine-ve-kimligine-yon-veren-bir-semboldur-brtk\/","title":{"rendered":"Atao\u011flu:Dr. Faz\u0131l K\u00fc\u00e7\u00fck, K\u0131br\u0131s T\u00fcrk halk\u0131n\u0131n tarihine ve kimli\u011fine y\u00f6n veren bir sembold\u00fcr \u2013 BRTK"},"content":{"rendered":"<p> <br \/>\n<\/p>\n<div>\n<div class=\"mariselle-image-container center\">\n                <img loading=\"lazy\" decoding=\"async\" width=\"1280\" height=\"720\" class=\"lazy-image\" alt=\"\" sizes=\"auto, (max-width: 1280px) 100vw, 1280px\" src=\"https:\/\/brtk.net\/wp-content\/uploads\/2024\/12\/12\/fikri-ataoglu-scaled-1.webp?ver=d444d4575a9a9db297b83c05a87b90d3\" srcset=\"https:\/\/brtk.net\/wp-content\/uploads\/2024\/12\/12\/fikri-ataoglu-scaled-1.webp?ver=d444d4575a9a9db297b83c05a87b90d3 1280w, https:\/\/brtk.net\/wp-content\/uploads\/2024\/12\/12\/fikri-ataoglu-scaled-1-300x169.webp?ver=069fa81fcc0d77a2d249fa2d56e9a631 300w, https:\/\/brtk.net\/wp-content\/uploads\/2024\/12\/12\/fikri-ataoglu-scaled-1-1024x576.webp?ver=069fa81fcc0d77a2d249fa2d56e9a631 1024w, https:\/\/brtk.net\/wp-content\/uploads\/2024\/12\/12\/fikri-ataoglu-scaled-1-768x432.webp?ver=069fa81fcc0d77a2d249fa2d56e9a631 768w\"\/>                            <\/div>\n<p> Ba\u015fbakan Yard\u0131mc\u0131s\u0131, Turizm, K\u00fclt\u00fcr, Gen\u00e7lik ve \u00c7evre Bakan\u0131, Demokrat Parti (DP) Genel Ba\u015fkan\u0131 Fikri Atao\u011flu,  K\u0131br\u0131s T\u00fcrk halk\u0131n\u0131n varolu\u015f ve \u00f6zg\u00fcrl\u00fck m\u00fccadelesi lideri Dr. Faz\u0131l K\u00fc\u00e7\u00fck\u2019\u00fcn \u00f6l\u00fcm y\u0131ld\u00f6n\u00fcm\u00fc nedeniyle mesaj yay\u0131mlad\u0131.<\/p>\n<p>Dr. Faz\u0131l K\u00fc\u00e7\u00fck\u2019\u00fcn K\u0131br\u0131s T\u00fcrk halk\u0131n\u0131n \u00f6zg\u00fcrl\u00fck m\u00fccadelesinde \u00f6nemli bir lider oldu\u011funu kaydeden Atao\u011flu, Dr. K\u00fc\u00e7\u00fck\u2019\u00fc vefat\u0131n\u0131n 41\u2019inci y\u0131ld\u00f6n\u00fcm\u00fcnde rahmet ve minnetle and\u0131.<\/p>\n<p> \u201cO, halk\u0131m\u0131z\u0131n hak, e\u015fitlik ve \u00f6zg\u00fcrl\u00fck m\u00fccadelesine \u00f6nc\u00fcl\u00fck etmi\u015f, fikirleri ve kararl\u0131l\u0131\u011f\u0131 ile ba\u011f\u0131ms\u0131zl\u0131k yolunda bizlere \u0131\u015f\u0131k tutmu\u015ftur.\u201d ifadelerine yer veren Atao\u011flu, mesaj\u0131nda \u015funlar\u0131 kaydetti:<\/p>\n<p>\u201cDr. Faz\u0131l K\u00fc\u00e7\u00fck, sadece bir lider de\u011fil, ayn\u0131 zamanda K\u0131br\u0131s T\u00fcrk halk\u0131n\u0131n tarihine ve kimli\u011fine y\u00f6n veren bir sembold\u00fcr. Onun b\u0131rakt\u0131\u011f\u0131 miras, bug\u00fcn bize rehberlik etmeye devam ediyor.<\/p>\n<p>E\u015fitlik, adalet ve bar\u0131\u015f konusundaki inanc\u0131, halk\u0131m\u0131z\u0131n hakl\u0131 m\u00fccadelesini uluslararas\u0131 alanda duyurmas\u0131nda b\u00fcy\u00fck bir rol oynam\u0131\u015ft\u0131r.<\/p>\n<p>Onun aziz hat\u0131ras\u0131 \u00f6n\u00fcnde sayg\u0131yla e\u011filiyor, b\u0131rakt\u0131\u011f\u0131 de\u011ferleri ya\u015fatmak i\u00e7in \u00e7al\u0131\u015fmaya devam edece\u011fimizi bir kez daha vurguluyorum. Dr. Faz\u0131l K\u00fc\u00e7\u00fck\u2019\u00fcn ideallerine ba\u011fl\u0131 kalarak gelece\u011fe emin ad\u0131mlarla y\u00fcr\u00fcme kararl\u0131l\u0131\u011f\u0131m\u0131z\u0131 s\u00fcrd\u00fcrece\u011fiz. Ruhu \u015fad olsun.\u201d<\/p>\n<\/p><\/div>\n<p><script async\n                    defer\n                    crossorigin=\"anonymous\"\n                    src=\"https:\/\/connect.facebook.net\/tr_TR\/sdk.js#xfbml=1&#038;version=v3.3\"\n            ><\/script><br \/>\n<br \/><br \/>\n<br \/><a href=\"https:\/\/brtk.net\/ataogludr-fazil-kucuk-kibris-turk-halkinin-tarihine-ve-kimligine-yon-veren-bir-semboldur\/\">Kaynak BRT <\/a><\/p>\n","protected":false},"excerpt":{"rendered":"<p>Ba\u015fbakan Yard\u0131mc\u0131s\u0131, Turizm, K\u00fclt\u00fcr, Gen\u00e7lik ve \u00c7evre Bakan\u0131, Demokrat Parti (DP) Genel Ba\u015fkan\u0131 Fikri Atao\u011flu, K\u0131br\u0131s T\u00fcrk halk\u0131n\u0131n varolu\u015f ve \u00f6zg\u00fcrl\u00fck m\u00fccadelesi lideri Dr. Faz\u0131l K\u00fc\u00e7\u00fck\u2019\u00fcn \u00f6l\u00fcm y\u0131ld\u00f6n\u00fcm\u00fc nedeniyle mesaj yay\u0131mlad\u0131. Dr. Faz\u0131l K\u00fc\u00e7\u00fck\u2019\u00fcn K\u0131br\u0131s T\u00fcrk halk\u0131n\u0131n \u00f6zg\u00fcrl\u00fck m\u00fccadelesinde \u00f6nemli bir lider oldu\u011funu kaydeden Atao\u011flu, Dr. K\u00fc\u00e7\u00fck\u2019\u00fc vefat\u0131n\u0131n 41\u2019inci y\u0131ld\u00f6n\u00fcm\u00fcnde rahmet ve minnetle and\u0131. \u201cO, [&hellip;]<\/p>\n","protected":false},"author":908,"featured_media":15037,"comment_status":"open","ping_status":"open","sticky":false,"template":"","format":"standard","meta":{"_jetpack_memberships_contains_paid_content":false,"footnotes":"","jetpack_publicize_message":"","jetpack_publicize_feature_enabled":true,"jetpack_social_post_already_shared":true,"jetpack_social_options":{"image_generator_settings":{"template":"highway","default_image_id":0,"font":"","enabled":false},"version":2}},"categories":[253],"tags":[],"class_list":["post-16577","post","type-post","status-publish","format-standard","has-post-thumbnail","hentry","category-gundem"],"jetpack_publicize_connections":[],"jetpack_featured_media_url":"https:\/\/kibrisayna.com\/wp-content\/uploads\/2024\/12\/fikri-ataoglu-scaled-1.webp","jetpack_sharing_enabled":true,"_links":{"self":[{"href":"https:\/\/kibrisayna.com\/index.php\/wp-json\/wp\/v2\/posts\/16577","targetHints":{"allow":["GET"]}}],"collection":[{"href":"https:\/\/kibrisayna.com\/index.php\/wp-json\/wp\/v2\/posts"}],"about":[{"href":"https:\/\/kibrisayna.com\/index.php\/wp-json\/wp\/v2\/types\/post"}],"author":[{"embeddable":true,"href":"https:\/\/kibrisayna.com\/index.php\/wp-json\/wp\/v2\/users\/908"}],"replies":[{"embeddable":true,"href":"https:\/\/kibrisayna.com\/index.php\/wp-json\/wp\/v2\/comments?post=16577"}],"version-history":[{"count":0,"href":"https:\/\/kibrisayna.com\/index.php\/wp-json\/wp\/v2\/posts\/16577\/revisions"}],"wp:featuredmedia":[{"embeddable":true,"href":"https:\/\/kibrisayna.com\/index.php\/wp-json\/wp\/v2\/media\/15037"}],"wp:attachment":[{"href":"https:\/\/kibrisayna.com\/index.php\/wp-json\/wp\/v2\/media?parent=16577"}],"wp:term":[{"taxonomy":"category","embeddable":true,"href":"https:\/\/kibrisayna.com\/index.php\/wp-json\/wp\/v2\/categories?post=16577"},{"taxonomy":"post_tag","embeddable":true,"href":"https:\/\/kibrisayna.com\/index.php\/wp-json\/wp\/v2\/tags?post=16577"}],"curies":[{"name":"wp","href":"https:\/\/api.w.org\/{rel}","templated":true}]}}