{"id":16574,"date":"2025-01-15T12:10:16","date_gmt":"2025-01-15T09:10:16","guid":{"rendered":"https:\/\/kibrisayna.com\/index.php\/2025\/01\/15\/milli-mucadele-vakfi-baskani-gulbahar-kibris-turk-halkinin-varolus-ve-ozgurluk-mucadelesi-lideri-dr-fazil-kucukun-41inci-olum-yil-donumu-dolayisiyla-mesaj-yayimladi-brtk\/"},"modified":"2025-01-15T12:10:16","modified_gmt":"2025-01-15T09:10:16","slug":"milli-mucadele-vakfi-baskani-gulbahar-kibris-turk-halkinin-varolus-ve-ozgurluk-mucadelesi-lideri-dr-fazil-kucukun-41inci-olum-yil-donumu-dolayisiyla-mesaj-yayimladi-brtk","status":"publish","type":"post","link":"https:\/\/kibrisayna.com\/index.php\/2025\/01\/15\/milli-mucadele-vakfi-baskani-gulbahar-kibris-turk-halkinin-varolus-ve-ozgurluk-mucadelesi-lideri-dr-fazil-kucukun-41inci-olum-yil-donumu-dolayisiyla-mesaj-yayimladi-brtk\/","title":{"rendered":"Milli M\u00fccadele Vakf\u0131 Ba\u015fkan\u0131 G\u00fclbahar, K\u0131br\u0131s T\u00fcrk halk\u0131n\u0131n varolu\u015f ve \u00f6zg\u00fcrl\u00fck m\u00fccadelesi lideri Dr. Faz\u0131l K\u00fc\u00e7\u00fck\u2019\u00fcn 41\u2019inci \u00f6l\u00fcm y\u0131l d\u00f6n\u00fcm\u00fc dolay\u0131s\u0131yla mesaj yay\u0131mlad\u0131 \u2013 BRTK"},"content":{"rendered":"<p> <br \/>\n<\/p>\n<div>\n<div class=\"mariselle-image-container center\">\n                <img loading=\"lazy\" decoding=\"async\" width=\"2560\" height=\"1479\" class=\"lazy-image\" alt=\"\" sizes=\"auto, (max-width: 2560px) 100vw, 2560px\" src=\"https:\/\/brtk.net\/wp-content\/uploads\/2024\/11\/15\/gulbahar-son-scaled.jpg?ver=328a041de85b2fdb02be0e567ff9b8b5\" srcset=\"https:\/\/brtk.net\/wp-content\/uploads\/2024\/11\/15\/gulbahar-son-scaled.jpg?ver=328a041de85b2fdb02be0e567ff9b8b5 2560w, https:\/\/brtk.net\/wp-content\/uploads\/2024\/11\/15\/gulbahar-son-300x173.jpg?ver=328a041de85b2fdb02be0e567ff9b8b5 300w, https:\/\/brtk.net\/wp-content\/uploads\/2024\/11\/15\/gulbahar-son-1024x592.jpg?ver=6a251d508312ebd6fd82e730d8d1a873 1024w, https:\/\/brtk.net\/wp-content\/uploads\/2024\/11\/15\/gulbahar-son-768x444.jpg?ver=838a8034cc4638b978e4cd6cc1f727d3 768w, https:\/\/brtk.net\/wp-content\/uploads\/2024\/11\/15\/gulbahar-son-1536x887.jpg?ver=c4fb6b56ffa9a90c17430e2fa386b18d 1536w, https:\/\/brtk.net\/wp-content\/uploads\/2024\/11\/15\/gulbahar-son-2048x1183.jpg?ver=a5195caffad10fe23e10dc28ba5544d4 2048w\"\/>                            <\/div>\n<p>Milli M\u00fccadele Vakf\u0131 Ba\u015fkan\u0131 Aziz G\u00fclbahar, K\u0131br\u0131s T\u00fcrk halk\u0131n\u0131n varolu\u015f ve \u00f6zg\u00fcrl\u00fck m\u00fccadelesi lideri Dr. Faz\u0131l K\u00fc\u00e7\u00fck\u2019\u00fcn 41\u2019inci \u00f6l\u00fcm y\u0131l d\u00f6n\u00fcm\u00fc dolay\u0131s\u0131yla bir mesaj yay\u0131mlad\u0131.<\/p>\n<p>Aziz G\u00fclbahar mesaj\u0131nda, \u201cDr. K\u00fc\u00e7\u00fck ve arkada\u015flar\u0131n\u0131n ni\u00e7in m\u00fccadele ettikleri a\u00e7\u0131kt\u0131r. Egemen Devlet noktas\u0131ndan geri ad\u0131m at\u0131lamaz. Aksini yapmaya \u00e7al\u0131\u015fmak K\u0131br\u0131s T\u00fcrk\u00fc ve T\u00fcrk milletine k\u00f6t\u00fcl\u00fck yapma gayretinden ba\u015fka bir \u015fey olamaz\u201d ifadelerini kulland\u0131.<\/p>\n<p>G\u00fclbahar\u2019\u0131n mesaj\u0131 \u015f\u00f6yle:<\/p>\n<p>\u201cK\u0131br\u0131s T\u00fcrk Halk\u0131 bug\u00fcnlere milli ve dini kimli\u011fine, egemenli\u011fine, \u00f6zg\u00fcrl\u00fc\u011f\u00fcne sahip \u00e7\u0131karak, kahramanca bir m\u00fccadele ile gelmi\u015ftir. Bu m\u00fccadelenin en \u00f6nemli ki\u015filerinden biri hi\u00e7 ku\u015fkusuz Dr. Faz\u0131l K\u00fc\u00e7\u00fck\u2019t\u00fcr. Doktor Faz\u0131l K\u00fc\u00e7\u00fck, t\u0131p doktoru, gazeteci, siyaset adam\u0131, Cumhurba\u015fkan\u0131 Muavini olarak ya\u015fam\u0131n\u0131n t\u00fcm b\u00f6l\u00fcmlerinde K\u0131br\u0131s T\u00fcrk Halk\u0131\u2019na \u00f6nemli , unutulmaz hizmetler vermi\u015ftir.<\/p>\n<p>Ba\u011f\u0131ms\u0131zl\u0131\u011f\u0131m\u0131z\u0131n ilan edildi\u011fi KKTC Devleti\u2019nin kuruldu\u011fu 15 Kas\u0131m 1983 g\u00fcn\u00fc Meclis\u2019te t\u00fcm rahats\u0131zl\u0131\u011f\u0131na ra\u011fmen\u201d bug\u00fcnleri g\u00f6rd\u00fcm ya, art\u0131k \u00f6lsem bile gam yemem\u2026\u201d demesi ise milli m\u00fccadelenin ba\u011f\u0131ms\u0131zl\u0131k ilan\u0131 ile ta\u00e7lanmas\u0131ndan duydu\u011fu memnuniyetin bir ifadesidir ve hepimizin hi\u00e7 unutmamas\u0131 gereken tarihi bir and\u0131r. Dolay\u0131s\u0131 ile ba\u011f\u0131ms\u0131z, egemen Devletimize sahip \u00e7\u0131kmak Dr. Faz\u0131l K\u00fc\u00e7\u00fck ve arkada\u015flar\u0131n\u0131n davas\u0131na sahip \u00e7\u0131kman\u0131n bir gere\u011fidir.<\/p>\n<p>Rum taraf\u0131n\u0131n silahlanmas\u0131, haklar\u0131m\u0131z\u0131 yok etmeye, bizi g\u00fcvenlikten mahrum b\u0131rakmaya \u00e7al\u0131\u015fmas\u0131 g\u00f6stermektedir ki Doktor Faz\u0131l K\u00fc\u00e7\u00fck\u2019\u00fcn bizlere b\u0131rakt\u0131\u011f\u0131 milli dava, \u00f6zg\u00fcrl\u00fck, egemenlik m\u00fccadelemiz devam ettirilmelidir.<\/p>\n<p>Ne yaz\u0131k ki kom\u015fular\u0131m\u0131z hala bizi az\u0131nl\u0131k konumuna itmek, g\u00fcn gele yeni bir Enosis eylemi yapabilmek i\u00e7in kap\u0131lar\u0131 a\u00e7\u0131k tutma \u00e7abas\u0131 i\u00e7indedirler\u2026 Hala 1974 \u00f6ncesine d\u00f6n\u00fc\u015f hayalinden vazge\u00e7miyorlar. Bu durumda yap\u0131lmas\u0131 gereken i\u00e7imizdeki gafillere, be\u015finci kol faaliyeti y\u00fcr\u00fctenlere f\u0131rsat vermemek egemenli\u011fimize, Devletimize d\u00f6rt elle sar\u0131lmak, Anavatan T\u00fcrkiye ile birlikte y\u00fcr\u00fcmek, ekonomimizi g\u00fc\u00e7lendirmek, \u00fclkemizi iyi idare etmek, yanl\u0131\u015flarda \u0131srar etmek yerine do\u011frular\u0131 yapmaya y\u00f6nelmektir.<\/p>\n<p>K\u0131br\u0131s konusunda g\u00f6r\u00fc\u015fme yap\u0131lacaksa bu sadece ve sadece iki egemen Devlet\u2019in i\u015fbirli\u011fi yapmas\u0131n\u0131 i\u00e7erecek bir antla\u015fma i\u00e7in olur. Rum taraf\u0131m\u0131z\u0131n egemenli\u011fimizi, g\u00fcvenli\u011fimizi, T\u00fcrkiye ile ba\u011flar\u0131m\u0131z\u0131 yok etmenin arac\u0131 olarak g\u00f6rd\u00fc\u011f\u00fc federal \u00e7\u00f6z\u00fcm g\u00f6r\u00fc\u015fmelerinin \u00f6n\u00fcn\u00fc a\u00e7acak, buna imkan verecek bir tutum i\u00e7ine girmek milli davaya, K\u0131br\u0131s T\u00fcrk halk\u0131na vurulacak bir darbedir ve T\u00fcrk milleti b\u00f6ylesi tutum i\u00e7ine girebilecekleri asla affetmeyecektir. Milli M\u00fccadele Vakf\u0131 olarak bu duygu ve d\u00fc\u015f\u00fcncelerle 41\u2019nci \u00f6l\u00fcm y\u0131ld\u00f6n\u00fcm\u00fcnde Dr. Faz\u0131l K\u00fc\u00e7\u00fck\u2019\u00fc rahmet ve \u015f\u00fckranla an\u0131yor, a\u00e7t\u0131\u011f\u0131 yoldan kararl\u0131l\u0131kla ilerleyece\u011fimize, an\u0131s\u0131n\u0131 ya\u015fatmak i\u00e7in elimizden geleni yapaca\u011f\u0131m\u0131za s\u00f6z veriyoruz.\u201d<\/p>\n<\/p><\/div>\n<p><script async\n                    defer\n                    crossorigin=\"anonymous\"\n                    src=\"https:\/\/connect.facebook.net\/tr_TR\/sdk.js#xfbml=1&#038;version=v3.3\"\n            ><\/script><br \/>\n<br \/><br \/>\n<br \/><a href=\"https:\/\/brtk.net\/milli-mucadele-vakfi-baskani-gulbahar-kibris-turk-halkinin-varolus-ve-ozgurluk-mucadelesi-lideri-dr-fazil-kucukun-41inci-olum-yil-donumu-dolayisiyla-mesaj-yayimladi\/\">Kaynak BRT <\/a><\/p>\n","protected":false},"excerpt":{"rendered":"<p>Milli M\u00fccadele Vakf\u0131 Ba\u015fkan\u0131 Aziz G\u00fclbahar, K\u0131br\u0131s T\u00fcrk halk\u0131n\u0131n varolu\u015f ve \u00f6zg\u00fcrl\u00fck m\u00fccadelesi lideri Dr. Faz\u0131l K\u00fc\u00e7\u00fck\u2019\u00fcn 41\u2019inci \u00f6l\u00fcm y\u0131l d\u00f6n\u00fcm\u00fc dolay\u0131s\u0131yla bir mesaj yay\u0131mlad\u0131. Aziz G\u00fclbahar mesaj\u0131nda, \u201cDr. K\u00fc\u00e7\u00fck ve arkada\u015flar\u0131n\u0131n ni\u00e7in m\u00fccadele ettikleri a\u00e7\u0131kt\u0131r. Egemen Devlet noktas\u0131ndan geri ad\u0131m at\u0131lamaz. Aksini yapmaya \u00e7al\u0131\u015fmak K\u0131br\u0131s T\u00fcrk\u00fc ve T\u00fcrk milletine k\u00f6t\u00fcl\u00fck yapma gayretinden ba\u015fka bir [&hellip;]<\/p>\n","protected":false},"author":908,"featured_media":16410,"comment_status":"open","ping_status":"open","sticky":false,"template":"","format":"standard","meta":{"_jetpack_memberships_contains_paid_content":false,"footnotes":"","jetpack_publicize_message":"","jetpack_publicize_feature_enabled":true,"jetpack_social_post_already_shared":true,"jetpack_social_options":{"image_generator_settings":{"template":"highway","default_image_id":0,"font":"","enabled":false},"version":2}},"categories":[253],"tags":[],"class_list":["post-16574","post","type-post","status-publish","format-standard","has-post-thumbnail","hentry","category-gundem"],"jetpack_publicize_connections":[],"jetpack_featured_media_url":"https:\/\/kibrisayna.com\/wp-content\/uploads\/2025\/01\/gulbahar-son-scaled.jpg","jetpack_sharing_enabled":true,"_links":{"self":[{"href":"https:\/\/kibrisayna.com\/index.php\/wp-json\/wp\/v2\/posts\/16574","targetHints":{"allow":["GET"]}}],"collection":[{"href":"https:\/\/kibrisayna.com\/index.php\/wp-json\/wp\/v2\/posts"}],"about":[{"href":"https:\/\/kibrisayna.com\/index.php\/wp-json\/wp\/v2\/types\/post"}],"author":[{"embeddable":true,"href":"https:\/\/kibrisayna.com\/index.php\/wp-json\/wp\/v2\/users\/908"}],"replies":[{"embeddable":true,"href":"https:\/\/kibrisayna.com\/index.php\/wp-json\/wp\/v2\/comments?post=16574"}],"version-history":[{"count":0,"href":"https:\/\/kibrisayna.com\/index.php\/wp-json\/wp\/v2\/posts\/16574\/revisions"}],"wp:featuredmedia":[{"embeddable":true,"href":"https:\/\/kibrisayna.com\/index.php\/wp-json\/wp\/v2\/media\/16410"}],"wp:attachment":[{"href":"https:\/\/kibrisayna.com\/index.php\/wp-json\/wp\/v2\/media?parent=16574"}],"wp:term":[{"taxonomy":"category","embeddable":true,"href":"https:\/\/kibrisayna.com\/index.php\/wp-json\/wp\/v2\/categories?post=16574"},{"taxonomy":"post_tag","embeddable":true,"href":"https:\/\/kibrisayna.com\/index.php\/wp-json\/wp\/v2\/tags?post=16574"}],"curies":[{"name":"wp","href":"https:\/\/api.w.org\/{rel}","templated":true}]}}