{"id":16572,"date":"2025-01-15T12:03:20","date_gmt":"2025-01-15T09:03:20","guid":{"rendered":"https:\/\/kibrisayna.com\/index.php\/2025\/01\/15\/dr-kucuk-icin-ilk-toren-dr-fazil-kucuk-anitinda-yapildi-brtk\/"},"modified":"2025-01-15T12:03:20","modified_gmt":"2025-01-15T09:03:20","slug":"dr-kucuk-icin-ilk-toren-dr-fazil-kucuk-anitinda-yapildi-brtk","status":"publish","type":"post","link":"https:\/\/kibrisayna.com\/index.php\/2025\/01\/15\/dr-kucuk-icin-ilk-toren-dr-fazil-kucuk-anitinda-yapildi-brtk\/","title":{"rendered":"Dr. K\u00fc\u00e7\u00fck i\u00e7in ilk t\u00f6ren Dr. Faz\u0131l K\u00fc\u00e7\u00fck An\u0131t\u0131\u2019nda yap\u0131ld\u0131 \u2013 BRTK"},"content":{"rendered":"<p> <br \/>\n<\/p>\n<div>\n<div class=\"mariselle-image-container center\">\n                <img loading=\"lazy\" decoding=\"async\" width=\"1051\" height=\"480\" class=\"lazy-image\" alt=\"\" sizes=\"auto, (max-width: 1051px) 100vw, 1051px\" src=\"https:\/\/brtk.net\/wp-content\/uploads\/2025\/01\/15\/sssssssssssssssssssss.jpg?ver=7b9892f9ee1790c6852bad2c72e7db00\" srcset=\"https:\/\/brtk.net\/wp-content\/uploads\/2025\/01\/15\/sssssssssssssssssssss.jpg?ver=7b9892f9ee1790c6852bad2c72e7db00 1051w, https:\/\/brtk.net\/wp-content\/uploads\/2025\/01\/15\/sssssssssssssssssssss-300x137.jpg?ver=352439699b38a6494688d6ce5b565557 300w, https:\/\/brtk.net\/wp-content\/uploads\/2025\/01\/15\/sssssssssssssssssssss-1024x468.jpg?ver=352439699b38a6494688d6ce5b565557 1024w, https:\/\/brtk.net\/wp-content\/uploads\/2025\/01\/15\/sssssssssssssssssssss-768x351.jpg?ver=352439699b38a6494688d6ce5b565557 768w\"\/>                            <\/div>\n<p>\tK\u0131br\u0131s T\u00fcrk halk\u0131n\u0131n varolu\u015f ve \u00f6zg\u00fcrl\u00fck m\u00fccadelesi lideri Dr. Faz\u0131l K\u00fc\u00e7\u00fck, 41\u2019inci \u00f6l\u00fcm y\u0131l d\u00f6n\u00fcm\u00fcnde an\u0131l\u0131yor.<\/p>\n<p>\tDr. K\u00fc\u00e7\u00fck i\u00e7in ilk t\u00f6ren Dr. Faz\u0131l K\u00fc\u00e7\u00fck An\u0131t\u0131\u2019nda yap\u0131ld\u0131.<\/p>\n<p>\tSaat 10.26\u2019da protokol s\u0131ras\u0131na g\u00f6re \u00e7elenklerin An\u0131ta sunulmas\u0131yla ba\u015flayan t\u00f6rende, sayg\u0131 duru\u015funda bulunuldu, \u0130stiklal Mar\u015f\u0131 e\u015fli\u011finde bayraklar g\u00f6ndere \u00e7ekildi, ard\u0131ndan yar\u0131ya indirildi.<\/p>\n<p>\tT\u00f6ren, Cumhurba\u015fkan\u0131 Ersin Tatar\u2019\u0131n, An\u0131t \u00d6zel Defteri\u2019ni imzalamas\u0131 ve sonras\u0131nda yapt\u0131\u011f\u0131 konu\u015fmayla tamamland\u0131.<\/p>\n<p>\tDr. Faz\u0131l K\u00fc\u00e7\u00fck\u2019\u00fc Anma Program\u0131 ise Lefko\u015fa Atat\u00fcrk K\u00fclt\u00fcr Merkezi\u2019nde saat 11.15\u2019te yap\u0131lacak.<\/p>\n<\/p><\/div>\n<p><script async\n                    defer\n                    crossorigin=\"anonymous\"\n                    src=\"https:\/\/connect.facebook.net\/tr_TR\/sdk.js#xfbml=1&#038;version=v3.3\"\n            ><\/script><br \/>\n<br \/><br \/>\n<br \/><a href=\"https:\/\/brtk.net\/dr-kucuk-icin-ilk-toren-dr-fazil-kucuk-anitinda-yapildi\/\">Kaynak BRT <\/a><\/p>\n","protected":false},"excerpt":{"rendered":"<p>K\u0131br\u0131s T\u00fcrk halk\u0131n\u0131n varolu\u015f ve \u00f6zg\u00fcrl\u00fck m\u00fccadelesi lideri Dr. Faz\u0131l K\u00fc\u00e7\u00fck, 41\u2019inci \u00f6l\u00fcm y\u0131l d\u00f6n\u00fcm\u00fcnde an\u0131l\u0131yor. Dr. K\u00fc\u00e7\u00fck i\u00e7in ilk t\u00f6ren Dr. Faz\u0131l K\u00fc\u00e7\u00fck An\u0131t\u0131\u2019nda yap\u0131ld\u0131. Saat 10.26\u2019da protokol s\u0131ras\u0131na g\u00f6re \u00e7elenklerin An\u0131ta sunulmas\u0131yla ba\u015flayan t\u00f6rende, sayg\u0131 duru\u015funda bulunuldu, \u0130stiklal Mar\u015f\u0131 e\u015fli\u011finde bayraklar g\u00f6ndere \u00e7ekildi, ard\u0131ndan yar\u0131ya indirildi. T\u00f6ren, Cumhurba\u015fkan\u0131 Ersin Tatar\u2019\u0131n, An\u0131t \u00d6zel Defteri\u2019ni [&hellip;]<\/p>\n","protected":false},"author":908,"featured_media":16573,"comment_status":"open","ping_status":"open","sticky":false,"template":"","format":"standard","meta":{"_jetpack_memberships_contains_paid_content":false,"footnotes":"","jetpack_publicize_message":"","jetpack_publicize_feature_enabled":true,"jetpack_social_post_already_shared":true,"jetpack_social_options":{"image_generator_settings":{"template":"highway","default_image_id":0,"font":"","enabled":false},"version":2}},"categories":[253],"tags":[],"class_list":["post-16572","post","type-post","status-publish","format-standard","has-post-thumbnail","hentry","category-gundem"],"jetpack_publicize_connections":[],"jetpack_featured_media_url":"https:\/\/kibrisayna.com\/wp-content\/uploads\/2025\/01\/sssssssssssssssssssss.jpg","jetpack_sharing_enabled":true,"_links":{"self":[{"href":"https:\/\/kibrisayna.com\/index.php\/wp-json\/wp\/v2\/posts\/16572","targetHints":{"allow":["GET"]}}],"collection":[{"href":"https:\/\/kibrisayna.com\/index.php\/wp-json\/wp\/v2\/posts"}],"about":[{"href":"https:\/\/kibrisayna.com\/index.php\/wp-json\/wp\/v2\/types\/post"}],"author":[{"embeddable":true,"href":"https:\/\/kibrisayna.com\/index.php\/wp-json\/wp\/v2\/users\/908"}],"replies":[{"embeddable":true,"href":"https:\/\/kibrisayna.com\/index.php\/wp-json\/wp\/v2\/comments?post=16572"}],"version-history":[{"count":0,"href":"https:\/\/kibrisayna.com\/index.php\/wp-json\/wp\/v2\/posts\/16572\/revisions"}],"wp:featuredmedia":[{"embeddable":true,"href":"https:\/\/kibrisayna.com\/index.php\/wp-json\/wp\/v2\/media\/16573"}],"wp:attachment":[{"href":"https:\/\/kibrisayna.com\/index.php\/wp-json\/wp\/v2\/media?parent=16572"}],"wp:term":[{"taxonomy":"category","embeddable":true,"href":"https:\/\/kibrisayna.com\/index.php\/wp-json\/wp\/v2\/categories?post=16572"},{"taxonomy":"post_tag","embeddable":true,"href":"https:\/\/kibrisayna.com\/index.php\/wp-json\/wp\/v2\/tags?post=16572"}],"curies":[{"name":"wp","href":"https:\/\/api.w.org\/{rel}","templated":true}]}}