{"id":16569,"date":"2025-01-15T11:57:41","date_gmt":"2025-01-15T08:57:41","guid":{"rendered":"https:\/\/kibrisayna.com\/index.php\/2025\/01\/15\/elektrik-akimina-kapilan-42-yasindaki-halit-celiksu-hayatini-kaybetti-brtk\/"},"modified":"2025-01-15T11:57:41","modified_gmt":"2025-01-15T08:57:41","slug":"elektrik-akimina-kapilan-42-yasindaki-halit-celiksu-hayatini-kaybetti-brtk","status":"publish","type":"post","link":"https:\/\/kibrisayna.com\/index.php\/2025\/01\/15\/elektrik-akimina-kapilan-42-yasindaki-halit-celiksu-hayatini-kaybetti-brtk\/","title":{"rendered":"Elektrik ak\u0131m\u0131na kap\u0131lan 42 ya\u015f\u0131ndaki Halit \u00c7eliksu hayat\u0131n\u0131 kaybetti \u2013 BRTK"},"content":{"rendered":"<p> <br \/>\n<\/p>\n<div>\n<div class=\"mariselle-image-container center\">\n                <img loading=\"lazy\" decoding=\"async\" width=\"460\" height=\"276\" class=\"lazy-image\" alt=\"\" sizes=\"auto, (max-width: 460px) 100vw, 460px\" src=\"https:\/\/brtk.net\/wp-content\/uploads\/2024\/09\/10\/olum32.jpg?ver=7618223835c1a8ecfc680b8d6a6498c3\" srcset=\"https:\/\/brtk.net\/wp-content\/uploads\/2024\/09\/10\/olum32.jpg?ver=7618223835c1a8ecfc680b8d6a6498c3 460w, https:\/\/brtk.net\/wp-content\/uploads\/2024\/09\/10\/olum32-300x180.jpg?ver=9a5b50168af6332c4e8c2c149fa61d48 300w\"\/>                            <\/div>\n<p>Ge\u00e7itk\u00f6y Baraj\u0131 Pompa \u0130stasyonu\u2019nda \u00e7al\u0131\u015fan 42 ya\u015f\u0131ndaki Halit \u00c7eliksu, bak\u0131m i\u015fi yapt\u0131\u011f\u0131 s\u0131rada elektrik ak\u0131m\u0131na kap\u0131larak ya\u015fam\u0131n\u0131 yitirdi. <\/p>\n<p>Polis Bas\u0131n Subayl\u0131\u011f\u0131ndan verilen bilgiye g\u00f6re, d\u00fcn Ge\u00e7itk\u00f6y Baraj\u0131 Pompa \u0130stasyonu i\u00e7erisinde \u00e7al\u0131\u015fan 42 ya\u015f\u0131ndaki \u00c7eliksu, bak\u0131m i\u015fi yapt\u0131\u011f\u0131 s\u0131rada muhtemelen elektrik ak\u0131m\u0131na kap\u0131larak yaraland\u0131. \u00c7eliksu, ambulans ile kald\u0131r\u0131ld\u0131\u011f\u0131 Lefko\u015fa Dr. Burhan Nalbanto\u011flu Devlet Hastanesi\u2019nde, yap\u0131lan t\u00fcm m\u00fcdahalelere ra\u011fmen kurtar\u0131lamayarak hayat\u0131n\u0131 kaybetti. \u00c7eliksu\u2019nun \u00f6l\u00fcm sebebi yap\u0131lacak otopsi ard\u0131ndan belirlenecek. <\/p>\n<p><strong>-Arshad Khan\u2019\u0131n \u00f6l\u00fcm sebebi \u201cKalp krizi ve kalp yetmezli\u011fi\u201d <\/strong><\/p>\n<p>\u00d6te yandan Cihangir\u2019de 12 Ocak\u2019ta kald\u0131\u011f\u0131 lojmanda \u00f6l\u00fc bulunan 38 ya\u015f\u0131ndaki Arshad Khan\u2019a yap\u0131lan otopside \u00f6l\u00fcm sebebi \u201ckalp krizi ve kalp yetmezli\u011fi\u201d olarak belirlendi.<\/p>\n<p>Olaylar hakk\u0131ndaki polis soru\u015fturmas\u0131 devam ediyor.<\/p>\n<\/p><\/div>\n<p><script async\n                    defer\n                    crossorigin=\"anonymous\"\n                    src=\"https:\/\/connect.facebook.net\/tr_TR\/sdk.js#xfbml=1&#038;version=v3.3\"\n            ><\/script><br \/>\n<br \/><br \/>\n<br \/><a href=\"https:\/\/brtk.net\/elektrik-akimina-kapilan-42-yasindaki-halit-celiksu-hayatini-kaybetti\/\">Kaynak BRT <\/a><\/p>\n","protected":false},"excerpt":{"rendered":"<p>Ge\u00e7itk\u00f6y Baraj\u0131 Pompa \u0130stasyonu\u2019nda \u00e7al\u0131\u015fan 42 ya\u015f\u0131ndaki Halit \u00c7eliksu, bak\u0131m i\u015fi yapt\u0131\u011f\u0131 s\u0131rada elektrik ak\u0131m\u0131na kap\u0131larak ya\u015fam\u0131n\u0131 yitirdi. Polis Bas\u0131n Subayl\u0131\u011f\u0131ndan verilen bilgiye g\u00f6re, d\u00fcn Ge\u00e7itk\u00f6y Baraj\u0131 Pompa \u0130stasyonu i\u00e7erisinde \u00e7al\u0131\u015fan 42 ya\u015f\u0131ndaki \u00c7eliksu, bak\u0131m i\u015fi yapt\u0131\u011f\u0131 s\u0131rada muhtemelen elektrik ak\u0131m\u0131na kap\u0131larak yaraland\u0131. \u00c7eliksu, ambulans ile kald\u0131r\u0131ld\u0131\u011f\u0131 Lefko\u015fa Dr. Burhan Nalbanto\u011flu Devlet Hastanesi\u2019nde, yap\u0131lan t\u00fcm [&hellip;]<\/p>\n","protected":false},"author":908,"featured_media":12724,"comment_status":"open","ping_status":"open","sticky":false,"template":"","format":"standard","meta":{"_jetpack_memberships_contains_paid_content":false,"footnotes":"","jetpack_publicize_message":"","jetpack_publicize_feature_enabled":true,"jetpack_social_post_already_shared":true,"jetpack_social_options":{"image_generator_settings":{"template":"highway","default_image_id":0,"font":"","enabled":false},"version":2}},"categories":[253],"tags":[],"class_list":["post-16569","post","type-post","status-publish","format-standard","has-post-thumbnail","hentry","category-gundem"],"jetpack_publicize_connections":[],"jetpack_featured_media_url":"https:\/\/kibrisayna.com\/wp-content\/uploads\/2024\/12\/olum325.jpg","jetpack_sharing_enabled":true,"_links":{"self":[{"href":"https:\/\/kibrisayna.com\/index.php\/wp-json\/wp\/v2\/posts\/16569","targetHints":{"allow":["GET"]}}],"collection":[{"href":"https:\/\/kibrisayna.com\/index.php\/wp-json\/wp\/v2\/posts"}],"about":[{"href":"https:\/\/kibrisayna.com\/index.php\/wp-json\/wp\/v2\/types\/post"}],"author":[{"embeddable":true,"href":"https:\/\/kibrisayna.com\/index.php\/wp-json\/wp\/v2\/users\/908"}],"replies":[{"embeddable":true,"href":"https:\/\/kibrisayna.com\/index.php\/wp-json\/wp\/v2\/comments?post=16569"}],"version-history":[{"count":0,"href":"https:\/\/kibrisayna.com\/index.php\/wp-json\/wp\/v2\/posts\/16569\/revisions"}],"wp:featuredmedia":[{"embeddable":true,"href":"https:\/\/kibrisayna.com\/index.php\/wp-json\/wp\/v2\/media\/12724"}],"wp:attachment":[{"href":"https:\/\/kibrisayna.com\/index.php\/wp-json\/wp\/v2\/media?parent=16569"}],"wp:term":[{"taxonomy":"category","embeddable":true,"href":"https:\/\/kibrisayna.com\/index.php\/wp-json\/wp\/v2\/categories?post=16569"},{"taxonomy":"post_tag","embeddable":true,"href":"https:\/\/kibrisayna.com\/index.php\/wp-json\/wp\/v2\/tags?post=16569"}],"curies":[{"name":"wp","href":"https:\/\/api.w.org\/{rel}","templated":true}]}}