{"id":16517,"date":"2025-01-14T19:09:35","date_gmt":"2025-01-14T16:09:35","guid":{"rendered":"https:\/\/kibrisayna.com\/index.php\/2025\/01\/14\/meclis-baskani-ozturkler-tbmm-guvenlik-ve-istihbarat-komisyonu-heyetini-kabul-etti-brtk\/"},"modified":"2025-01-14T19:09:35","modified_gmt":"2025-01-14T16:09:35","slug":"meclis-baskani-ozturkler-tbmm-guvenlik-ve-istihbarat-komisyonu-heyetini-kabul-etti-brtk","status":"publish","type":"post","link":"https:\/\/kibrisayna.com\/index.php\/2025\/01\/14\/meclis-baskani-ozturkler-tbmm-guvenlik-ve-istihbarat-komisyonu-heyetini-kabul-etti-brtk\/","title":{"rendered":"Meclis Ba\u015fkan\u0131 \u00d6zt\u00fcrkler, TBMM G\u00fcvenlik ve \u0130stihbarat Komisyonu heyetini kabul etti \u2013 BRTK"},"content":{"rendered":"<p> <br \/>\n<\/p>\n<div>\n<div class=\"mariselle-image-container none\">\n                <img loading=\"lazy\" decoding=\"async\" width=\"930\" height=\"470\" class=\"lazy-image\" alt=\"\" sizes=\"auto, (max-width: 930px) 100vw, 930px\" src=\"https:\/\/brtk.net\/wp-content\/uploads\/2025\/01\/14\/OZTURKLER-KABUL-2.jpg?ver=ccc5e699068c65a4c18ccfb41b22a65b\" srcset=\"https:\/\/brtk.net\/wp-content\/uploads\/2025\/01\/14\/OZTURKLER-KABUL-2.jpg?ver=ccc5e699068c65a4c18ccfb41b22a65b 930w, https:\/\/brtk.net\/wp-content\/uploads\/2025\/01\/14\/OZTURKLER-KABUL-2-300x152.jpg?ver=7d18e03aa8a87445394f971177c88aa0 300w, https:\/\/brtk.net\/wp-content\/uploads\/2025\/01\/14\/OZTURKLER-KABUL-2-768x388.jpg?ver=7d18e03aa8a87445394f971177c88aa0 768w\"\/>                            <\/div>\n<p>Cumhuriyet Meclisi Ba\u015fkan\u0131 Ziya \u00d6zt\u00fcrkler, KKTC\u2019de temaslarda bulunan T\u00fcrkiye B\u00fcy\u00fck Millet Meclisi (TBMM) G\u00fcvenlik ve \u0130stihbarat Komisyonu Ba\u015fkan\u0131 Veysal Tipio\u011flu ve beraberindeki heyeti kabul etti.<\/p>\n<p>Meclis \u015eeref Salonu\u2019ndaki kabulde, TBMM G\u00fcvenlik ve \u0130stihbarat Komisyonu \u00fcyeleri ile Meclis Hukuk Siyasi \u0130\u015fler ve D\u0131\u015fili\u015fkiler Komitesi Ba\u015fkan\u0131 Yasemi \u00d6zt\u00fcrk ve komite \u00fcyeleri de haz\u0131r bulundu.<\/p>\n<p>Konuk heyet, kabul\u00fcn ard\u0131ndan izleyici locas\u0131ndan bir s\u00fcre Meclis Genel Kurulu toplant\u0131s\u0131n\u0131 takip etti. Meclis Ba\u015fkan\u0131 \u00d6zt\u00fcrkler heyeti anons ederek \u201cHo\u015f geldiniz\u201d dedi.<\/p>\n<p>Meclis Ba\u015fkan\u0131 Ziya \u00d6zt\u00fcrkler kabulde yapt\u0131\u011f\u0131 konu\u015fmada, Anavatan T\u00fcrkiye\u2019nin her zaman yanlar\u0131nda oldu\u011funun aktar\u0131lmas\u0131n\u0131n \u00f6nemini ifade etti.<\/p>\n<p>\u00d6zt\u00fcrkler,\u00a0TBMM G\u00fcvenlik ve \u0130stihbarat Komisyonu\u2019nun T\u00fcrkiye Cumhuriyeti\u2019nin \u00f6nemli komisyonlar\u0131ndan biri oldu\u011funu belirtti.<\/p>\n<p>\u201cBug\u00fcn bakt\u0131\u011f\u0131m\u0131zda \u00f6nemli bir d\u00f6nemden ge\u00e7iyoruz.\u201d diyen \u00d6zt\u00fcrkler; Ortado\u011fu\u2019da, Suriye\u2019de ve Gazze\u2019de ya\u015fanan s\u00fcre\u00e7lere de\u011findi.<\/p>\n<p>K\u0131br\u0131s sorununun milli bir dava oldu\u011funu kaydeden \u00d6zt\u00fcrkler, \u201cBug\u00fcn bakt\u0131\u011f\u0131m\u0131zda Do\u011fu Akdeniz\u2019de hem g\u00fcvenlik hem enerji hem de siyasi noktada garant\u00f6r devletimiz olan T\u00fcrkiye Cumhuriyeti ile kurulacak stratejik ad\u0131mlar ve i\u015f birlikleri bizler i\u00e7in hayati\u00a0\u00f6ne arz etmektedir.\u201d diye konu\u015ftu.<\/p>\n<p>G\u00fcney K\u0131br\u0131s y\u00f6netiminin \u00f6zellikle son zamanlarda askeri anlamda ve silahlanma noktas\u0131nda yapt\u0131\u011f\u0131 giri\u015fimlere de\u011finen \u00d6zt\u00fcrkler, T\u00fcrkiye Cumhuriyeti\u2019nin de ortaya koyaca\u011f\u0131 stratejik ad\u0131mlar\u0131 ve bu ba\u011flamda yap\u0131lacak \u00e7al\u0131\u015fmalar\u0131 \u00f6nemsediklerini ifade etti.<\/p>\n<p>\u2013 Tipio\u011flu: \u201cK\u0131br\u0131s davas\u0131, 86 milyonun milli davas\u0131d\u0131r\u201d<\/p>\n<p>TBMM G\u00fcvenlik ve \u0130stihbarat Komisyonu Ba\u015fkan\u0131 Veysal Tipio\u011flu da, konukseverliklerinden dolay\u0131 te\u015fekk\u00fcr ederek s\u00f6zlerine ba\u015flad\u0131.<\/p>\n<p>Komisyon olarak ilk yurt d\u0131\u015f\u0131 ziyaretlerini KKTC\u2019ye yapt\u0131klar\u0131n\u0131 belirten Tipio\u011flu, Meclis Ba\u015fkan\u0131 Ziya \u00d6zt\u00fcrkler\u2019e g\u00f6revinde ba\u015far\u0131lar dileyerek tebriklerini ifade etti.<\/p>\n<p>Yap\u0131m\u0131 devam eden yeni meclis binas\u0131n\u0131n hay\u0131rl\u0131 olmas\u0131n\u0131 dileyen Tipio\u011flu, \u201cT\u00fcrk milleti i\u00e7in, ba\u015fta Cumhurba\u015fkan\u0131m\u0131z Recep Tayyip Erdo\u011fan olmak \u00fczere 86 milyon ve b\u00fct\u00fcn kurumlar\u0131m\u0131z\u0131n K\u0131br\u0131s davas\u0131, milli davas\u0131d\u0131r.\u201d dedi.<\/p>\n<p>Tipio\u011flu, her hal ve \u015fartta Kuzey K\u0131br\u0131s T\u00fcrk Cumhuriyeti ve K\u0131br\u0131s T\u00fcrk halk\u0131n\u0131n yan\u0131nda olduklar\u0131n\u0131 ve bundan sonra da olmaya devam edeceklerini kaydetti.<\/p>\n<p>K\u0131br\u0131s T\u00fcrk halk\u0131n\u0131n T\u00fcrkiye Cumhuriyeti\u2019nin her zaman \u00f6nceli\u011fi olmaya devam edece\u011fini belirten Tipio\u011flu, \u201cBurada iki devletli \u00e7\u00f6z\u00fcm\u00fcn uygun olaca\u011f\u0131n\u0131, bunun desteklenmesi gerekti\u011fi noktas\u0131nda T\u00fcrkiye Cumhuriyeti devletinin kanaati var. Biz bunu destekliyoruz. K\u0131br\u0131s\u2019\u0131n g\u00fcvenli\u011fi ve huzuruyla ilgili at\u0131lmas\u0131 gereken her t\u00fcrl\u00fc ad\u0131mda KKTC\u2019nin yan\u0131nda olduk ve olmaya da devam edece\u011fiz.\u201d ifadelerini kulland\u0131.<\/p>\n<p>Her alanda ili\u015fkilerin gittik\u00e7e geli\u015fmesinin kendilerini mutlu etti\u011fini dile getiren Tipio\u011flu, K\u0131br\u0131s davas\u0131n\u0131n T\u00fcrk milletinin milli meselesi oldu\u011funu, her zaman KKTC\u2019nin ve K\u0131br\u0131s T\u00fcrk halk\u0131n\u0131n yan\u0131nda olmaya devam edeceklerini ifade etti.<\/p>\n<\/p><\/div>\n<p><script async\n                    defer\n                    crossorigin=\"anonymous\"\n                    src=\"https:\/\/connect.facebook.net\/tr_TR\/sdk.js#xfbml=1&#038;version=v3.3\"\n            ><\/script><br \/>\n<br \/><br \/>\n<br \/><a href=\"https:\/\/brtk.net\/meclis-baskani-ozturkler-tbmm-guvenlik-ve-istihbarat-komisyonu-heyetini-kabul-etti\/\">Kaynak BRT <\/a><\/p>\n","protected":false},"excerpt":{"rendered":"<p>Cumhuriyet Meclisi Ba\u015fkan\u0131 Ziya \u00d6zt\u00fcrkler, KKTC\u2019de temaslarda bulunan T\u00fcrkiye B\u00fcy\u00fck Millet Meclisi (TBMM) G\u00fcvenlik ve \u0130stihbarat Komisyonu Ba\u015fkan\u0131 Veysal Tipio\u011flu ve beraberindeki heyeti kabul etti. Meclis \u015eeref Salonu\u2019ndaki kabulde, TBMM G\u00fcvenlik ve \u0130stihbarat Komisyonu \u00fcyeleri ile Meclis Hukuk Siyasi \u0130\u015fler ve D\u0131\u015fili\u015fkiler Komitesi Ba\u015fkan\u0131 Yasemi \u00d6zt\u00fcrk ve komite \u00fcyeleri de haz\u0131r bulundu. Konuk heyet, kabul\u00fcn [&hellip;]<\/p>\n","protected":false},"author":908,"featured_media":16518,"comment_status":"open","ping_status":"open","sticky":false,"template":"","format":"standard","meta":{"_jetpack_memberships_contains_paid_content":false,"footnotes":"","jetpack_publicize_message":"","jetpack_publicize_feature_enabled":true,"jetpack_social_post_already_shared":true,"jetpack_social_options":{"image_generator_settings":{"template":"highway","default_image_id":0,"font":"","enabled":false},"version":2}},"categories":[253],"tags":[],"class_list":["post-16517","post","type-post","status-publish","format-standard","has-post-thumbnail","hentry","category-gundem"],"jetpack_publicize_connections":[],"jetpack_featured_media_url":"https:\/\/kibrisayna.com\/wp-content\/uploads\/2025\/01\/OZTURKLER-KABUL-2.jpg","jetpack_sharing_enabled":true,"_links":{"self":[{"href":"https:\/\/kibrisayna.com\/index.php\/wp-json\/wp\/v2\/posts\/16517","targetHints":{"allow":["GET"]}}],"collection":[{"href":"https:\/\/kibrisayna.com\/index.php\/wp-json\/wp\/v2\/posts"}],"about":[{"href":"https:\/\/kibrisayna.com\/index.php\/wp-json\/wp\/v2\/types\/post"}],"author":[{"embeddable":true,"href":"https:\/\/kibrisayna.com\/index.php\/wp-json\/wp\/v2\/users\/908"}],"replies":[{"embeddable":true,"href":"https:\/\/kibrisayna.com\/index.php\/wp-json\/wp\/v2\/comments?post=16517"}],"version-history":[{"count":0,"href":"https:\/\/kibrisayna.com\/index.php\/wp-json\/wp\/v2\/posts\/16517\/revisions"}],"wp:featuredmedia":[{"embeddable":true,"href":"https:\/\/kibrisayna.com\/index.php\/wp-json\/wp\/v2\/media\/16518"}],"wp:attachment":[{"href":"https:\/\/kibrisayna.com\/index.php\/wp-json\/wp\/v2\/media?parent=16517"}],"wp:term":[{"taxonomy":"category","embeddable":true,"href":"https:\/\/kibrisayna.com\/index.php\/wp-json\/wp\/v2\/categories?post=16517"},{"taxonomy":"post_tag","embeddable":true,"href":"https:\/\/kibrisayna.com\/index.php\/wp-json\/wp\/v2\/tags?post=16517"}],"curies":[{"name":"wp","href":"https:\/\/api.w.org\/{rel}","templated":true}]}}