{"id":16509,"date":"2025-01-14T17:27:56","date_gmt":"2025-01-14T14:27:56","guid":{"rendered":"https:\/\/kibrisayna.com\/index.php\/2025\/01\/14\/kucuk-kibris-turk-tarihinin-en-onemli-sahsiyetlerinden-biri-varolus-ve-ozgurluk-mucadelesinin-lideridir-brtk\/"},"modified":"2025-01-14T17:27:56","modified_gmt":"2025-01-14T14:27:56","slug":"kucuk-kibris-turk-tarihinin-en-onemli-sahsiyetlerinden-biri-varolus-ve-ozgurluk-mucadelesinin-lideridir-brtk","status":"publish","type":"post","link":"https:\/\/kibrisayna.com\/index.php\/2025\/01\/14\/kucuk-kibris-turk-tarihinin-en-onemli-sahsiyetlerinden-biri-varolus-ve-ozgurluk-mucadelesinin-lideridir-brtk\/","title":{"rendered":"K\u00fc\u00e7\u00fck, K\u0131br\u0131s T\u00fcrk tarihinin en \u00f6nemli \u015fahsiyetlerinden biri, varolu\u015f ve \u00f6zg\u00fcrl\u00fck m\u00fccadelesinin lideridir \u2013 BRTK"},"content":{"rendered":"<p> <br \/>\n<\/p>\n<div>\n<div class=\"mariselle-image-container none\">\n                <img loading=\"lazy\" decoding=\"async\" width=\"1000\" height=\"541\" class=\"lazy-image\" alt=\"\" sizes=\"auto, (max-width: 1000px) 100vw, 1000px\" src=\"https:\/\/brtk.net\/wp-content\/uploads\/2025\/01\/14\/eroglu.jpg?ver=d08de247b3d26687a262e37fe4819cd5\" srcset=\"https:\/\/brtk.net\/wp-content\/uploads\/2025\/01\/14\/eroglu.jpg?ver=d08de247b3d26687a262e37fe4819cd5 1000w, https:\/\/brtk.net\/wp-content\/uploads\/2025\/01\/14\/eroglu-300x162.jpg?ver=d08de247b3d26687a262e37fe4819cd5 300w, https:\/\/brtk.net\/wp-content\/uploads\/2025\/01\/14\/eroglu-768x415.jpg?ver=d08de247b3d26687a262e37fe4819cd5 768w\"\/>                            <\/div>\n<p style=\"font-weight: 300;\"><span style=\"font-weight: 300 !important;\">3\u2019\u00fcnc\u00fc Cumhurba\u015fkan\u0131 Dervi\u015f Ero\u011flu,\u00a0<\/span><span style=\"font-weight: 300 !important;\">Dr. Faz\u0131l K\u00fc\u00e7\u00fck\u2019\u00fcn, K\u0131br\u0131s T\u00fcrk tarihinin en \u00f6nemli \u015fahsiyetlerinden biri, halk\u0131 milli dava etraf\u0131nda birle\u015ftiren varolu\u015f\u00a0 ve \u00f6zg\u00fcrl\u00fck m\u00fccadelesinin lideri oldu\u011funa i\u015faret etti.<\/span><\/p>\n<p style=\"font-weight: 300;\"><span style=\"font-weight: 300 !important;\">Ero\u011flu, K\u0131br\u0131s T\u00fcrk halk\u0131n\u0131n \u00f6zg\u00fcrl\u00fck ve varolu\u015f m\u00fccadelesinin lideri Dr. Faz\u0131l K\u00fc\u00e7\u00fck\u2019\u00fcn 41\u2019inci \u00f6l\u00fcm y\u0131ld\u00f6n\u00fcm\u00fc dolay\u0131s\u0131yla mesaj yay\u0131mlad\u0131.<\/span><\/p>\n<p style=\"font-weight: 300;\">Mesaj\u0131nda, K\u00fc\u00e7\u00fck\u2019\u00fcn\u00a0<span style=\"font-weight: 300 !important;\">\u00a0Kanl\u0131 Noel sald\u0131r\u0131lar\u0131 s\u0131ras\u0131nda ve sonras\u0131nda toplumun birlik, beraberlik i\u00e7inde kalmas\u0131n\u0131 sa\u011flayan, siyasi ve askeri alanda m\u00fccadeleyi \u00f6rg\u00fctleyen ki\u015fi\u00a0<\/span><span style=\"font-weight: 300 !important;\">oldu\u011funu ifade eden Ero\u011flu,\u00a0<\/span><span style=\"font-weight: 300 !important;\">\u201cO, \u0130ngiliz s\u00f6m\u00fcrge d\u00f6neminden ba\u015flayarak, K\u0131br\u0131s\u2019taki hak ve hukuk m\u00fccadelemizin kalemi, sesi, solu\u011fu olmu\u015ftur.\u201d ifadelerini kulland\u0131.<\/span><\/p>\n<p style=\"font-weight: 300;\">Ero\u011flu, mesaj\u0131n\u0131n devam\u0131nda \u015fu ifadelere yer verdi:<br \/>\u201cHalk\u0131m\u0131z, \u0130ngiliz s\u00f6m\u00fcrge y\u00f6netiminin Evkaf\u2019\u0131 ele ge\u00e7irmesi kar\u015f\u0131s\u0131nda, onun giri\u015fimleri ile direndi, kazand\u0131, Evkaf onun sayesinde tekrar K\u0131br\u0131s T\u00fcrk\u00fc\u2019n\u00fcn idaresine girdi. Dr. K\u00fc\u00e7\u00fck, 1958-1959 Londra-Z\u00fcrih anla\u015fmalar\u0131nda T\u00fcrk heyetinin ba\u015f\u0131nda yer ald\u0131 ve 1960\u2019ta kurulan ortakl\u0131k devletinde Cumhurba\u015fkan\u0131 Muavini olarak g\u00f6rev yapt\u0131.<\/p>\n<p style=\"font-weight: 300;\">Rum liderli\u011finin, K\u0131br\u0131s T\u00fcrk\u00fc\u2019n\u00fcn kurulan ortakl\u0131k devletinde etkisiz hale getirmek i\u00e7in ortaya koydu\u011fu 13 maddelik anayasa de\u011fi\u015fikli\u011fini uygulamaya koyamamas\u0131 i\u00e7in \u00e7ok direndi, bunlar\u0131n Anayasa Mahkemesi\u2019nde reddedilmesinde de ba\u015far\u0131l\u0131 oldu ama Rumlar\u0131n, 1963\u2019te silahl\u0131 sald\u0131r\u0131lar\u0131 ile bu emellerini ger\u00e7ekle\u015ftirme h\u0131rslar\u0131na dur diyemedi.\u201d<\/p>\n<p style=\"font-weight: 300;\">1963\u2019teki Kanl\u0131 Noel sald\u0131r\u0131lar\u0131 s\u0131ras\u0131nda ve sonras\u0131nda toplumun birlik ve beraberlik i\u00e7inde kalmas\u0131n\u0131 sa\u011flayan, siyasi ve askeri alanda m\u00fccadeleyi \u00f6rg\u00fctleyen ki\u015finin yine Dr. K\u00fc\u00e7\u00fck oldu\u011funu ifade eden Ero\u011flu, K\u00fc\u00e7\u00fck\u2019\u00fcn 1967\u2019de Ge\u00e7ici K\u0131br\u0131s T\u00fcrk Y\u00f6netimi\u2019nin, 1968\u2019de ise K\u0131br\u0131s T\u00fcrk Y\u00f6netimi\u2019nin ba\u015fkanl\u0131\u011f\u0131n\u0131 \u00fcstlendi\u011fini ve K\u0131br\u0131s T\u00fcrk halk\u0131n\u0131n kendi kendini idare etme iradesini ilan etti\u011fini hat\u0131rlatt\u0131.<\/p>\n<p style=\"font-weight: 300;\">Dr. K\u00fc\u00e7\u00fck\u2019\u00fcn, ya\u015fam\u0131 boyunca halk\u0131n\u0131n yan\u0131nda oldu\u011funu ve halk\u0131n\u0131 d\u00fc\u015f\u00fcnd\u00fc\u011f\u00fcn\u00fc belirten Ero\u011flu, \u201c15 Kas\u0131m 1983\u2019te Kuzey K\u0131br\u0131s T\u00fcrk Cumhuriyeti kurulurken kendisiyle sohbet etme f\u0131rsat\u0131 buldum. Hasta haliyle dahi ne kadar mutlu oldu\u011funu kendi a\u011fz\u0131ndan dinleme \u015fans\u0131na sahip oldum. Halk\u0131m\u0131za ve \u00f6zellikle gen\u00e7lerimize d\u00fc\u015fen g\u00f6rev, Dr. Faz\u0131l K\u00fc\u00e7\u00fck ve arkada\u015flar\u0131n\u0131n verdikleri m\u00fccadeleyi \u00f6\u011frenmek, bundan, gelecek ad\u0131na dersler \u00e7\u0131karmakt\u0131r.\u201d dedi.<\/p>\n<p style=\"font-weight: 300;\">\u2013 \u201cBir devletimiz vard\u0131r ve onu ya\u015fatmak, y\u00fcceltmek Dr. K\u00fc\u00e7\u00fck ile onun yolundan y\u00fcr\u00fcyenlere borcumuzdur\u201d<\/p>\n<p style=\"font-weight: 300;\">K\u0131br\u0131s T\u00fcrk halk\u0131n\u0131n bug\u00fcn\u00fc ve yar\u0131nlar\u0131 i\u00e7in uyan\u0131k ve dirayetli olmas\u0131 gerekti\u011finin alt\u0131n\u0131 \u00e7izen Ero\u011flu, \u015f\u00f6yle devam etti:<\/p>\n<p style=\"font-weight: 300;\">\u201cB\u00f6lgemizdeki geli\u015fmeler, Kuzey K\u0131br\u0131s T\u00fcrk Cumhuriyeti\u2019nin kurulu\u015funun ve ba\u011f\u0131ms\u0131zl\u0131k ilan\u0131m\u0131z\u0131n ne denli do\u011fru bir ad\u0131m oldu\u011funu bir kez daha kan\u0131tlamaktad\u0131r.<\/p>\n<p style=\"font-weight: 300;\">Bir devletimiz vard\u0131r ve onu ya\u015fatmak, y\u00fcceltmek; Dr. K\u00fc\u00e7\u00fck ve onun yolundan y\u00fcr\u00fcyenlere borcumuzdur. Liderimiz Dr. Faz\u0131l K\u00fc\u00e7\u00fck\u2019\u00fc, 41\u2019inci \u00f6l\u00fcm y\u0131ld\u00f6n\u00fcm\u00fcnde rahmetle anar; hat\u0131ras\u0131 ve m\u00fccadelesi \u00f6n\u00fcnde sayg\u0131 ile e\u011filirim.\u201d<\/p>\n<p>\u00a0<\/p>\n<\/p><\/div>\n<p><script async\n                    defer\n                    crossorigin=\"anonymous\"\n                    src=\"https:\/\/connect.facebook.net\/tr_TR\/sdk.js#xfbml=1&#038;version=v3.3\"\n            ><\/script><br \/>\n<br \/><br \/>\n<br \/><a href=\"https:\/\/brtk.net\/eroglu-kucuk-kibris-turk-tarihinin-en-onemli-sahsiyetlerinden-biri-varolus-ve-ozgurluk-mucadelesinin-lideridir\/\">Kaynak BRT <\/a><\/p>\n","protected":false},"excerpt":{"rendered":"<p>3\u2019\u00fcnc\u00fc Cumhurba\u015fkan\u0131 Dervi\u015f Ero\u011flu,\u00a0Dr. Faz\u0131l K\u00fc\u00e7\u00fck\u2019\u00fcn, K\u0131br\u0131s T\u00fcrk tarihinin en \u00f6nemli \u015fahsiyetlerinden biri, halk\u0131 milli dava etraf\u0131nda birle\u015ftiren varolu\u015f\u00a0 ve \u00f6zg\u00fcrl\u00fck m\u00fccadelesinin lideri oldu\u011funa i\u015faret etti. Ero\u011flu, K\u0131br\u0131s T\u00fcrk halk\u0131n\u0131n \u00f6zg\u00fcrl\u00fck ve varolu\u015f m\u00fccadelesinin lideri Dr. Faz\u0131l K\u00fc\u00e7\u00fck\u2019\u00fcn 41\u2019inci \u00f6l\u00fcm y\u0131ld\u00f6n\u00fcm\u00fc dolay\u0131s\u0131yla mesaj yay\u0131mlad\u0131. Mesaj\u0131nda, K\u00fc\u00e7\u00fck\u2019\u00fcn\u00a0\u00a0Kanl\u0131 Noel sald\u0131r\u0131lar\u0131 s\u0131ras\u0131nda ve sonras\u0131nda toplumun birlik, beraberlik i\u00e7inde [&hellip;]<\/p>\n","protected":false},"author":908,"featured_media":16510,"comment_status":"open","ping_status":"open","sticky":false,"template":"","format":"standard","meta":{"_jetpack_memberships_contains_paid_content":false,"footnotes":"","jetpack_publicize_message":"","jetpack_publicize_feature_enabled":true,"jetpack_social_post_already_shared":true,"jetpack_social_options":{"image_generator_settings":{"template":"highway","default_image_id":0,"font":"","enabled":false},"version":2}},"categories":[253],"tags":[],"class_list":["post-16509","post","type-post","status-publish","format-standard","has-post-thumbnail","hentry","category-gundem"],"jetpack_publicize_connections":[],"jetpack_featured_media_url":"https:\/\/kibrisayna.com\/wp-content\/uploads\/2025\/01\/eroglu.jpg","jetpack_sharing_enabled":true,"_links":{"self":[{"href":"https:\/\/kibrisayna.com\/index.php\/wp-json\/wp\/v2\/posts\/16509","targetHints":{"allow":["GET"]}}],"collection":[{"href":"https:\/\/kibrisayna.com\/index.php\/wp-json\/wp\/v2\/posts"}],"about":[{"href":"https:\/\/kibrisayna.com\/index.php\/wp-json\/wp\/v2\/types\/post"}],"author":[{"embeddable":true,"href":"https:\/\/kibrisayna.com\/index.php\/wp-json\/wp\/v2\/users\/908"}],"replies":[{"embeddable":true,"href":"https:\/\/kibrisayna.com\/index.php\/wp-json\/wp\/v2\/comments?post=16509"}],"version-history":[{"count":0,"href":"https:\/\/kibrisayna.com\/index.php\/wp-json\/wp\/v2\/posts\/16509\/revisions"}],"wp:featuredmedia":[{"embeddable":true,"href":"https:\/\/kibrisayna.com\/index.php\/wp-json\/wp\/v2\/media\/16510"}],"wp:attachment":[{"href":"https:\/\/kibrisayna.com\/index.php\/wp-json\/wp\/v2\/media?parent=16509"}],"wp:term":[{"taxonomy":"category","embeddable":true,"href":"https:\/\/kibrisayna.com\/index.php\/wp-json\/wp\/v2\/categories?post=16509"},{"taxonomy":"post_tag","embeddable":true,"href":"https:\/\/kibrisayna.com\/index.php\/wp-json\/wp\/v2\/tags?post=16509"}],"curies":[{"name":"wp","href":"https:\/\/api.w.org\/{rel}","templated":true}]}}