{"id":16507,"date":"2025-01-14T17:26:45","date_gmt":"2025-01-14T14:26:45","guid":{"rendered":"https:\/\/kibrisayna.com\/index.php\/2025\/01\/14\/cumhurbaskani-tatar-kktc-turk-devletleri-teskilati-dernegi-yonetimini-kabul-etti-brtk\/"},"modified":"2025-01-14T17:26:45","modified_gmt":"2025-01-14T14:26:45","slug":"cumhurbaskani-tatar-kktc-turk-devletleri-teskilati-dernegi-yonetimini-kabul-etti-brtk","status":"publish","type":"post","link":"https:\/\/kibrisayna.com\/index.php\/2025\/01\/14\/cumhurbaskani-tatar-kktc-turk-devletleri-teskilati-dernegi-yonetimini-kabul-etti-brtk\/","title":{"rendered":"Cumhurba\u015fkan\u0131 Tatar, KKTC T\u00fcrk Devletleri Te\u015fkilat\u0131 Derne\u011fi y\u00f6netimini kabul etti \u2013 BRTK"},"content":{"rendered":"<p> <br \/>\n<\/p>\n<div>\n<div class=\"mariselle-image-container none\">\n                <img loading=\"lazy\" decoding=\"async\" width=\"929\" height=\"419\" class=\"lazy-image\" alt=\"\" sizes=\"auto, (max-width: 929px) 100vw, 929px\" src=\"https:\/\/brtk.net\/wp-content\/uploads\/2025\/01\/14\/Tatar-KKTC-Turk-Devletleri-Teskilati-Dernegi-1.jpg?ver=970b469643bee2d9e601c9fabaf7ec71\" srcset=\"https:\/\/brtk.net\/wp-content\/uploads\/2025\/01\/14\/Tatar-KKTC-Turk-Devletleri-Teskilati-Dernegi-1.jpg?ver=970b469643bee2d9e601c9fabaf7ec71 929w, https:\/\/brtk.net\/wp-content\/uploads\/2025\/01\/14\/Tatar-KKTC-Turk-Devletleri-Teskilati-Dernegi-1-300x135.jpg?ver=970b469643bee2d9e601c9fabaf7ec71 300w, https:\/\/brtk.net\/wp-content\/uploads\/2025\/01\/14\/Tatar-KKTC-Turk-Devletleri-Teskilati-Dernegi-1-768x346.jpg?ver=970b469643bee2d9e601c9fabaf7ec71 768w\"\/>                            <\/div>\n<p>Cumhurba\u015fkan\u0131 Ersin Tatar, \u00d6zg\u00fcn Olguner ba\u015fkanl\u0131\u011f\u0131ndaki KKTC T\u00fcrk Devletleri Te\u015fkilat\u0131 Derne\u011fi y\u00f6netimini kabul etti.<\/p>\n<p>Cumhurba\u015fkanl\u0131\u011f\u0131\u2019ndan yap\u0131lan a\u00e7\u0131klamaya g\u00f6re, Tatar kabulde yapt\u0131\u011f\u0131 konu\u015fmada, T\u00fcrk d\u00fcnyas\u0131 ile ili\u015fkileri g\u00fc\u00e7lendirmek amac\u0131yla yeni kurulan derne\u011fi kabul etmekten memnuniyet duydu\u011funu ifade etti.<\/p>\n<p>\u201cT\u00fcrk d\u00fcnyas\u0131 ile devletten devlete ili\u015fkilerimiz g\u00f6zlemci \u00fcye s\u0131fat\u0131yla yava\u015f yava\u015f olu\u015fuyor. Uluslararas\u0131 toplant\u0131larda gerek Cumhurba\u015fkanl\u0131\u011f\u0131, gerekse kurum ve kurulu\u015flar, bakanl\u0131klar, Sivil Savunma Te\u015fkilat\u0131 Ba\u015fkanl\u0131\u011f\u0131 gibi \u00e7e\u015fitli\u00a0 platformlarda KKTC bayra\u011f\u0131 yerini al\u0131yor.\u201d diyen Tatar, para kambiyo ve MASAK gibi kurulu\u015flarda KKTC bayra\u011f\u0131yla T\u00fcrk devletleri toplant\u0131lar\u0131nda yer al\u0131nd\u0131\u011f\u0131n\u0131 s\u00f6yledi.<\/p>\n<p>T\u00fcm bu faaliyetleri takip eden bir derne\u011fin olu\u015fumunun sevindirici oldu\u011funu ifade eden Tatar, yap\u0131lan \u00e7al\u0131\u015fmalara destek anlam\u0131nda kurulan derne\u011fin \u00f6nemini dile getirdi.<\/p>\n<p>T\u00fcrk devletlerinin birlik i\u00e7inde olmas\u0131n\u0131n T\u00fcrk d\u00fcnyas\u0131na g\u00fc\u00e7 verece\u011fini belirten Cumhurba\u015fkan\u0131 Tatar, T\u00fcrk d\u00fcnyas\u0131n\u0131n k\u00fclt\u00fcr ve inan\u00e7 birli\u011finin ileti\u015fim \u00e7a\u011f\u0131nda geli\u015fmesinin \u00f6nemine vurgu yapt\u0131.<\/p>\n<\/p><\/div>\n<p><script async\n                    defer\n                    crossorigin=\"anonymous\"\n                    src=\"https:\/\/connect.facebook.net\/tr_TR\/sdk.js#xfbml=1&#038;version=v3.3\"\n            ><\/script><br \/>\n<br \/><br \/>\n<br \/><a href=\"https:\/\/brtk.net\/cumhurbaskani-tatar-kktc-turk-devletleri-teskilati-dernegi-yonetimini-kabul-etti\/\">Kaynak BRT <\/a><\/p>\n","protected":false},"excerpt":{"rendered":"<p>Cumhurba\u015fkan\u0131 Ersin Tatar, \u00d6zg\u00fcn Olguner ba\u015fkanl\u0131\u011f\u0131ndaki KKTC T\u00fcrk Devletleri Te\u015fkilat\u0131 Derne\u011fi y\u00f6netimini kabul etti. Cumhurba\u015fkanl\u0131\u011f\u0131\u2019ndan yap\u0131lan a\u00e7\u0131klamaya g\u00f6re, Tatar kabulde yapt\u0131\u011f\u0131 konu\u015fmada, T\u00fcrk d\u00fcnyas\u0131 ile ili\u015fkileri g\u00fc\u00e7lendirmek amac\u0131yla yeni kurulan derne\u011fi kabul etmekten memnuniyet duydu\u011funu ifade etti. \u201cT\u00fcrk d\u00fcnyas\u0131 ile devletten devlete ili\u015fkilerimiz g\u00f6zlemci \u00fcye s\u0131fat\u0131yla yava\u015f yava\u015f olu\u015fuyor. Uluslararas\u0131 toplant\u0131larda gerek Cumhurba\u015fkanl\u0131\u011f\u0131, gerekse kurum [&hellip;]<\/p>\n","protected":false},"author":908,"featured_media":16508,"comment_status":"open","ping_status":"open","sticky":false,"template":"","format":"standard","meta":{"_jetpack_memberships_contains_paid_content":false,"footnotes":"","jetpack_publicize_message":"","jetpack_publicize_feature_enabled":true,"jetpack_social_post_already_shared":true,"jetpack_social_options":{"image_generator_settings":{"template":"highway","default_image_id":0,"font":"","enabled":false},"version":2}},"categories":[253],"tags":[],"class_list":["post-16507","post","type-post","status-publish","format-standard","has-post-thumbnail","hentry","category-gundem"],"jetpack_publicize_connections":[],"jetpack_featured_media_url":"https:\/\/kibrisayna.com\/wp-content\/uploads\/2025\/01\/Tatar-KKTC-Turk-Devletleri-Teskilati-Dernegi-1.jpg","jetpack_sharing_enabled":true,"_links":{"self":[{"href":"https:\/\/kibrisayna.com\/index.php\/wp-json\/wp\/v2\/posts\/16507","targetHints":{"allow":["GET"]}}],"collection":[{"href":"https:\/\/kibrisayna.com\/index.php\/wp-json\/wp\/v2\/posts"}],"about":[{"href":"https:\/\/kibrisayna.com\/index.php\/wp-json\/wp\/v2\/types\/post"}],"author":[{"embeddable":true,"href":"https:\/\/kibrisayna.com\/index.php\/wp-json\/wp\/v2\/users\/908"}],"replies":[{"embeddable":true,"href":"https:\/\/kibrisayna.com\/index.php\/wp-json\/wp\/v2\/comments?post=16507"}],"version-history":[{"count":0,"href":"https:\/\/kibrisayna.com\/index.php\/wp-json\/wp\/v2\/posts\/16507\/revisions"}],"wp:featuredmedia":[{"embeddable":true,"href":"https:\/\/kibrisayna.com\/index.php\/wp-json\/wp\/v2\/media\/16508"}],"wp:attachment":[{"href":"https:\/\/kibrisayna.com\/index.php\/wp-json\/wp\/v2\/media?parent=16507"}],"wp:term":[{"taxonomy":"category","embeddable":true,"href":"https:\/\/kibrisayna.com\/index.php\/wp-json\/wp\/v2\/categories?post=16507"},{"taxonomy":"post_tag","embeddable":true,"href":"https:\/\/kibrisayna.com\/index.php\/wp-json\/wp\/v2\/tags?post=16507"}],"curies":[{"name":"wp","href":"https:\/\/api.w.org\/{rel}","templated":true}]}}