{"id":16503,"date":"2025-01-14T15:44:15","date_gmt":"2025-01-14T12:44:15","guid":{"rendered":"https:\/\/kibrisayna.com\/index.php\/2025\/01\/14\/surus-ehliyeti-sinavlari-ankarada-ele-alindi-brtk\/"},"modified":"2025-01-14T15:44:15","modified_gmt":"2025-01-14T12:44:15","slug":"surus-ehliyeti-sinavlari-ankarada-ele-alindi-brtk","status":"publish","type":"post","link":"https:\/\/kibrisayna.com\/index.php\/2025\/01\/14\/surus-ehliyeti-sinavlari-ankarada-ele-alindi-brtk\/","title":{"rendered":"S\u00fcr\u00fc\u015f ehliyeti s\u0131navlar\u0131 Ankara\u2019da ele al\u0131nd\u0131 \u2013 BRTK"},"content":{"rendered":"<p> <br \/>\n<\/p>\n<div>\n<div class=\"mariselle-image-container none\">\n                <img loading=\"lazy\" decoding=\"async\" width=\"929\" height=\"429\" class=\"lazy-image\" alt=\"\" sizes=\"auto, (max-width: 929px) 100vw, 929px\" src=\"https:\/\/brtk.net\/wp-content\/uploads\/2025\/01\/14\/EHLIYET2-2.jpg?ver=b5b2ad085b41b5198f03f1b231c6eb74\" srcset=\"https:\/\/brtk.net\/wp-content\/uploads\/2025\/01\/14\/EHLIYET2-2.jpg?ver=b5b2ad085b41b5198f03f1b231c6eb74 929w, https:\/\/brtk.net\/wp-content\/uploads\/2025\/01\/14\/EHLIYET2-2-300x139.jpg?ver=b5b2ad085b41b5198f03f1b231c6eb74 300w, https:\/\/brtk.net\/wp-content\/uploads\/2025\/01\/14\/EHLIYET2-2-768x355.jpg?ver=b5b2ad085b41b5198f03f1b231c6eb74 768w\"\/>                            <\/div>\n<p style=\"font-weight: 300;\"><span style=\"font-weight: 300 !important;\">Bay\u0131nd\u0131rl\u0131k ve Ula\u015ft\u0131rma Bakanl\u0131\u011f\u0131\u2019na ba\u011fl\u0131 Trafik Dairesi M\u00fcd\u00fcr\u00fc Ahmet Ayd\u0131n ve beraberindeki heyet, T\u00fcrkiye Cumhuriyeti (TC) Milli E\u011fitim Bakanl\u0131\u011f\u0131 \u00d6zel \u00d6\u011fretim Kurumlar\u0131 Genel M\u00fcd\u00fcr\u00fc Fettullah G\u00fcner ile\u00a0<\/span><span style=\"font-weight: 300 !important;\">Ankara\u2019da,<\/span><span style=\"font-weight: 300 !important;\">\u00a0<\/span><span style=\"font-weight: 300 !important;\">s\u00fcr\u00fc\u015f ehliyeti s\u0131navlar\u0131 konusunu g\u00f6r\u00fc\u015ft\u00fc.\u00a0<\/span><\/p>\n<p style=\"font-weight: 300;\"><span style=\"font-weight: 300 !important;\">Bakanl\u0131k\u2019tan yap\u0131lan a\u00e7\u0131klamaya g\u00f6re, g\u00f6r\u00fc\u015fmede Kuzey K\u0131br\u0131s T\u00fcrk Cumhuriyeti\u2019nde yap\u0131lan s\u00fcr\u00fc\u015f ehliyeti s\u0131navlar\u0131n\u0131n \u00e7a\u011fda\u015f ve modern bir yap\u0131ya kavu\u015fturulmas\u0131 amac\u0131yla g\u00f6r\u00fc\u015f al\u0131\u015fveri\u015finde bulunuldu.<\/span><\/p>\n<p style=\"font-weight: 300;\"><span style=\"font-weight: 300 !important;\">Trafik Dairesi M\u00fcd\u00fcr\u00fc Ahmet Ayd\u0131n, g\u00f6r\u00fc\u015fmede yapt\u0131\u011f\u0131 konu\u015fmada, s\u0131nav sisteminin geli\u015ftirilmesi i\u00e7in TC Milli E\u011fitim Bakanl\u0131\u011f\u0131\u2019n\u0131n bilgi ve tecr\u00fcbelerinden faydalanmak istediklerini belirterek, sistemin geli\u015ftirilmesi i\u00e7in gerekli deste\u011fin sa\u011flanmas\u0131 konusunda \u00e7al\u0131\u015fmalara ba\u015flayacaklar\u0131n\u0131 s\u00f6yledi.<\/span><\/p>\n<p style=\"font-weight: 300;\"><span style=\"font-weight: 300 !important;\">Ziyaret s\u0131ras\u0131nda Ahmet Ayd\u0131n\u2019a, Trafik Dairesi M\u00fcd\u00fcrl\u00fc\u011f\u00fc S\u00fcr\u00fc\u015f Ehliyetleri M\u00fcfetti\u015fli\u011fi \u015eube Sorumlusu Ahmet Osmanl\u0131 ve KKTC Ba\u011f\u0131ms\u0131z \u015eof\u00f6r Okullar\u0131 Birli\u011fi Ba\u015fkan\u0131 Emirzade Tilki e\u015flik etti.<\/span><\/p>\n<p>\u00a0<\/p>\n<p>\u00a0<\/p>\n<\/p><\/div>\n<p><script async\n                    defer\n                    crossorigin=\"anonymous\"\n                    src=\"https:\/\/connect.facebook.net\/tr_TR\/sdk.js#xfbml=1&#038;version=v3.3\"\n            ><\/script><br \/>\n<br \/><br \/>\n<br \/><a href=\"https:\/\/brtk.net\/surus-ehliyeti-sinavlari-ankarada-ele-alindi\/\">Kaynak BRT <\/a><\/p>\n","protected":false},"excerpt":{"rendered":"<p>Bay\u0131nd\u0131rl\u0131k ve Ula\u015ft\u0131rma Bakanl\u0131\u011f\u0131\u2019na ba\u011fl\u0131 Trafik Dairesi M\u00fcd\u00fcr\u00fc Ahmet Ayd\u0131n ve beraberindeki heyet, T\u00fcrkiye Cumhuriyeti (TC) Milli E\u011fitim Bakanl\u0131\u011f\u0131 \u00d6zel \u00d6\u011fretim Kurumlar\u0131 Genel M\u00fcd\u00fcr\u00fc Fettullah G\u00fcner ile\u00a0Ankara\u2019da,\u00a0s\u00fcr\u00fc\u015f ehliyeti s\u0131navlar\u0131 konusunu g\u00f6r\u00fc\u015ft\u00fc.\u00a0 Bakanl\u0131k\u2019tan yap\u0131lan a\u00e7\u0131klamaya g\u00f6re, g\u00f6r\u00fc\u015fmede Kuzey K\u0131br\u0131s T\u00fcrk Cumhuriyeti\u2019nde yap\u0131lan s\u00fcr\u00fc\u015f ehliyeti s\u0131navlar\u0131n\u0131n \u00e7a\u011fda\u015f ve modern bir yap\u0131ya kavu\u015fturulmas\u0131 amac\u0131yla g\u00f6r\u00fc\u015f al\u0131\u015fveri\u015finde bulunuldu. Trafik [&hellip;]<\/p>\n","protected":false},"author":908,"featured_media":16504,"comment_status":"open","ping_status":"open","sticky":false,"template":"","format":"standard","meta":{"_jetpack_memberships_contains_paid_content":false,"footnotes":"","jetpack_publicize_message":"","jetpack_publicize_feature_enabled":true,"jetpack_social_post_already_shared":true,"jetpack_social_options":{"image_generator_settings":{"template":"highway","default_image_id":0,"font":"","enabled":false},"version":2}},"categories":[253],"tags":[],"class_list":["post-16503","post","type-post","status-publish","format-standard","has-post-thumbnail","hentry","category-gundem"],"jetpack_publicize_connections":[],"jetpack_featured_media_url":"https:\/\/kibrisayna.com\/wp-content\/uploads\/2025\/01\/EHLIYET2-2.jpg","jetpack_sharing_enabled":true,"_links":{"self":[{"href":"https:\/\/kibrisayna.com\/index.php\/wp-json\/wp\/v2\/posts\/16503","targetHints":{"allow":["GET"]}}],"collection":[{"href":"https:\/\/kibrisayna.com\/index.php\/wp-json\/wp\/v2\/posts"}],"about":[{"href":"https:\/\/kibrisayna.com\/index.php\/wp-json\/wp\/v2\/types\/post"}],"author":[{"embeddable":true,"href":"https:\/\/kibrisayna.com\/index.php\/wp-json\/wp\/v2\/users\/908"}],"replies":[{"embeddable":true,"href":"https:\/\/kibrisayna.com\/index.php\/wp-json\/wp\/v2\/comments?post=16503"}],"version-history":[{"count":0,"href":"https:\/\/kibrisayna.com\/index.php\/wp-json\/wp\/v2\/posts\/16503\/revisions"}],"wp:featuredmedia":[{"embeddable":true,"href":"https:\/\/kibrisayna.com\/index.php\/wp-json\/wp\/v2\/media\/16504"}],"wp:attachment":[{"href":"https:\/\/kibrisayna.com\/index.php\/wp-json\/wp\/v2\/media?parent=16503"}],"wp:term":[{"taxonomy":"category","embeddable":true,"href":"https:\/\/kibrisayna.com\/index.php\/wp-json\/wp\/v2\/categories?post=16503"},{"taxonomy":"post_tag","embeddable":true,"href":"https:\/\/kibrisayna.com\/index.php\/wp-json\/wp\/v2\/tags?post=16503"}],"curies":[{"name":"wp","href":"https:\/\/api.w.org\/{rel}","templated":true}]}}