{"id":16500,"date":"2025-01-14T15:06:17","date_gmt":"2025-01-14T12:06:17","guid":{"rendered":"https:\/\/kibrisayna.com\/index.php\/2025\/01\/14\/dr-fazil-kucukun-mirasi-bugun-de-yasatiliyor-brtk\/"},"modified":"2025-01-14T15:06:17","modified_gmt":"2025-01-14T12:06:17","slug":"dr-fazil-kucukun-mirasi-bugun-de-yasatiliyor-brtk","status":"publish","type":"post","link":"https:\/\/kibrisayna.com\/index.php\/2025\/01\/14\/dr-fazil-kucukun-mirasi-bugun-de-yasatiliyor-brtk\/","title":{"rendered":"Dr. Faz\u0131l K\u00fc\u00e7\u00fck\u2019\u00fcn miras\u0131 bug\u00fcn de ya\u015fat\u0131l\u0131yor \u2013 BRTK"},"content":{"rendered":"<p> <br \/>\n<\/p>\n<div>\n<div class=\"mariselle-image-container none\">\n                <img loading=\"lazy\" decoding=\"async\" width=\"929\" height=\"468\" class=\"lazy-image\" alt=\"\" sizes=\"auto, (max-width: 929px) 100vw, 929px\" src=\"https:\/\/brtk.net\/wp-content\/uploads\/2025\/01\/14\/hasan-kucuk1.jpg?ver=aacc3352ad3f88e8a3070c4b82e4d2ca\" srcset=\"https:\/\/brtk.net\/wp-content\/uploads\/2025\/01\/14\/hasan-kucuk1.jpg?ver=aacc3352ad3f88e8a3070c4b82e4d2ca 929w, https:\/\/brtk.net\/wp-content\/uploads\/2025\/01\/14\/hasan-kucuk1-300x151.jpg?ver=69c105231e848aa421c543a6a97f3d9d 300w, https:\/\/brtk.net\/wp-content\/uploads\/2025\/01\/14\/hasan-kucuk1-768x387.jpg?ver=69c105231e848aa421c543a6a97f3d9d 768w\"\/>                            <\/div>\n<p style=\"font-weight: 300;\"><span style=\"font-weight: 300 !important;\">Ulusal Birlik Partisi (UBP) Girne Milletvekili Hasan K\u00fc\u00e7\u00fck, K\u0131br\u0131s T\u00fcrk halk\u0131n\u0131n varolu\u015f m\u00fccadelesi liderlerinden Dr. Faz\u0131l K\u00fc\u00e7\u00fck\u2019\u00fcn miras\u0131n\u0131n bug\u00fcn de ya\u015fat\u0131ld\u0131\u011f\u0131n\u0131 vurgulad\u0131.<\/span><\/p>\n<p style=\"font-weight: 300;\"><span style=\"font-weight: 300 !important;\">Dr. Faz\u0131l K\u00fc\u00e7\u00fck\u2019\u00fcn 41\u2019inci \u00f6l\u00fcm y\u0131l d\u00f6n\u00fcm\u00fc nedeniyle mesaj yay\u0131nlayan Hasan K\u00fc\u00e7\u00fck, O\u2019nun K\u0131br\u0131s T\u00fcrk halk\u0131na yapt\u0131\u011f\u0131 katk\u0131lar\u0131 ve liderlik vas\u0131flar\u0131n\u0131 vurgulad\u0131.<\/span><\/p>\n<p style=\"font-weight: 300;\"><span style=\"font-weight: 300 !important;\">Dr. Faz\u0131l K\u00fc\u00e7\u00fck\u2019\u00fcn K\u0131br\u0131s T\u00fcrk halk\u0131n\u0131n haklar\u0131n\u0131 savunma konusundaki kararl\u0131l\u0131\u011f\u0131n\u0131 ve m\u00fccadelesini hat\u0131rlatan Hasan K\u00fc\u00e7\u00fck, mesaj\u0131nda \u015fu ifadelere yer verdi:<\/span><\/p>\n<p style=\"font-weight: 300;\"><span style=\"font-weight: 300 !important;\">\u201cDr. Faz\u0131l K\u00fc\u00e7\u00fck, K\u0131br\u0131s T\u00fcrk halk\u0131n\u0131n ba\u011f\u0131ms\u0131zl\u0131k m\u00fccadelesinde \u00f6nemli bir rol oynayan ve halk\u0131m\u0131z\u0131n haklar\u0131n\u0131 savunmada \u00f6nc\u00fcl\u00fck eden bir liderdir. O\u2019nun m\u00fccadelesi ve b\u0131rakt\u0131\u011f\u0131 miras, bug\u00fcn de halk\u0131m\u0131z taraf\u0131ndan ya\u015fat\u0131lmakta ve gelecek nesillere ilham vermektedir.\u201d<\/span><\/p>\n<p>TAK\/BRT<\/p>\n<\/p><\/div>\n<p><script async\n                    defer\n                    crossorigin=\"anonymous\"\n                    src=\"https:\/\/connect.facebook.net\/tr_TR\/sdk.js#xfbml=1&#038;version=v3.3\"\n            ><\/script><br \/>\n<br \/><br \/>\n<br \/><a href=\"https:\/\/brtk.net\/hasan-kucuk-dr-fazil-kucukun-mirasi-bugun-de-yasatiliyor\/\">Kaynak BRT <\/a><\/p>\n","protected":false},"excerpt":{"rendered":"<p>Ulusal Birlik Partisi (UBP) Girne Milletvekili Hasan K\u00fc\u00e7\u00fck, K\u0131br\u0131s T\u00fcrk halk\u0131n\u0131n varolu\u015f m\u00fccadelesi liderlerinden Dr. Faz\u0131l K\u00fc\u00e7\u00fck\u2019\u00fcn miras\u0131n\u0131n bug\u00fcn de ya\u015fat\u0131ld\u0131\u011f\u0131n\u0131 vurgulad\u0131. Dr. Faz\u0131l K\u00fc\u00e7\u00fck\u2019\u00fcn 41\u2019inci \u00f6l\u00fcm y\u0131l d\u00f6n\u00fcm\u00fc nedeniyle mesaj yay\u0131nlayan Hasan K\u00fc\u00e7\u00fck, O\u2019nun K\u0131br\u0131s T\u00fcrk halk\u0131na yapt\u0131\u011f\u0131 katk\u0131lar\u0131 ve liderlik vas\u0131flar\u0131n\u0131 vurgulad\u0131. Dr. Faz\u0131l K\u00fc\u00e7\u00fck\u2019\u00fcn K\u0131br\u0131s T\u00fcrk halk\u0131n\u0131n haklar\u0131n\u0131 savunma konusundaki kararl\u0131l\u0131\u011f\u0131n\u0131 ve [&hellip;]<\/p>\n","protected":false},"author":908,"featured_media":16501,"comment_status":"open","ping_status":"open","sticky":false,"template":"","format":"standard","meta":{"_jetpack_memberships_contains_paid_content":false,"footnotes":"","jetpack_publicize_message":"","jetpack_publicize_feature_enabled":true,"jetpack_social_post_already_shared":true,"jetpack_social_options":{"image_generator_settings":{"template":"highway","default_image_id":0,"font":"","enabled":false},"version":2}},"categories":[253],"tags":[],"class_list":["post-16500","post","type-post","status-publish","format-standard","has-post-thumbnail","hentry","category-gundem"],"jetpack_publicize_connections":[],"jetpack_featured_media_url":"https:\/\/kibrisayna.com\/wp-content\/uploads\/2025\/01\/hasan-kucuk1.jpg","jetpack_sharing_enabled":true,"_links":{"self":[{"href":"https:\/\/kibrisayna.com\/index.php\/wp-json\/wp\/v2\/posts\/16500","targetHints":{"allow":["GET"]}}],"collection":[{"href":"https:\/\/kibrisayna.com\/index.php\/wp-json\/wp\/v2\/posts"}],"about":[{"href":"https:\/\/kibrisayna.com\/index.php\/wp-json\/wp\/v2\/types\/post"}],"author":[{"embeddable":true,"href":"https:\/\/kibrisayna.com\/index.php\/wp-json\/wp\/v2\/users\/908"}],"replies":[{"embeddable":true,"href":"https:\/\/kibrisayna.com\/index.php\/wp-json\/wp\/v2\/comments?post=16500"}],"version-history":[{"count":0,"href":"https:\/\/kibrisayna.com\/index.php\/wp-json\/wp\/v2\/posts\/16500\/revisions"}],"wp:featuredmedia":[{"embeddable":true,"href":"https:\/\/kibrisayna.com\/index.php\/wp-json\/wp\/v2\/media\/16501"}],"wp:attachment":[{"href":"https:\/\/kibrisayna.com\/index.php\/wp-json\/wp\/v2\/media?parent=16500"}],"wp:term":[{"taxonomy":"category","embeddable":true,"href":"https:\/\/kibrisayna.com\/index.php\/wp-json\/wp\/v2\/categories?post=16500"},{"taxonomy":"post_tag","embeddable":true,"href":"https:\/\/kibrisayna.com\/index.php\/wp-json\/wp\/v2\/tags?post=16500"}],"curies":[{"name":"wp","href":"https:\/\/api.w.org\/{rel}","templated":true}]}}