{"id":16496,"date":"2025-01-14T15:00:05","date_gmt":"2025-01-14T12:00:05","guid":{"rendered":"https:\/\/kibrisayna.com\/index.php\/2025\/01\/14\/meclis-toplandi\/"},"modified":"2025-01-14T15:00:05","modified_gmt":"2025-01-14T12:00:05","slug":"meclis-toplandi","status":"publish","type":"post","link":"https:\/\/kibrisayna.com\/index.php\/2025\/01\/14\/meclis-toplandi\/","title":{"rendered":"Meclis topland\u0131"},"content":{"rendered":"<p> <br \/>\n<\/p>\n<div class=\"mariselle-image-container none\">\n                <img width=\"1600\" height=\"1066\" class=\"lazy-image\" alt=\"\" data-src=\"https:\/\/brtk.net\/wp-content\/uploads\/2025\/01\/14\/Meclis-foto.jpg?ver=a6b6c548cc0e19ba8f2132d9c5669dbf\" data-srcset=\"https:\/\/brtk.net\/wp-content\/uploads\/2025\/01\/14\/Meclis-foto.jpg?ver=a6b6c548cc0e19ba8f2132d9c5669dbf 1600w, https:\/\/brtk.net\/wp-content\/uploads\/2025\/01\/14\/Meclis-foto-300x200.jpg?ver=92a1f8e7ee8cc354cf03f85f07c2bdab 300w, https:\/\/brtk.net\/wp-content\/uploads\/2025\/01\/14\/Meclis-foto-1024x682.jpg?ver=92a1f8e7ee8cc354cf03f85f07c2bdab 1024w, https:\/\/brtk.net\/wp-content\/uploads\/2025\/01\/14\/Meclis-foto-768x512.jpg?ver=92a1f8e7ee8cc354cf03f85f07c2bdab 768w, https:\/\/brtk.net\/wp-content\/uploads\/2025\/01\/14\/Meclis-foto-1536x1023.jpg?ver=563f1ff436a39dbca8796d074ef7ecda 1536w\" \/>                            <\/div>\n<p style=\"font-weight: 300\"><span style=\"font-weight: 300 !important\">Cumhuriyet Meclisi Genel Kurulu, Meclis Ba\u015fkan\u0131 Ziya \u00d6zt\u00fcrkler ba\u015fkanl\u0131\u011f\u0131nda saat 11.20\u2019de topland\u0131.<\/span><\/p>\n<p style=\"font-weight: 300\">Toplant\u0131da, Ba\u015fkanl\u0131\u011f\u0131n Genel Kurula sunu\u015flar\u0131 ve milletvekillerinin g\u00fcncel konu\u015fma istemlerine yer verilecek.<\/p>\n<p>&nbsp;<\/p>\n<p><br \/>\n<br \/><a href=\"https:\/\/brtk.net\/meclis-toplandi-19\/\">Kaynak BRT <\/a><\/p>\n","protected":false},"excerpt":{"rendered":"<p>Cumhuriyet Meclisi Genel Kurulu, Meclis Ba\u015fkan\u0131 Ziya \u00d6zt\u00fcrkler ba\u015fkanl\u0131\u011f\u0131nda saat 11.20\u2019de topland\u0131. Toplant\u0131da, Ba\u015fkanl\u0131\u011f\u0131n Genel Kurula sunu\u015flar\u0131 ve milletvekillerinin g\u00fcncel konu\u015fma istemlerine yer verilecek. &nbsp; Kaynak BRT<\/p>\n","protected":false},"author":908,"featured_media":16497,"comment_status":"open","ping_status":"open","sticky":false,"template":"","format":"standard","meta":{"_jetpack_memberships_contains_paid_content":false,"footnotes":"","jetpack_publicize_message":"","jetpack_publicize_feature_enabled":true,"jetpack_social_post_already_shared":true,"jetpack_social_options":{"image_generator_settings":{"template":"highway","default_image_id":0,"font":"","enabled":false},"version":2}},"categories":[253],"tags":[],"class_list":["post-16496","post","type-post","status-publish","format-standard","has-post-thumbnail","hentry","category-gundem"],"jetpack_publicize_connections":[],"jetpack_featured_media_url":"https:\/\/kibrisayna.com\/wp-content\/uploads\/2025\/01\/Meclis-foto.jpg","jetpack_sharing_enabled":true,"_links":{"self":[{"href":"https:\/\/kibrisayna.com\/index.php\/wp-json\/wp\/v2\/posts\/16496","targetHints":{"allow":["GET"]}}],"collection":[{"href":"https:\/\/kibrisayna.com\/index.php\/wp-json\/wp\/v2\/posts"}],"about":[{"href":"https:\/\/kibrisayna.com\/index.php\/wp-json\/wp\/v2\/types\/post"}],"author":[{"embeddable":true,"href":"https:\/\/kibrisayna.com\/index.php\/wp-json\/wp\/v2\/users\/908"}],"replies":[{"embeddable":true,"href":"https:\/\/kibrisayna.com\/index.php\/wp-json\/wp\/v2\/comments?post=16496"}],"version-history":[{"count":0,"href":"https:\/\/kibrisayna.com\/index.php\/wp-json\/wp\/v2\/posts\/16496\/revisions"}],"wp:featuredmedia":[{"embeddable":true,"href":"https:\/\/kibrisayna.com\/index.php\/wp-json\/wp\/v2\/media\/16497"}],"wp:attachment":[{"href":"https:\/\/kibrisayna.com\/index.php\/wp-json\/wp\/v2\/media?parent=16496"}],"wp:term":[{"taxonomy":"category","embeddable":true,"href":"https:\/\/kibrisayna.com\/index.php\/wp-json\/wp\/v2\/categories?post=16496"},{"taxonomy":"post_tag","embeddable":true,"href":"https:\/\/kibrisayna.com\/index.php\/wp-json\/wp\/v2\/tags?post=16496"}],"curies":[{"name":"wp","href":"https:\/\/api.w.org\/{rel}","templated":true}]}}