{"id":16479,"date":"2025-01-14T12:09:59","date_gmt":"2025-01-14T09:09:59","guid":{"rendered":"https:\/\/kibrisayna.com\/index.php\/2025\/01\/14\/kibris-turk-izcilik-federasyonuizci-genclerle-birlikte-kurucu-cumhurbaskani-denktasin-olum-yildonumu-dolayisiyla-kabri-basinda-mesaleli-anma-toreni-gerceklestirdi-brtk\/"},"modified":"2025-01-14T12:09:59","modified_gmt":"2025-01-14T09:09:59","slug":"kibris-turk-izcilik-federasyonuizci-genclerle-birlikte-kurucu-cumhurbaskani-denktasin-olum-yildonumu-dolayisiyla-kabri-basinda-mesaleli-anma-toreni-gerceklestirdi-brtk","status":"publish","type":"post","link":"https:\/\/kibrisayna.com\/index.php\/2025\/01\/14\/kibris-turk-izcilik-federasyonuizci-genclerle-birlikte-kurucu-cumhurbaskani-denktasin-olum-yildonumu-dolayisiyla-kabri-basinda-mesaleli-anma-toreni-gerceklestirdi-brtk\/","title":{"rendered":"K\u0131br\u0131s T\u00fcrk \u0130zcilik Federasyonu,izci gen\u00e7lerle birlikte Kurucu Cumhurba\u015fkan\u0131 Denkta\u015f\u2019\u0131n \u00f6l\u00fcm y\u0131ld\u00f6n\u00fcm\u00fc dolay\u0131s\u0131yla kabri ba\u015f\u0131nda me\u015faleli anma t\u00f6reni ger\u00e7ekle\u015ftirdi \u2013 BRTK"},"content":{"rendered":"<p> <br \/>\n<\/p>\n<div>\n<div class=\"mariselle-image-container center\">\n                <img loading=\"lazy\" decoding=\"async\" width=\"2560\" height=\"1170\" class=\"lazy-image\" alt=\"\" sizes=\"auto, (max-width: 2560px) 100vw, 2560px\" src=\"https:\/\/brtk.net\/wp-content\/uploads\/2025\/01\/14\/IMG_2853mmmmmmmmmmmmmmmmm-scaled.jpeg?ver=62841ed68e53f7eefb7de48b9b70c2e0\" srcset=\"https:\/\/brtk.net\/wp-content\/uploads\/2025\/01\/14\/IMG_2853mmmmmmmmmmmmmmmmm-scaled.jpeg?ver=62841ed68e53f7eefb7de48b9b70c2e0 2560w, https:\/\/brtk.net\/wp-content\/uploads\/2025\/01\/14\/IMG_2853mmmmmmmmmmmmmmmmm-300x137.jpeg?ver=62841ed68e53f7eefb7de48b9b70c2e0 300w, https:\/\/brtk.net\/wp-content\/uploads\/2025\/01\/14\/IMG_2853mmmmmmmmmmmmmmmmm-1024x468.jpeg?ver=ba86efd431216ac597c47c146df8dcb5 1024w, https:\/\/brtk.net\/wp-content\/uploads\/2025\/01\/14\/IMG_2853mmmmmmmmmmmmmmmmm-768x351.jpeg?ver=ba86efd431216ac597c47c146df8dcb5 768w, https:\/\/brtk.net\/wp-content\/uploads\/2025\/01\/14\/IMG_2853mmmmmmmmmmmmmmmmm-1536x702.jpeg?ver=638d2ce9d2eaf69247d888ebcb5ccf0b 1536w, https:\/\/brtk.net\/wp-content\/uploads\/2025\/01\/14\/IMG_2853mmmmmmmmmmmmmmmmm-2048x936.jpeg?ver=b1eee6b8e4ad2a764a97e21e2b265bd7 2048w\"\/>                            <\/div>\n<p>Ba\u015fbakan Yard\u0131mc\u0131l\u0131\u011f\u0131 Turizm K\u00fclt\u00fcr Gen\u00e7lik ve \u00c7evre Bakanl\u0131\u011f\u0131na ba\u011fl\u0131 Gen\u00e7lik Dairesi M\u00fcd\u00fcr\u00fc H\u00fcseyin Ozano\u011flu, daireye ba\u011fl\u0131 K\u0131br\u0131s T\u00fcrk \u0130zcilik Federasyonu Ba\u015fkan\u0131 Hakan \u0130nce ve izci gen\u00e7lerle birlikte Kurucu Cumhurba\u015fkan\u0131 Rauf Raif Denkta\u015f\u2019\u0131n \u00f6l\u00fcm y\u0131ld\u00f6n\u00fcm\u00fc dolay\u0131s\u0131yla d\u00fcn ak\u015fam kabri ba\u015f\u0131nda me\u015faleli anma t\u00f6reni ger\u00e7ekle\u015ftirdi. <\/p>\n<p>Me\u015falelerle Denkta\u015f\u2019\u0131n kabri ba\u015f\u0131na y\u00fcr\u00fcy\u00fc\u015f ger\u00e7ekle\u015ftiren heyet, sayg\u0131 duru\u015funun ard\u0131ndan mozoleye \u00e7elenk b\u0131rak\u0131ld\u0131.  <\/p>\n<p>Gen\u00e7lik Dairesi M\u00fcd\u00fcr\u00fc H\u00fcseyin Ozano\u011flu, K\u0131br\u0131s T\u00fcrk Toplumunun varolu\u015f m\u00fccadelesi i\u00e7in rol oynayan isimlerin ba\u015f\u0131nda Kurucu Cumhurba\u015fkan\u0131 Denkta\u015f\u2019\u0131n da geldi\u011fini ifade ederek \u00f6l\u00fcm y\u0131ld\u00f6n\u00fcm\u00fcnde gen\u00e7 izcilerle anma t\u00f6reni ger\u00e7ekle\u015ftirdiklerini kaydetti. <\/p>\n<p>Ozano\u011flu, bizlere miras b\u0131rak\u0131lan Cumhuriyetimizi daha ileriye g\u00f6t\u00fcrmek i\u00e7in \u00e7al\u0131\u015ft\u0131klar\u0131n\u0131 gen\u00e7lerin ise kurulan Cumhuriyetin garantisi olduklar\u0131n\u0131 belirtti.<\/p>\n<\/p><\/div>\n<p><script async\n                    defer\n                    crossorigin=\"anonymous\"\n                    src=\"https:\/\/connect.facebook.net\/tr_TR\/sdk.js#xfbml=1&#038;version=v3.3\"\n            ><\/script><br \/>\n<br \/><br \/>\n<br \/><a href=\"https:\/\/brtk.net\/kibris-turk-izcilik-federasyonuizci-genclerle-birlikte-kurucu-cumhurbaskani-denktasin-olum-yildonumu-dolayisiyla-kabri-basinda-mesaleli-anma-toreni-gerceklestirdi\/\">Kaynak BRT <\/a><\/p>\n","protected":false},"excerpt":{"rendered":"<p>Ba\u015fbakan Yard\u0131mc\u0131l\u0131\u011f\u0131 Turizm K\u00fclt\u00fcr Gen\u00e7lik ve \u00c7evre Bakanl\u0131\u011f\u0131na ba\u011fl\u0131 Gen\u00e7lik Dairesi M\u00fcd\u00fcr\u00fc H\u00fcseyin Ozano\u011flu, daireye ba\u011fl\u0131 K\u0131br\u0131s T\u00fcrk \u0130zcilik Federasyonu Ba\u015fkan\u0131 Hakan \u0130nce ve izci gen\u00e7lerle birlikte Kurucu Cumhurba\u015fkan\u0131 Rauf Raif Denkta\u015f\u2019\u0131n \u00f6l\u00fcm y\u0131ld\u00f6n\u00fcm\u00fc dolay\u0131s\u0131yla d\u00fcn ak\u015fam kabri ba\u015f\u0131nda me\u015faleli anma t\u00f6reni ger\u00e7ekle\u015ftirdi. Me\u015falelerle Denkta\u015f\u2019\u0131n kabri ba\u015f\u0131na y\u00fcr\u00fcy\u00fc\u015f ger\u00e7ekle\u015ftiren heyet, sayg\u0131 duru\u015funun ard\u0131ndan mozoleye \u00e7elenk [&hellip;]<\/p>\n","protected":false},"author":908,"featured_media":16480,"comment_status":"open","ping_status":"open","sticky":false,"template":"","format":"standard","meta":{"_jetpack_memberships_contains_paid_content":false,"footnotes":"","jetpack_publicize_message":"","jetpack_publicize_feature_enabled":true,"jetpack_social_post_already_shared":true,"jetpack_social_options":{"image_generator_settings":{"template":"highway","default_image_id":0,"font":"","enabled":false},"version":2}},"categories":[253],"tags":[],"class_list":["post-16479","post","type-post","status-publish","format-standard","has-post-thumbnail","hentry","category-gundem"],"jetpack_publicize_connections":[],"jetpack_featured_media_url":"https:\/\/kibrisayna.com\/wp-content\/uploads\/2025\/01\/IMG_2853mmmmmmmmmmmmmmmmm-scaled.jpeg","jetpack_sharing_enabled":true,"_links":{"self":[{"href":"https:\/\/kibrisayna.com\/index.php\/wp-json\/wp\/v2\/posts\/16479","targetHints":{"allow":["GET"]}}],"collection":[{"href":"https:\/\/kibrisayna.com\/index.php\/wp-json\/wp\/v2\/posts"}],"about":[{"href":"https:\/\/kibrisayna.com\/index.php\/wp-json\/wp\/v2\/types\/post"}],"author":[{"embeddable":true,"href":"https:\/\/kibrisayna.com\/index.php\/wp-json\/wp\/v2\/users\/908"}],"replies":[{"embeddable":true,"href":"https:\/\/kibrisayna.com\/index.php\/wp-json\/wp\/v2\/comments?post=16479"}],"version-history":[{"count":0,"href":"https:\/\/kibrisayna.com\/index.php\/wp-json\/wp\/v2\/posts\/16479\/revisions"}],"wp:featuredmedia":[{"embeddable":true,"href":"https:\/\/kibrisayna.com\/index.php\/wp-json\/wp\/v2\/media\/16480"}],"wp:attachment":[{"href":"https:\/\/kibrisayna.com\/index.php\/wp-json\/wp\/v2\/media?parent=16479"}],"wp:term":[{"taxonomy":"category","embeddable":true,"href":"https:\/\/kibrisayna.com\/index.php\/wp-json\/wp\/v2\/categories?post=16479"},{"taxonomy":"post_tag","embeddable":true,"href":"https:\/\/kibrisayna.com\/index.php\/wp-json\/wp\/v2\/tags?post=16479"}],"curies":[{"name":"wp","href":"https:\/\/api.w.org\/{rel}","templated":true}]}}