{"id":16466,"date":"2025-01-14T10:13:31","date_gmt":"2025-01-14T07:13:31","guid":{"rendered":"https:\/\/kibrisayna.com\/index.php\/2025\/01\/14\/destek-olan-herkese-tesekkur-ediyoruz-brtk\/"},"modified":"2025-01-14T10:13:31","modified_gmt":"2025-01-14T07:13:31","slug":"destek-olan-herkese-tesekkur-ediyoruz-brtk","status":"publish","type":"post","link":"https:\/\/kibrisayna.com\/index.php\/2025\/01\/14\/destek-olan-herkese-tesekkur-ediyoruz-brtk\/","title":{"rendered":"Destek olan herkese te\u015fekk\u00fcr ediyoruz \u2013 BRTK"},"content":{"rendered":"<p> <br \/>\n<\/p>\n<div>\n<div class=\"mariselle-image-container none\">\n                <img loading=\"lazy\" decoding=\"async\" width=\"1080\" height=\"718\" class=\"lazy-image\" alt=\"\" sizes=\"auto, (max-width: 1080px) 100vw, 1080px\" src=\"https:\/\/brtk.net\/wp-content\/uploads\/2025\/01\/14\/KTSYD.jpeg?ver=42b46eb5b84ea9e11d9a6f3450325561\" srcset=\"https:\/\/brtk.net\/wp-content\/uploads\/2025\/01\/14\/KTSYD.jpeg?ver=42b46eb5b84ea9e11d9a6f3450325561 1080w, https:\/\/brtk.net\/wp-content\/uploads\/2025\/01\/14\/KTSYD-300x199.jpeg?ver=65d28cf4bbc9297796c5cb298622f0bc 300w, https:\/\/brtk.net\/wp-content\/uploads\/2025\/01\/14\/KTSYD-1024x681.jpeg?ver=65d28cf4bbc9297796c5cb298622f0bc 1024w, https:\/\/brtk.net\/wp-content\/uploads\/2025\/01\/14\/KTSYD-768x511.jpeg?ver=65d28cf4bbc9297796c5cb298622f0bc 768w\"\/>                            <\/div>\n<p>(BRTSPOR) K\u0131br\u0131s T\u00fcrk Spor Yazarlar\u0131 Derne\u011fi Ba\u015fkan\u0131 Necati \u00d6zsoy, KTSYD Semineri\u2019ne kat\u0131l\u0131m g\u00f6steren ve destek veren herkese te\u015fekk\u00fcr etti.<\/p>\n<p>Gaziantep\u2019te ger\u00e7ekle\u015ftirilen geleneksel \u201cSporun Vizyonu E\u011fitim Semineri\u201d program\u0131 tamamland\u0131.<\/p>\n<p>Derne\u011fin yak\u0131n zamanda ya\u015fam\u0131n\u0131 yitiren eski hakem, spor yazar\u0131, yorumcu ayn\u0131 zamanda y\u00f6neticilerinden olan Fevzi Beyar ad\u0131na organize etti\u011fi seminer 9-12 Ocak tarihleri aras\u0131nda yer ald\u0131.<\/p>\n<p>75 ki\u015filik K\u0131br\u0131s T\u00fcrk Spor Yazarlar\u0131 Derne\u011fi kafilesi seminer program\u0131n\u0131 tamamlay\u0131p d\u00fcn ak\u015fam adaya d\u00f6nd\u00fc.<\/p>\n<p>BRTSPOR\u2019a organizasyonu de\u011ferlendiren KTSYD Ba\u015fkan\u0131 Necati \u00d6zsoy, 3 g\u00fcnl\u00fck Gaziantep seminerinin her a\u00e7\u0131dan \u00e7ok iyi ge\u00e7ti\u011fini belirtti.<\/p>\n<p>\u00d6zsoy, Fatmi \u015eahin\u2019in ba\u015fkan\u0131 oldu\u011fu Gaziantep B\u00fcy\u00fck\u015fehir Belediyesi\u2019nin seminerin ilk g\u00fcn\u00fcnden itibaren g\u00f6sterdi\u011fi ilgi ve deste\u011fin \u00e7ok \u00f6nemli oldu\u011funu ve kendilerini mutlu etti\u011fini s\u00f6yleyerek te\u015fekk\u00fcr etti.<\/p>\n<p>KTSYD Ba\u015fkan\u0131, organizasyonun ilk g\u00fcn\u00fcnde spor yazarlar\u0131 kafilesiyle bir araya gelen \u015eehitkamil Belediye Ba\u015fkan\u0131 Umut Y\u0131lmaz\u2019a da te\u015fekk\u00fcrlerini iletti.<\/p>\n<p>\u00d6zsoy ayr\u0131ca seminer oturumlar\u0131nda konu\u015fmac\u0131 olarak yer alan TRT SPOR\u2019dan Cansu Canbaz, Buket Sevin\u00e7\u00a0ve Gaziantepspor Teknik Direkt\u00f6r\u00fc Sel\u00e7uk \u0130nan\u2019a da bir kez daha te\u015fekk\u00fcr ederek \u201c\u00dcyelerimizin seminer boyunca birlik ve beraberli\u011fimize kar\u015f\u0131 g\u00f6stermi\u015f olduklar\u0131 duyarl\u0131l\u0131ktan dolay\u0131 mutluyuz\u201d ifadelerini kulland\u0131.<\/p>\n<p><strong>\u00a0<\/strong><\/p>\n<p><strong>\u2026<\/strong><\/p>\n<p>\u00a0<\/p>\n<\/p><\/div>\n<p><script async\n                    defer\n                    crossorigin=\"anonymous\"\n                    src=\"https:\/\/connect.facebook.net\/tr_TR\/sdk.js#xfbml=1&#038;version=v3.3\"\n            ><\/script><br \/>\n<br \/><br \/>\n<br \/><a href=\"https:\/\/brtk.net\/baskan-ozsoy-destek-olan-herkese-tesekkur-ediyoruz\/\">Kaynak BRT <\/a><\/p>\n","protected":false},"excerpt":{"rendered":"<p>(BRTSPOR) K\u0131br\u0131s T\u00fcrk Spor Yazarlar\u0131 Derne\u011fi Ba\u015fkan\u0131 Necati \u00d6zsoy, KTSYD Semineri\u2019ne kat\u0131l\u0131m g\u00f6steren ve destek veren herkese te\u015fekk\u00fcr etti. Gaziantep\u2019te ger\u00e7ekle\u015ftirilen geleneksel \u201cSporun Vizyonu E\u011fitim Semineri\u201d program\u0131 tamamland\u0131. Derne\u011fin yak\u0131n zamanda ya\u015fam\u0131n\u0131 yitiren eski hakem, spor yazar\u0131, yorumcu ayn\u0131 zamanda y\u00f6neticilerinden olan Fevzi Beyar ad\u0131na organize etti\u011fi seminer 9-12 Ocak tarihleri aras\u0131nda yer ald\u0131. 75 [&hellip;]<\/p>\n","protected":false},"author":908,"featured_media":16467,"comment_status":"open","ping_status":"open","sticky":false,"template":"","format":"standard","meta":{"_jetpack_memberships_contains_paid_content":false,"footnotes":"","jetpack_publicize_message":"","jetpack_publicize_feature_enabled":true,"jetpack_social_post_already_shared":true,"jetpack_social_options":{"image_generator_settings":{"template":"highway","default_image_id":0,"font":"","enabled":false},"version":2}},"categories":[9],"tags":[],"class_list":["post-16466","post","type-post","status-publish","format-standard","has-post-thumbnail","hentry","category-spor"],"jetpack_publicize_connections":[],"jetpack_featured_media_url":"https:\/\/kibrisayna.com\/wp-content\/uploads\/2025\/01\/KTSYD.jpeg","jetpack_sharing_enabled":true,"_links":{"self":[{"href":"https:\/\/kibrisayna.com\/index.php\/wp-json\/wp\/v2\/posts\/16466","targetHints":{"allow":["GET"]}}],"collection":[{"href":"https:\/\/kibrisayna.com\/index.php\/wp-json\/wp\/v2\/posts"}],"about":[{"href":"https:\/\/kibrisayna.com\/index.php\/wp-json\/wp\/v2\/types\/post"}],"author":[{"embeddable":true,"href":"https:\/\/kibrisayna.com\/index.php\/wp-json\/wp\/v2\/users\/908"}],"replies":[{"embeddable":true,"href":"https:\/\/kibrisayna.com\/index.php\/wp-json\/wp\/v2\/comments?post=16466"}],"version-history":[{"count":0,"href":"https:\/\/kibrisayna.com\/index.php\/wp-json\/wp\/v2\/posts\/16466\/revisions"}],"wp:featuredmedia":[{"embeddable":true,"href":"https:\/\/kibrisayna.com\/index.php\/wp-json\/wp\/v2\/media\/16467"}],"wp:attachment":[{"href":"https:\/\/kibrisayna.com\/index.php\/wp-json\/wp\/v2\/media?parent=16466"}],"wp:term":[{"taxonomy":"category","embeddable":true,"href":"https:\/\/kibrisayna.com\/index.php\/wp-json\/wp\/v2\/categories?post=16466"},{"taxonomy":"post_tag","embeddable":true,"href":"https:\/\/kibrisayna.com\/index.php\/wp-json\/wp\/v2\/tags?post=16466"}],"curies":[{"name":"wp","href":"https:\/\/api.w.org\/{rel}","templated":true}]}}