{"id":16464,"date":"2025-01-14T08:55:34","date_gmt":"2025-01-14T05:55:34","guid":{"rendered":"https:\/\/kibrisayna.com\/index.php\/2025\/01\/14\/kotu-anilari-sildirmek-artik-mumkun-brtk\/"},"modified":"2025-01-14T08:55:34","modified_gmt":"2025-01-14T05:55:34","slug":"kotu-anilari-sildirmek-artik-mumkun-brtk","status":"publish","type":"post","link":"https:\/\/kibrisayna.com\/index.php\/2025\/01\/14\/kotu-anilari-sildirmek-artik-mumkun-brtk\/","title":{"rendered":"K\u00f6t\u00fc an\u0131lar\u0131 sildirmek art\u0131k m\u00fcmk\u00fcn \u2013 BRTK"},"content":{"rendered":"<p> <br \/>\n<\/p>\n<div>\n<div class=\"mariselle-image-container center\">\n                <img loading=\"lazy\" decoding=\"async\" width=\"1280\" height=\"720\" class=\"lazy-image\" alt=\"\" sizes=\"auto, (max-width: 1280px) 100vw, 1280px\" src=\"https:\/\/brtk.net\/wp-content\/uploads\/2025\/01\/14\/depresyon-1978356.jpg?ver=39f3ca0e1534f6aa13452db744398f36\" srcset=\"https:\/\/brtk.net\/wp-content\/uploads\/2025\/01\/14\/depresyon-1978356.jpg?ver=39f3ca0e1534f6aa13452db744398f36 1280w, https:\/\/brtk.net\/wp-content\/uploads\/2025\/01\/14\/depresyon-1978356-300x169.jpg?ver=5b595291862fbd7c11a36b5c1d13215a 300w, https:\/\/brtk.net\/wp-content\/uploads\/2025\/01\/14\/depresyon-1978356-1024x576.jpg?ver=5b595291862fbd7c11a36b5c1d13215a 1024w, https:\/\/brtk.net\/wp-content\/uploads\/2025\/01\/14\/depresyon-1978356-768x432.jpg?ver=5b595291862fbd7c11a36b5c1d13215a 768w\"\/>                            <\/div>\n<p>K\u00f6t\u00fc an\u0131lar\u0131 ve travmatik geri d\u00f6n\u00fc\u015fleri silmek, pek \u00e7ok ruh sa\u011fl\u0131\u011f\u0131 sorununu tedavi etmede \u00f6nemli bir ad\u0131m olabilir. Bilim insanlar\u0131, bu konuda umut vadeden bir yakla\u015f\u0131m geli\u015ftirdi: Olumsuz an\u0131lar\u0131 zay\u0131flatmak i\u00e7in olumlu olanlar\u0131 yeniden etkinle\u015ftirme.<\/p>\n<p>Uluslararas\u0131 bir ara\u015ft\u0131rma ekibi, birka\u00e7 g\u00fcn s\u00fcren deneyde 37 kat\u0131l\u0131mc\u0131ya rastgele kelimeleri olumsuz g\u00f6rsellerle ili\u015fkilendirmelerini istedi. Daha sonra, bu ili\u015fkilerin yar\u0131s\u0131n\u0131 yeniden programlamay\u0131 ve k\u00f6t\u00fc an\u0131lara \u201cm\u00fcdahale\u201d etmeyi ama\u00e7lad\u0131lar.<\/p>\n<p>Ara\u015ft\u0131rmac\u0131lar, yay\u0131nlanan makalelerinde \u015fu ifadeleri kulland\u0131:<\/p>\n<p>\u201cBu prosed\u00fcr\u00fcn olumsuz an\u0131lar\u0131n hat\u0131rlanmas\u0131n\u0131 zay\u0131flatt\u0131\u011f\u0131n\u0131 ve olumlu an\u0131lar\u0131n istemsiz olarak zihinde canlanmas\u0131n\u0131 art\u0131rd\u0131\u011f\u0131n\u0131 g\u00f6rd\u00fck.\u201d<\/p>\n<p><strong>Olumlu g\u00f6rsellerle yeniden kodlama<\/strong><br \/>\u00c7al\u0131\u015fmada, insan yaralanmalar\u0131 veya tehlikeli hayvanlar gibi olumsuz g\u00f6rseller ile sakin manzaralar veya g\u00fclen \u00e7ocuklar gibi olumlu g\u00f6rsellerin bulundu\u011fu tan\u0131nm\u0131\u015f veri tabanlar\u0131 kullan\u0131ld\u0131.<\/p>\n<p>\u0130lk ak\u015fam, kat\u0131l\u0131mc\u0131lar, olumsuz g\u00f6rselleri ara\u015ft\u0131rma i\u00e7in \u00fcretilmi\u015f anlams\u0131z kelimelerle ili\u015fkilendirmek i\u00e7in haf\u0131za e\u011fitimi ald\u0131. Ertesi g\u00fcn, bu an\u0131lar uyku ile peki\u015ftirildikten sonra, kelimelerin yar\u0131s\u0131 olumlu g\u00f6rsellerle ili\u015fkilendirilerek yeniden kodlanmaya \u00e7al\u0131\u015f\u0131ld\u0131.<\/p>\n<p><strong>Uyku s\u0131ras\u0131ndaki m\u00fcdahale<\/strong><br \/>\u0130kinci gece, kat\u0131l\u0131mc\u0131lar\u0131n h\u0131zl\u0131 olmayan g\u00f6z hareketleri (NREM) uyku faz\u0131 s\u0131ras\u0131nda, haf\u0131za depolamada \u00f6nemli oldu\u011fu bilinen bir d\u00f6nemde, anlams\u0131z kelimelerin ses kay\u0131tlar\u0131 \u00e7al\u0131nd\u0131. Bu s\u00fcre\u00e7te, beyin aktiviteleri elektroensefalografi (EEG) ile izlendi.<\/p>\n<p>Beyinde duygusal haf\u0131za i\u015fleme ile ili\u015fkili olan theta dalgas\u0131 aktivitesinin, sesli haf\u0131za ipu\u00e7lar\u0131na yan\u0131t olarak artt\u0131\u011f\u0131 ve olumlu ipu\u00e7lar\u0131nda belirgin \u015fekilde daha y\u00fcksek oldu\u011fu g\u00f6zlendi.<\/p>\n<p>Ertesi g\u00fcn ve birka\u00e7 g\u00fcn sonra yap\u0131lan anketlerde, kat\u0131l\u0131mc\u0131lar\u0131n, olumlu an\u0131larla kar\u0131\u015ft\u0131r\u0131lm\u0131\u015f k\u00f6t\u00fc an\u0131lar\u0131 hat\u0131rlamada daha az ba\u015far\u0131l\u0131 oldu\u011fu tespit edildi. Bu kelimelerle ili\u015fkili olumlu an\u0131lar, olumsuz olanlara g\u00f6re daha s\u0131k ak\u0131llar\u0131na gelmeye ba\u015flad\u0131 ve daha olumlu bir duygusal bak\u0131\u015f a\u00e7\u0131s\u0131yla de\u011ferlendirildi.<\/p>\n<p><strong>Tedavide yeni ufuklar<\/strong><br \/>Ara\u015ft\u0131rmac\u0131lar, \u201c\u0130nvazif olmayan bir uyku m\u00fcdahalesi, olumsuz hat\u0131rlamalar\u0131 ve duygusal tepkileri de\u011fi\u015ftirebilir. Bulgular\u0131m\u0131z, travma veya patolojik an\u0131lar\u0131n tedavisiyle ilgili yeni bak\u0131\u015f a\u00e7\u0131lar\u0131 sunabilir\u201d dedi.<\/p>\n<p>Ara\u015ft\u0131rma hala erken a\u015famalar\u0131nda olsa da, bu y\u00f6ntemin umut vaat etti\u011fi belirtiliyor. Ger\u00e7ek d\u00fcnya ko\u015fullar\u0131nda daha karma\u015f\u0131k an\u0131lar\u0131n nas\u0131l d\u00fczenlenebilece\u011fi ve bu etkilerin ne kadar s\u00fcreyle s\u00fcrd\u00fcr\u00fclebilece\u011fi \u00fczerine \u00e7al\u0131\u015fmalar devam ediyor.<\/p>\n<p>Ara\u015ft\u0131rman\u0131n detaylar\u0131, Proceedings of the National Academy of Sciences (PNAS) dergisinde yay\u0131mland\u0131<\/p>\n<\/p><\/div>\n<p><script async\n                    defer\n                    crossorigin=\"anonymous\"\n                    src=\"https:\/\/connect.facebook.net\/tr_TR\/sdk.js#xfbml=1&#038;version=v3.3\"\n            ><\/script><br \/>\n<br \/><br \/>\n<br \/><a href=\"https:\/\/brtk.net\/kotu-anilari-sildirmek-artik-mumkun\/\"><\/a><\/p>\n","protected":false},"excerpt":{"rendered":"<p>K\u00f6t\u00fc an\u0131lar\u0131 ve travmatik geri d\u00f6n\u00fc\u015fleri silmek, pek \u00e7ok ruh sa\u011fl\u0131\u011f\u0131 sorununu tedavi etmede \u00f6nemli bir ad\u0131m olabilir. Bilim insanlar\u0131, bu konuda umut vadeden bir yakla\u015f\u0131m geli\u015ftirdi: Olumsuz an\u0131lar\u0131 zay\u0131flatmak i\u00e7in olumlu olanlar\u0131 yeniden etkinle\u015ftirme. Uluslararas\u0131 bir ara\u015ft\u0131rma ekibi, birka\u00e7 g\u00fcn s\u00fcren deneyde 37 kat\u0131l\u0131mc\u0131ya rastgele kelimeleri olumsuz g\u00f6rsellerle ili\u015fkilendirmelerini istedi. Daha sonra, bu ili\u015fkilerin [&hellip;]<\/p>\n","protected":false},"author":908,"featured_media":16465,"comment_status":"open","ping_status":"open","sticky":false,"template":"","format":"standard","meta":{"_jetpack_memberships_contains_paid_content":false,"footnotes":"","jetpack_publicize_message":"","jetpack_publicize_feature_enabled":true,"jetpack_social_post_already_shared":true,"jetpack_social_options":{"image_generator_settings":{"template":"highway","default_image_id":0,"font":"","enabled":false},"version":2}},"categories":[1],"tags":[],"class_list":["post-16464","post","type-post","status-publish","format-standard","has-post-thumbnail","hentry","category-saglik"],"jetpack_publicize_connections":[],"jetpack_featured_media_url":"https:\/\/kibrisayna.com\/wp-content\/uploads\/2025\/01\/depresyon-1978356.jpg","jetpack_sharing_enabled":true,"_links":{"self":[{"href":"https:\/\/kibrisayna.com\/index.php\/wp-json\/wp\/v2\/posts\/16464","targetHints":{"allow":["GET"]}}],"collection":[{"href":"https:\/\/kibrisayna.com\/index.php\/wp-json\/wp\/v2\/posts"}],"about":[{"href":"https:\/\/kibrisayna.com\/index.php\/wp-json\/wp\/v2\/types\/post"}],"author":[{"embeddable":true,"href":"https:\/\/kibrisayna.com\/index.php\/wp-json\/wp\/v2\/users\/908"}],"replies":[{"embeddable":true,"href":"https:\/\/kibrisayna.com\/index.php\/wp-json\/wp\/v2\/comments?post=16464"}],"version-history":[{"count":0,"href":"https:\/\/kibrisayna.com\/index.php\/wp-json\/wp\/v2\/posts\/16464\/revisions"}],"wp:featuredmedia":[{"embeddable":true,"href":"https:\/\/kibrisayna.com\/index.php\/wp-json\/wp\/v2\/media\/16465"}],"wp:attachment":[{"href":"https:\/\/kibrisayna.com\/index.php\/wp-json\/wp\/v2\/media?parent=16464"}],"wp:term":[{"taxonomy":"category","embeddable":true,"href":"https:\/\/kibrisayna.com\/index.php\/wp-json\/wp\/v2\/categories?post=16464"},{"taxonomy":"post_tag","embeddable":true,"href":"https:\/\/kibrisayna.com\/index.php\/wp-json\/wp\/v2\/tags?post=16464"}],"curies":[{"name":"wp","href":"https:\/\/api.w.org\/{rel}","templated":true}]}}