{"id":16440,"date":"2025-01-13T21:05:42","date_gmt":"2025-01-13T18:05:42","guid":{"rendered":"https:\/\/kibrisayna.com\/index.php\/2025\/01\/13\/kalkinma-planina-son-sekli-verildi-brtk\/"},"modified":"2025-01-13T21:05:42","modified_gmt":"2025-01-13T18:05:42","slug":"kalkinma-planina-son-sekli-verildi-brtk","status":"publish","type":"post","link":"https:\/\/kibrisayna.com\/index.php\/2025\/01\/13\/kalkinma-planina-son-sekli-verildi-brtk\/","title":{"rendered":"Kalk\u0131nma Plan\u0131\u2019na son \u015fekli verildi \u2013 BRTK"},"content":{"rendered":"<p> <br \/>\n<\/p>\n<div>\n<div class=\"mariselle-image-container center\">\n                <img loading=\"lazy\" decoding=\"async\" width=\"907\" height=\"539\" class=\"lazy-image\" alt=\"\" sizes=\"auto, (max-width: 907px) 100vw, 907px\" src=\"https:\/\/brtk.net\/wp-content\/uploads\/2023\/02\/17\/duraliguclusoy.jpg?ver=dca6219ddfffd915d2f04a78287ef547\" srcset=\"https:\/\/brtk.net\/wp-content\/uploads\/2023\/02\/17\/duraliguclusoy.jpg?ver=dca6219ddfffd915d2f04a78287ef547 907w, https:\/\/brtk.net\/wp-content\/uploads\/2023\/02\/17\/duraliguclusoy-300x178.jpg?ver=6f027f0067baad72a2923af6def10f6b 300w, https:\/\/brtk.net\/wp-content\/uploads\/2023\/02\/17\/duraliguclusoy-768x456.jpg?ver=6f027f0067baad72a2923af6def10f6b 768w\"\/>                            <\/div>\n<p>Ba\u015fbakanl\u0131k Devlet Planlama \u00d6rg\u00fct\u00fc M\u00fcste\u015far\u0131 Durali G\u00fc\u00e7l\u00fcsoy, KKTC Be\u015f Y\u0131ll\u0131k Kalk\u0131nma Plan\u0131\u2019na ili\u015fkin y\u00fcr\u00fct\u00fclen \u00e7al\u0131\u015fmalar konusunda de\u011ferlendirmelerde bulundu.<\/p>\n<p>BRT\u2019de \u201818. Saat\u2019 program\u0131nda konu\u015fan G\u00fc\u00e7l\u00fcsoy, 2025\u2013 2029 Kalk\u0131nma Plan\u0131n\u0131n detaylar\u0131na ve hedeflediklerine ili\u015fkin veriler de payla\u015ft\u0131.<\/p>\n<p>Kalk\u0131nma Plan\u0131\u2019na son \u015feklinin verildi\u011fini, ge\u00e7en Cuma g\u00fcn\u00fc Ba\u015fbakan \u00dcnal \u00dcstel, h\u00fck\u00fcmet yetkilileri ve payda\u015flara sunum yap\u0131ld\u0131\u011f\u0131n\u0131 belirten Durali G\u00fc\u00e7l\u00fcsoy, Ocak ay\u0131ndaki toplant\u0131lar\u0131n tamamlanmas\u0131yla plan\u0131n \u015eubat ay\u0131nda yasala\u015fmas\u0131n\u0131 \u00f6ng\u00f6rd\u00fcklerini a\u00e7\u0131klad\u0131.<\/p>\n<\/p><\/div>\n<p><script async\n                    defer\n                    crossorigin=\"anonymous\"\n                    src=\"https:\/\/connect.facebook.net\/tr_TR\/sdk.js#xfbml=1&#038;version=v3.3\"\n            ><\/script><br \/>\n<br \/><br \/>\n<br \/><a href=\"https:\/\/brtk.net\/basbakanlik-dpo-mustesari-guclusoy-kalkinma-planina-son-sekli-verildi\/\">Kaynak BRT <\/a><\/p>\n","protected":false},"excerpt":{"rendered":"<p>Ba\u015fbakanl\u0131k Devlet Planlama \u00d6rg\u00fct\u00fc M\u00fcste\u015far\u0131 Durali G\u00fc\u00e7l\u00fcsoy, KKTC Be\u015f Y\u0131ll\u0131k Kalk\u0131nma Plan\u0131\u2019na ili\u015fkin y\u00fcr\u00fct\u00fclen \u00e7al\u0131\u015fmalar konusunda de\u011ferlendirmelerde bulundu. BRT\u2019de \u201818. Saat\u2019 program\u0131nda konu\u015fan G\u00fc\u00e7l\u00fcsoy, 2025\u2013 2029 Kalk\u0131nma Plan\u0131n\u0131n detaylar\u0131na ve hedeflediklerine ili\u015fkin veriler de payla\u015ft\u0131. Kalk\u0131nma Plan\u0131\u2019na son \u015feklinin verildi\u011fini, ge\u00e7en Cuma g\u00fcn\u00fc Ba\u015fbakan \u00dcnal \u00dcstel, h\u00fck\u00fcmet yetkilileri ve payda\u015flara sunum yap\u0131ld\u0131\u011f\u0131n\u0131 belirten Durali G\u00fc\u00e7l\u00fcsoy, [&hellip;]<\/p>\n","protected":false},"author":908,"featured_media":16442,"comment_status":"open","ping_status":"open","sticky":false,"template":"","format":"standard","meta":{"_jetpack_memberships_contains_paid_content":false,"footnotes":"","jetpack_publicize_message":"","jetpack_publicize_feature_enabled":true,"jetpack_social_post_already_shared":true,"jetpack_social_options":{"image_generator_settings":{"template":"highway","default_image_id":0,"font":"","enabled":false},"version":2}},"categories":[253],"tags":[],"class_list":["post-16440","post","type-post","status-publish","format-standard","has-post-thumbnail","hentry","category-gundem"],"jetpack_publicize_connections":[],"jetpack_featured_media_url":"https:\/\/kibrisayna.com\/wp-content\/uploads\/2025\/01\/duraliguclusoy.jpg","jetpack_sharing_enabled":true,"_links":{"self":[{"href":"https:\/\/kibrisayna.com\/index.php\/wp-json\/wp\/v2\/posts\/16440","targetHints":{"allow":["GET"]}}],"collection":[{"href":"https:\/\/kibrisayna.com\/index.php\/wp-json\/wp\/v2\/posts"}],"about":[{"href":"https:\/\/kibrisayna.com\/index.php\/wp-json\/wp\/v2\/types\/post"}],"author":[{"embeddable":true,"href":"https:\/\/kibrisayna.com\/index.php\/wp-json\/wp\/v2\/users\/908"}],"replies":[{"embeddable":true,"href":"https:\/\/kibrisayna.com\/index.php\/wp-json\/wp\/v2\/comments?post=16440"}],"version-history":[{"count":0,"href":"https:\/\/kibrisayna.com\/index.php\/wp-json\/wp\/v2\/posts\/16440\/revisions"}],"wp:featuredmedia":[{"embeddable":true,"href":"https:\/\/kibrisayna.com\/index.php\/wp-json\/wp\/v2\/media\/16442"}],"wp:attachment":[{"href":"https:\/\/kibrisayna.com\/index.php\/wp-json\/wp\/v2\/media?parent=16440"}],"wp:term":[{"taxonomy":"category","embeddable":true,"href":"https:\/\/kibrisayna.com\/index.php\/wp-json\/wp\/v2\/categories?post=16440"},{"taxonomy":"post_tag","embeddable":true,"href":"https:\/\/kibrisayna.com\/index.php\/wp-json\/wp\/v2\/tags?post=16440"}],"curies":[{"name":"wp","href":"https:\/\/api.w.org\/{rel}","templated":true}]}}