{"id":16438,"date":"2025-01-13T21:03:19","date_gmt":"2025-01-13T18:03:19","guid":{"rendered":"https:\/\/kibrisayna.com\/index.php\/2025\/01\/13\/mevsimsel-grip-vaka-sayilari-onceki-yillardan-farkli-degil-brtk\/"},"modified":"2025-01-13T21:03:19","modified_gmt":"2025-01-13T18:03:19","slug":"mevsimsel-grip-vaka-sayilari-onceki-yillardan-farkli-degil-brtk","status":"publish","type":"post","link":"https:\/\/kibrisayna.com\/index.php\/2025\/01\/13\/mevsimsel-grip-vaka-sayilari-onceki-yillardan-farkli-degil-brtk\/","title":{"rendered":"Mevsimsel grip vaka say\u0131lar\u0131 \u00f6nceki y\u0131llardan farkl\u0131 de\u011fil \u2013 BRTK"},"content":{"rendered":"<p> <br \/>\n<\/p>\n<div>\n<div class=\"mariselle-image-container center\">\n                <img loading=\"lazy\" decoding=\"async\" width=\"746\" height=\"324\" class=\"lazy-image\" alt=\"\" sizes=\"auto, (max-width: 746px) 100vw, 746px\" src=\"https:\/\/brtk.net\/wp-content\/uploads\/2025\/01\/13\/deren-oygar.jpg?ver=3196b63fb540ea57ec962792e0fb7066\" srcset=\"https:\/\/brtk.net\/wp-content\/uploads\/2025\/01\/13\/deren-oygar.jpg?ver=3196b63fb540ea57ec962792e0fb7066 746w, https:\/\/brtk.net\/wp-content\/uploads\/2025\/01\/13\/deren-oygar-300x130.jpg?ver=a204bfc75a878d5cc86e08663896ef77 300w\"\/>                            <\/div>\n<p>Sa\u011fl\u0131k Bakanl\u0131\u011f\u0131 M\u00fcste\u015far\u0131 Deren Oygar, \u00fcst solunum yolu enfeksiyonu vakalar\u0131na ili\u015fkin BRT\u2019ye a\u00e7\u0131klamalarda bulundu.<\/p>\n<p>Deren Oygar, \u00fclkede mevsimsel grip vakalar\u0131 oldu\u011funu ancak bunun endi\u015fe verici boyutta olmad\u0131\u011f\u0131na dikkati \u00e7ekti.<\/p>\n<p>\tOygar, Bula\u015f\u0131c\u0131 Hastal\u0131klar \u00dcst Komitesi\u2019nin Cuma g\u00fcn\u00fc yapt\u0131\u011f\u0131 toplant\u0131da baz\u0131 kararlar ald\u0131\u011f\u0131n\u0131; ge\u00e7en y\u0131l<br \/>Ocak ay\u0131nda da benzer kararlar \u00fcretildi\u011fini hat\u0131rlatt\u0131.<\/p>\n<p>\tKomite\u2019nin 6 ayda bir toplanmas\u0131n\u0131n yasal zorunluluk oldu\u011funa da i\u015faret eden Deren Oygar, toplant\u0131n\u0131n vakalar artt\u0131 diye yap\u0131lmad\u0131\u011f\u0131n\u0131 s\u00f6yledi.<\/p>\n<p>\tOygar, \u201cBenzer kararlar ge\u00e7en ay ocak\u0131 ay\u0131nda da vard\u0131. Sadece revizyon yap\u0131ld\u0131. Eri\u015fkin ve \u00e7ocuk enfeksiyon uzmanlar\u0131 bunun mevsimsel grip oldu\u011fu y\u00f6n\u00fcnde g\u00f6r\u00fc\u015f belirttiler+++\u201d dedi. <\/p>\n<p>\tOcak 2023 ve Aral\u0131k 2024\u2019\u00fcn ba\u015fvuru ve yat\u0131\u015flarla ilgili istatistiksel veriler kar\u015f\u0131la\u015ft\u0131r\u0131ld\u0131\u011f\u0131nda klinik yat\u0131\u015flarda ve poliklinik ba\u015fvurular\u0131nda bir fark g\u00f6r\u00fcnmedi\u011fini s\u00f6yleyen Oygar, \u00f6zellikle \u00e7ocuk yo\u011fun bak\u0131m yat\u0131\u015flar\u0131nda azalma oldu\u011funu belirtti.<\/p>\n<p>TIP-\u0130\u015e\u2019in yo\u011fun bak\u0131m \u00fcnitelerinin doldu\u011fu y\u00f6n\u00fcnde a\u00e7\u0131klamas\u0131na ili\u015fkin olarak ise Deren Oygar, kamu hastanelerinde \u00e7al\u0131\u015fan enfeksiyon ve g\u00f6\u011f\u00fcs hastal\u0131klar\u0131 uzmanlar\u0131n\u0131n kedilerine yo\u011fun bak\u0131mlar\u0131n doldu\u011fu y\u00f6n\u00fcnde bir uyar\u0131s\u0131 olmad\u0131\u011f\u0131n\u0131 s\u00f6yledi. <\/p>\n<p>\tDeren Oygar, \u201cUzmanlar\u0131n bize b\u00f6yle bir uyar\u0131s\u0131 olmad\u0131. Tamamen mevsimsel griptir. Ekstra bir fark yoktur. Bize uzmanlar \u00f6neriler getirdiler ancak ayr\u0131 poliklinik a\u00e7ma y\u00f6n\u00fcnde uzmanlardan herhangi bir \u00f6neri gelmedi\u201d diye konu\u015ftu.<\/p>\n<p>\tSa\u011fl\u0131k Bakanl\u0131\u011f\u0131\u2019n\u0131n yo\u011fun bak\u0131m yataklar\u0131n\u0131n art\u0131r\u0131lmas\u0131 gerekti\u011finin fark\u0131nda oldu\u011funu kaydeden Oygar \u201cyo\u011fun bak\u0131m yataklar\u0131n\u0131n n\u00fcfusa g\u00f6re artt\u0131r\u0131lmas\u0131 gerekti\u011finin fark\u0131nday\u0131z ve bunun i\u00e7in \u00e7al\u0131\u015fmalar ba\u015flat\u0131ld\u0131\u201d dedi<\/p>\n<\/p><\/div>\n<p><script async\n                    defer\n                    crossorigin=\"anonymous\"\n                    src=\"https:\/\/connect.facebook.net\/tr_TR\/sdk.js#xfbml=1&#038;version=v3.3\"\n            ><\/script><br \/>\n<br \/><br \/>\n<br \/><a href=\"https:\/\/brtk.net\/deren-oygar-mevsimsel-grip-vaka-sayilari-onceki-yillardan-farkli-degil\/\">Kaynak BRT <\/a><\/p>\n","protected":false},"excerpt":{"rendered":"<p>Sa\u011fl\u0131k Bakanl\u0131\u011f\u0131 M\u00fcste\u015far\u0131 Deren Oygar, \u00fcst solunum yolu enfeksiyonu vakalar\u0131na ili\u015fkin BRT\u2019ye a\u00e7\u0131klamalarda bulundu. Deren Oygar, \u00fclkede mevsimsel grip vakalar\u0131 oldu\u011funu ancak bunun endi\u015fe verici boyutta olmad\u0131\u011f\u0131na dikkati \u00e7ekti. Oygar, Bula\u015f\u0131c\u0131 Hastal\u0131klar \u00dcst Komitesi\u2019nin Cuma g\u00fcn\u00fc yapt\u0131\u011f\u0131 toplant\u0131da baz\u0131 kararlar ald\u0131\u011f\u0131n\u0131; ge\u00e7en y\u0131lOcak ay\u0131nda da benzer kararlar \u00fcretildi\u011fini hat\u0131rlatt\u0131. Komite\u2019nin 6 ayda bir toplanmas\u0131n\u0131n yasal [&hellip;]<\/p>\n","protected":false},"author":908,"featured_media":16439,"comment_status":"open","ping_status":"open","sticky":false,"template":"","format":"standard","meta":{"_jetpack_memberships_contains_paid_content":false,"footnotes":"","jetpack_publicize_message":"","jetpack_publicize_feature_enabled":true,"jetpack_social_post_already_shared":true,"jetpack_social_options":{"image_generator_settings":{"template":"highway","default_image_id":0,"font":"","enabled":false},"version":2}},"categories":[253],"tags":[],"class_list":["post-16438","post","type-post","status-publish","format-standard","has-post-thumbnail","hentry","category-gundem"],"jetpack_publicize_connections":[],"jetpack_featured_media_url":"https:\/\/kibrisayna.com\/wp-content\/uploads\/2025\/01\/deren-oygar.jpg","jetpack_sharing_enabled":true,"_links":{"self":[{"href":"https:\/\/kibrisayna.com\/index.php\/wp-json\/wp\/v2\/posts\/16438","targetHints":{"allow":["GET"]}}],"collection":[{"href":"https:\/\/kibrisayna.com\/index.php\/wp-json\/wp\/v2\/posts"}],"about":[{"href":"https:\/\/kibrisayna.com\/index.php\/wp-json\/wp\/v2\/types\/post"}],"author":[{"embeddable":true,"href":"https:\/\/kibrisayna.com\/index.php\/wp-json\/wp\/v2\/users\/908"}],"replies":[{"embeddable":true,"href":"https:\/\/kibrisayna.com\/index.php\/wp-json\/wp\/v2\/comments?post=16438"}],"version-history":[{"count":0,"href":"https:\/\/kibrisayna.com\/index.php\/wp-json\/wp\/v2\/posts\/16438\/revisions"}],"wp:featuredmedia":[{"embeddable":true,"href":"https:\/\/kibrisayna.com\/index.php\/wp-json\/wp\/v2\/media\/16439"}],"wp:attachment":[{"href":"https:\/\/kibrisayna.com\/index.php\/wp-json\/wp\/v2\/media?parent=16438"}],"wp:term":[{"taxonomy":"category","embeddable":true,"href":"https:\/\/kibrisayna.com\/index.php\/wp-json\/wp\/v2\/categories?post=16438"},{"taxonomy":"post_tag","embeddable":true,"href":"https:\/\/kibrisayna.com\/index.php\/wp-json\/wp\/v2\/tags?post=16438"}],"curies":[{"name":"wp","href":"https:\/\/api.w.org\/{rel}","templated":true}]}}