{"id":16432,"date":"2025-01-13T19:40:19","date_gmt":"2025-01-13T16:40:19","guid":{"rendered":"https:\/\/kibrisayna.com\/index.php\/2025\/01\/13\/asbuzu-u16-ikinci-tur-yapildi-brtk\/"},"modified":"2025-01-13T19:40:19","modified_gmt":"2025-01-13T16:40:19","slug":"asbuzu-u16-ikinci-tur-yapildi-brtk","status":"publish","type":"post","link":"https:\/\/kibrisayna.com\/index.php\/2025\/01\/13\/asbuzu-u16-ikinci-tur-yapildi-brtk\/","title":{"rendered":"Asbuzu U16 \u0130kinci Tur yap\u0131ld\u0131 \u2013 BRTK"},"content":{"rendered":"<p> <br \/>\n<\/p>\n<div>\n<div class=\"mariselle-image-container center\">\n                <img loading=\"lazy\" decoding=\"async\" width=\"720\" height=\"412\" class=\"lazy-image\" alt=\"\" sizes=\"auto, (max-width: 720px) 100vw, 720px\" src=\"https:\/\/brtk.net\/wp-content\/uploads\/2025\/01\/13\/ASBUZU-U16.jpeg?ver=f1e9ea785337079de34b8f4e33c9583e\" srcset=\"https:\/\/brtk.net\/wp-content\/uploads\/2025\/01\/13\/ASBUZU-U16.jpeg?ver=f1e9ea785337079de34b8f4e33c9583e 720w, https:\/\/brtk.net\/wp-content\/uploads\/2025\/01\/13\/ASBUZU-U16-300x172.jpeg?ver=f1e9ea785337079de34b8f4e33c9583e 300w\"\/>                            <\/div>\n<p>Asbuzu U16 son onalt\u0131 turu kar\u015f\u0131la\u015fmalar\u0131 yap\u0131ld\u0131. Kar\u015f\u0131la\u015fmalarda rakiplerini yenmeyi ba\u015faran 1461 \u0130skele Trabzonspor, Do\u011fan T\u00fcrk Birli\u011fi, \u00c7etinkaya, K\u00fc\u00e7\u00fck Kaymakl\u0131, Treme\u015feli Holding Dumlup\u0131nar, Ma\u011fusa T\u00fcrk G\u00fcc\u00fc, G\u00f6\u00e7menk\u00f6y ve G\u00f6nyeli \u00e7eyrek finale y\u00fckseldiler. Bu sekiz tak\u0131m ayr\u0131ca \u00f6n\u00fcm\u00fczdeki sezon d\u00fczenlenecek olan U17 Futbol Elit Ligi\u2019ne kat\u0131lma hakk\u0131 da kazand\u0131. Bu arada \u00e7eyrek final e\u015fle\u015fmeleri de belli oldu. Program \u015f\u00f6yle:<br \/>G\u00f6nyeli \u2013 G\u00f6\u00e7menk\u00f6y<br \/>K\u00fc\u00e7\u00fck Kaymakl\u0131 \u2013 Do\u011fan T\u00fcrk Birli\u011fi<br \/>Ma\u011fusa T\u00fcrk G\u00fcc\u00fc \u2013 \u00c7etinkaya<br \/>1461 \u0130skele Trabzonspor \u2013 Treme\u015feli Holding Dumlup\u0131nar<\/p>\n<\/p><\/div>\n<p><script async\n                    defer\n                    crossorigin=\"anonymous\"\n                    src=\"https:\/\/connect.facebook.net\/tr_TR\/sdk.js#xfbml=1&#038;version=v3.3\"\n            ><\/script><br \/>\n<br \/><br \/>\n<br \/><a href=\"https:\/\/brtk.net\/asbuzu-u16-ikinci-tur-yapildi\/\">Kaynak BRT <\/a><\/p>\n","protected":false},"excerpt":{"rendered":"<p>Asbuzu U16 son onalt\u0131 turu kar\u015f\u0131la\u015fmalar\u0131 yap\u0131ld\u0131. Kar\u015f\u0131la\u015fmalarda rakiplerini yenmeyi ba\u015faran 1461 \u0130skele Trabzonspor, Do\u011fan T\u00fcrk Birli\u011fi, \u00c7etinkaya, K\u00fc\u00e7\u00fck Kaymakl\u0131, Treme\u015feli Holding Dumlup\u0131nar, Ma\u011fusa T\u00fcrk G\u00fcc\u00fc, G\u00f6\u00e7menk\u00f6y ve G\u00f6nyeli \u00e7eyrek finale y\u00fckseldiler. Bu sekiz tak\u0131m ayr\u0131ca \u00f6n\u00fcm\u00fczdeki sezon d\u00fczenlenecek olan U17 Futbol Elit Ligi\u2019ne kat\u0131lma hakk\u0131 da kazand\u0131. Bu arada \u00e7eyrek final e\u015fle\u015fmeleri de belli [&hellip;]<\/p>\n","protected":false},"author":908,"featured_media":16433,"comment_status":"open","ping_status":"open","sticky":false,"template":"","format":"standard","meta":{"_jetpack_memberships_contains_paid_content":false,"footnotes":"","jetpack_publicize_message":"","jetpack_publicize_feature_enabled":true,"jetpack_social_post_already_shared":true,"jetpack_social_options":{"image_generator_settings":{"template":"highway","default_image_id":0,"font":"","enabled":false},"version":2}},"categories":[9],"tags":[],"class_list":["post-16432","post","type-post","status-publish","format-standard","has-post-thumbnail","hentry","category-spor"],"jetpack_publicize_connections":[],"jetpack_featured_media_url":"https:\/\/kibrisayna.com\/wp-content\/uploads\/2025\/01\/ASBUZU-U16.jpeg","jetpack_sharing_enabled":true,"_links":{"self":[{"href":"https:\/\/kibrisayna.com\/index.php\/wp-json\/wp\/v2\/posts\/16432","targetHints":{"allow":["GET"]}}],"collection":[{"href":"https:\/\/kibrisayna.com\/index.php\/wp-json\/wp\/v2\/posts"}],"about":[{"href":"https:\/\/kibrisayna.com\/index.php\/wp-json\/wp\/v2\/types\/post"}],"author":[{"embeddable":true,"href":"https:\/\/kibrisayna.com\/index.php\/wp-json\/wp\/v2\/users\/908"}],"replies":[{"embeddable":true,"href":"https:\/\/kibrisayna.com\/index.php\/wp-json\/wp\/v2\/comments?post=16432"}],"version-history":[{"count":0,"href":"https:\/\/kibrisayna.com\/index.php\/wp-json\/wp\/v2\/posts\/16432\/revisions"}],"wp:featuredmedia":[{"embeddable":true,"href":"https:\/\/kibrisayna.com\/index.php\/wp-json\/wp\/v2\/media\/16433"}],"wp:attachment":[{"href":"https:\/\/kibrisayna.com\/index.php\/wp-json\/wp\/v2\/media?parent=16432"}],"wp:term":[{"taxonomy":"category","embeddable":true,"href":"https:\/\/kibrisayna.com\/index.php\/wp-json\/wp\/v2\/categories?post=16432"},{"taxonomy":"post_tag","embeddable":true,"href":"https:\/\/kibrisayna.com\/index.php\/wp-json\/wp\/v2\/tags?post=16432"}],"curies":[{"name":"wp","href":"https:\/\/api.w.org\/{rel}","templated":true}]}}