{"id":16430,"date":"2025-01-13T19:11:53","date_gmt":"2025-01-13T16:11:53","guid":{"rendered":"https:\/\/kibrisayna.com\/index.php\/2025\/01\/13\/erhurman-brtde-konustuturkiye-ile-saglikli-diyalog-acisindan-hakan-fidan-ile-gorusmemiz-onemliydi-brtk\/"},"modified":"2025-01-13T19:11:53","modified_gmt":"2025-01-13T16:11:53","slug":"erhurman-brtde-konustuturkiye-ile-saglikli-diyalog-acisindan-hakan-fidan-ile-gorusmemiz-onemliydi-brtk","status":"publish","type":"post","link":"https:\/\/kibrisayna.com\/index.php\/2025\/01\/13\/erhurman-brtde-konustuturkiye-ile-saglikli-diyalog-acisindan-hakan-fidan-ile-gorusmemiz-onemliydi-brtk\/","title":{"rendered":"Erh\u00fcrman BRT\u2019de konu\u015ftu:\u201cT\u00fcrkiye ile sa\u011fl\u0131kl\u0131 diyalog a\u00e7\u0131s\u0131ndan Hakan Fidan ile g\u00f6r\u00fc\u015fmemiz \u00f6nemliydi\u201d \u2013 BRTK"},"content":{"rendered":"<p> <br \/>\n<\/p>\n<div>\n<div class=\"mariselle-image-container center\">\n                <img loading=\"lazy\" decoding=\"async\" width=\"1536\" height=\"740\" class=\"lazy-image\" alt=\"\" sizes=\"auto, (max-width: 1536px) 100vw, 1536px\" src=\"https:\/\/brtk.net\/wp-content\/uploads\/2025\/01\/13\/aed437d0-894e-4386-a457-b6782737fd00.jpg?ver=93cf5b85afe3358e674c01df19f98ffb\" srcset=\"https:\/\/brtk.net\/wp-content\/uploads\/2025\/01\/13\/aed437d0-894e-4386-a457-b6782737fd00.jpg?ver=93cf5b85afe3358e674c01df19f98ffb 1536w, https:\/\/brtk.net\/wp-content\/uploads\/2025\/01\/13\/aed437d0-894e-4386-a457-b6782737fd00-300x145.jpg?ver=93cf5b85afe3358e674c01df19f98ffb 300w, https:\/\/brtk.net\/wp-content\/uploads\/2025\/01\/13\/aed437d0-894e-4386-a457-b6782737fd00-1024x493.jpg?ver=dac40a4585024d03afbd724a8f4c165f 1024w, https:\/\/brtk.net\/wp-content\/uploads\/2025\/01\/13\/aed437d0-894e-4386-a457-b6782737fd00-768x370.jpg?ver=dac40a4585024d03afbd724a8f4c165f 768w\"\/>                            <\/div>\n<p>CTP Genel Ba\u015fkan\u0131 Tufan Erh\u00fcrman, BRT\u2019de g\u00fcndeme ili\u015fkin de\u011ferlendirmelerde bulundu.<\/p>\n<p>T\u00fcrkiye D\u0131\u015fi\u015fleri Bakan\u0131 Hakan Fidan ile g\u00f6r\u00fc\u015fmesini de\u011ferlendiren Erh\u00fcrman, \u201c\u00d6ncelikle T\u00fcrkiye ile sa\u011fl\u0131kl\u0131 bir diyalo\u011fa ihtiyac\u0131m\u0131z oldu\u011funu hep s\u00f6yledik\u2026 T\u00fcrkiye bizimle, biz T\u00fcrkiye ile konu\u015fabilmeliyiz. Bu y\u00fczden Say\u0131n Hakan Fidan ile g\u00f6r\u00fc\u015fmemizi \u00e7ok \u00f6nemsiyorum\u201d \u015feklinde konu\u015ftu.<\/p>\n<p>Hakan Fidan ile K\u0131br\u0131s konusunda olas\u0131 geli\u015fmeleri ele ald\u0131klar\u0131n\u0131 dile getiren Erh\u00fcrman, ayr\u0131ca CTP\u2019nin g\u00f6r\u00fc\u015flerini aktarma f\u0131rsat\u0131 bulduklar\u0131n\u0131 s\u00f6yledi.<\/p>\n<p>K\u0131br\u0131s konusunda bir hareketlenme \u00f6ng\u00f6rd\u00fcklerini de belirten Erh\u00fcrman, uluslararas\u0131 kamuoyundan da gelen sinyaller do\u011frultusunda, merkezi de\u011fil, kurucu devletleri g\u00fc\u00e7l\u00fc yap\u0131da bir s\u00fcrecin g\u00fcndeme gelmesini beklediklerini kaydetti.<br \/>Erh\u00fcrman, K\u0131br\u0131s konusunun Kuzey K\u0131br\u0131s\u2019ta yeterince g\u00fcndeme gelmemesi i\u00e7in \u00e7aba g\u00f6zlemlediklerini ifade ederek, AKEL\u2019in ge\u00e7mi\u015f g\u00f6r\u00fc\u015flerinin aksine, adem-i merkeziyet\u00e7i yap\u0131da bir \u00e7\u00f6z\u00fcme destek vermesinin \u00f6nemine i\u015faret etti.<\/p>\n<p>Cumhurba\u015fkanl\u0131\u011f\u0131 se\u00e7imi ile ilgili \u201cSe\u00e7im, federal \u00e7\u00f6z\u00fcm ya da iki devletli \u00e7\u00f6z\u00fcm\u00fcn referandumu niteli\u011finde mi olacak? sorusu \u00fczerine Erh\u00fcrman, bunun ge\u00e7erli olamayaca\u011f\u0131n\u0131, tek kabul edilebilir modelin federal \u00e7\u00f6z\u00fcm oldu\u011funu s\u00f6yledi.<\/p>\n<p>CTP\u2019nin Cumhurba\u015fkanl\u0131\u011f\u0131 \u00e7al\u0131\u015fmalar\u0131yla ilgili de Erh\u00fcrman, Parti olarak \u00f6ncelikle Mart ay\u0131nda yapacaklar\u0131 kurultay i\u00e7in haz\u0131rland\u0131klar\u0131n\u0131, kurultay sonras\u0131 Cumhurba\u015fkanl\u0131\u011f\u0131 Se\u00e7imi\u2019nin resmi olarak g\u00fcndeme gelece\u011fini aktard\u0131.<\/p>\n<p>Erh\u00fcrman, \u201cKurultay\u0131n ard\u0131ndan Cumhurba\u015fkanl\u0131\u011f\u0131 Se\u00e7imi Mart sonu Nisan ba\u015f\u0131 g\u00fcndeme gelecek\u201d derken, \u201cAday m\u0131s\u0131n\u0131z?\u201d sorusuna \u201c\u0130\u015fte o zaman netle\u015fecek\u201d yan\u0131t\u0131 verdi.<\/p>\n<\/p><\/div>\n<p><script async\n                    defer\n                    crossorigin=\"anonymous\"\n                    src=\"https:\/\/connect.facebook.net\/tr_TR\/sdk.js#xfbml=1&#038;version=v3.3\"\n            ><\/script><br \/>\n<br \/><br \/>\n<br \/><a href=\"https:\/\/brtk.net\/erhurman-brtde-konustuturkiye-ile-saglikli-diyalog-acisindan-hakan-fidan-ile-gorusmemiz-onemliydi\/\">Kaynak BRT <\/a><\/p>\n","protected":false},"excerpt":{"rendered":"<p>CTP Genel Ba\u015fkan\u0131 Tufan Erh\u00fcrman, BRT\u2019de g\u00fcndeme ili\u015fkin de\u011ferlendirmelerde bulundu. T\u00fcrkiye D\u0131\u015fi\u015fleri Bakan\u0131 Hakan Fidan ile g\u00f6r\u00fc\u015fmesini de\u011ferlendiren Erh\u00fcrman, \u201c\u00d6ncelikle T\u00fcrkiye ile sa\u011fl\u0131kl\u0131 bir diyalo\u011fa ihtiyac\u0131m\u0131z oldu\u011funu hep s\u00f6yledik\u2026 T\u00fcrkiye bizimle, biz T\u00fcrkiye ile konu\u015fabilmeliyiz. Bu y\u00fczden Say\u0131n Hakan Fidan ile g\u00f6r\u00fc\u015fmemizi \u00e7ok \u00f6nemsiyorum\u201d \u015feklinde konu\u015ftu. Hakan Fidan ile K\u0131br\u0131s konusunda olas\u0131 geli\u015fmeleri ele ald\u0131klar\u0131n\u0131 [&hellip;]<\/p>\n","protected":false},"author":908,"featured_media":16431,"comment_status":"open","ping_status":"open","sticky":false,"template":"","format":"standard","meta":{"_jetpack_memberships_contains_paid_content":false,"footnotes":"","jetpack_publicize_message":"","jetpack_publicize_feature_enabled":true,"jetpack_social_post_already_shared":true,"jetpack_social_options":{"image_generator_settings":{"template":"highway","default_image_id":0,"font":"","enabled":false},"version":2}},"categories":[253],"tags":[],"class_list":["post-16430","post","type-post","status-publish","format-standard","has-post-thumbnail","hentry","category-gundem"],"jetpack_publicize_connections":[],"jetpack_featured_media_url":"https:\/\/kibrisayna.com\/wp-content\/uploads\/2025\/01\/aed437d0-894e-4386-a457-b6782737fd00.jpg","jetpack_sharing_enabled":true,"_links":{"self":[{"href":"https:\/\/kibrisayna.com\/index.php\/wp-json\/wp\/v2\/posts\/16430","targetHints":{"allow":["GET"]}}],"collection":[{"href":"https:\/\/kibrisayna.com\/index.php\/wp-json\/wp\/v2\/posts"}],"about":[{"href":"https:\/\/kibrisayna.com\/index.php\/wp-json\/wp\/v2\/types\/post"}],"author":[{"embeddable":true,"href":"https:\/\/kibrisayna.com\/index.php\/wp-json\/wp\/v2\/users\/908"}],"replies":[{"embeddable":true,"href":"https:\/\/kibrisayna.com\/index.php\/wp-json\/wp\/v2\/comments?post=16430"}],"version-history":[{"count":0,"href":"https:\/\/kibrisayna.com\/index.php\/wp-json\/wp\/v2\/posts\/16430\/revisions"}],"wp:featuredmedia":[{"embeddable":true,"href":"https:\/\/kibrisayna.com\/index.php\/wp-json\/wp\/v2\/media\/16431"}],"wp:attachment":[{"href":"https:\/\/kibrisayna.com\/index.php\/wp-json\/wp\/v2\/media?parent=16430"}],"wp:term":[{"taxonomy":"category","embeddable":true,"href":"https:\/\/kibrisayna.com\/index.php\/wp-json\/wp\/v2\/categories?post=16430"},{"taxonomy":"post_tag","embeddable":true,"href":"https:\/\/kibrisayna.com\/index.php\/wp-json\/wp\/v2\/tags?post=16430"}],"curies":[{"name":"wp","href":"https:\/\/api.w.org\/{rel}","templated":true}]}}