{"id":16426,"date":"2025-01-13T18:48:31","date_gmt":"2025-01-13T15:48:31","guid":{"rendered":"https:\/\/kibrisayna.com\/index.php\/2025\/01\/13\/cezaevi-sonrasi-yasam-projesi-kapsaminda-egitim-duzenlenecek-brtk\/"},"modified":"2025-01-13T18:48:31","modified_gmt":"2025-01-13T15:48:31","slug":"cezaevi-sonrasi-yasam-projesi-kapsaminda-egitim-duzenlenecek-brtk","status":"publish","type":"post","link":"https:\/\/kibrisayna.com\/index.php\/2025\/01\/13\/cezaevi-sonrasi-yasam-projesi-kapsaminda-egitim-duzenlenecek-brtk\/","title":{"rendered":"Cezaevi Sonras\u0131 Ya\u015fam Projesi kapsam\u0131nda e\u011fitim d\u00fczenlenecek \u2013 BRTK"},"content":{"rendered":"<p> <br \/>\n<\/p>\n<div>\n<div class=\"mariselle-image-container center\">\n                <img loading=\"lazy\" decoding=\"async\" width=\"1080\" height=\"1080\" class=\"lazy-image\" alt=\"\" sizes=\"auto, (max-width: 1080px) 100vw, 1080px\" src=\"https:\/\/brtk.net\/wp-content\/uploads\/2025\/01\/13\/qwejlq.png?ver=6c70465f7b7207e02e31d5319076947f\" srcset=\"https:\/\/brtk.net\/wp-content\/uploads\/2025\/01\/13\/qwejlq.png?ver=6c70465f7b7207e02e31d5319076947f 1080w, https:\/\/brtk.net\/wp-content\/uploads\/2025\/01\/13\/qwejlq-300x300.png?ver=635f73db8c48e0a860607046e7ed05e2 300w, https:\/\/brtk.net\/wp-content\/uploads\/2025\/01\/13\/qwejlq-1024x1024.png?ver=635f73db8c48e0a860607046e7ed05e2 1024w, https:\/\/brtk.net\/wp-content\/uploads\/2025\/01\/13\/qwejlq-150x150.png?ver=635f73db8c48e0a860607046e7ed05e2 150w, https:\/\/brtk.net\/wp-content\/uploads\/2025\/01\/13\/qwejlq-768x768.png?ver=91ca254d7bb752f1f6b66e2f2e051100 768w, https:\/\/brtk.net\/wp-content\/uploads\/2025\/01\/13\/qwejlq-800x800.png?ver=87b5860132f6f8327261cfd716f2559d 800w\"\/>                            <\/div>\n<p> Cezaevi Sonras\u0131 Ya\u015fam Projesi kapsam\u0131nda Profesyonel Geli\u015fim ve \u0130leti\u015fim Becerileri E\u011fitim Serisi 4-5 \u015eubat tarihlerinde, 09.00-16.00 saatleri aras\u0131nda \u0130nsan Kaynaklar\u0131 Y\u00f6netimi Derne\u011fi\u2019nde d\u00fczenlenecek.<\/p>\n<p>Avrupa Birli\u011fi taraf\u0131ndan K\u0131br\u0131s T\u00fcrk toplumuna y\u00f6nelik AB Yard\u0131m Program\u0131 kapsam\u0131nda finanse edilen ve K\u0131br\u0131s T\u00fcrk Barolar Birli\u011fi ile \u0130nsan Kaynaklar\u0131 Y\u00f6netimi Derne\u011fi i\u015f birli\u011finde y\u00fcr\u00fct\u00fclen Cezaevi Sonras\u0131 Ya\u015fam: \u0130stihdama \u00d6zel Bak\u0131\u015f Projesi, yerel yasal metinlerin iyile\u015ftirilmesine odaklanarak, tekrar su\u00e7 i\u015flemenin \u00f6nlenmesine ve eski h\u00fck\u00fcml\u00fclerin sosyal entegrasyon s\u00fcrecine katk\u0131da bulunmay\u0131 ama\u00e7l\u0131yor.<\/p>\n<p>Proje kapsam\u0131nda d\u00fczenlenen Profesyonel Geli\u015fim ve \u0130leti\u015fim Becerileri E\u011fitim Serisi\u2019nin ilki, 22-23 Ekim tarihlerinde K\u0131br\u0131s T\u00fcrk Barolar Birli\u011fi\u2019nde d\u00fczenlendi.<\/p>\n<p>Ayn\u0131 i\u00e7erikle d\u00fczenlenecek olan e\u011fitimin ikincisi, 4-5 \u015eubat tarihlerinde, 09.00-16.00 saatleri aras\u0131nda \u0130nsan Kaynaklar\u0131 Y\u00f6netimi Derne\u011fi\u2019nde ger\u00e7ekle\u015ftirilecek.<\/p>\n<p>E\u011fitimler, yaln\u0131zca eski h\u00fck\u00fcml\u00fcler ile denetimli serbestlik ve \u015fartl\u0131 tahliyeden yararlanan bireylere y\u00f6nelik olacak.<\/p>\n<p>\u00d6zge\u00e7mi\u015f (CV) Haz\u0131rlama, \u0130\u015f Arama Teknikleri, Genel \u0130leti\u015fim ve M\u00fclakat Becerileri ba\u015fl\u0131klar\u0131n\u0131 i\u00e7erecek olan e\u011fitim, kat\u0131l\u0131mc\u0131lar\u0131n i\u015f arama ve kariyer s\u00fcre\u00e7lerinde ihtiya\u00e7 duyabilecekleri bilgi ve becerileri geli\u015ftirmelerine destek olmay\u0131 ama\u00e7l\u0131yor.<\/p>\n<p>E\u011fitime s\u0131n\u0131rl\u0131 say\u0131da kat\u0131l\u0131mc\u0131 kabul edilecek.  Kat\u0131l\u0131m i\u00e7in +90 533 848 74 48 numaral\u0131 telefonu arayarak kay\u0131t yapt\u0131r\u0131labilir. E\u011fitim sonunda kat\u0131l\u0131mc\u0131lara sertifika verilecek.<\/p>\n<\/p><\/div>\n<p><script async\n                    defer\n                    crossorigin=\"anonymous\"\n                    src=\"https:\/\/connect.facebook.net\/tr_TR\/sdk.js#xfbml=1&#038;version=v3.3\"\n            ><\/script><br \/>\n<br \/><br \/>\n<br \/><a href=\"https:\/\/brtk.net\/cezaevi-sonrasi-yasam-projesi-kapsaminda-egitim-duzenlenecek\/\">Kaynak BRT <\/a><\/p>\n","protected":false},"excerpt":{"rendered":"<p>Cezaevi Sonras\u0131 Ya\u015fam Projesi kapsam\u0131nda Profesyonel Geli\u015fim ve \u0130leti\u015fim Becerileri E\u011fitim Serisi 4-5 \u015eubat tarihlerinde, 09.00-16.00 saatleri aras\u0131nda \u0130nsan Kaynaklar\u0131 Y\u00f6netimi Derne\u011fi\u2019nde d\u00fczenlenecek. Avrupa Birli\u011fi taraf\u0131ndan K\u0131br\u0131s T\u00fcrk toplumuna y\u00f6nelik AB Yard\u0131m Program\u0131 kapsam\u0131nda finanse edilen ve K\u0131br\u0131s T\u00fcrk Barolar Birli\u011fi ile \u0130nsan Kaynaklar\u0131 Y\u00f6netimi Derne\u011fi i\u015f birli\u011finde y\u00fcr\u00fct\u00fclen Cezaevi Sonras\u0131 Ya\u015fam: \u0130stihdama \u00d6zel Bak\u0131\u015f [&hellip;]<\/p>\n","protected":false},"author":908,"featured_media":16427,"comment_status":"open","ping_status":"open","sticky":false,"template":"","format":"standard","meta":{"_jetpack_memberships_contains_paid_content":false,"footnotes":"","jetpack_publicize_message":"","jetpack_publicize_feature_enabled":true,"jetpack_social_post_already_shared":true,"jetpack_social_options":{"image_generator_settings":{"template":"highway","default_image_id":0,"font":"","enabled":false},"version":2}},"categories":[253],"tags":[],"class_list":["post-16426","post","type-post","status-publish","format-standard","has-post-thumbnail","hentry","category-gundem"],"jetpack_publicize_connections":[],"jetpack_featured_media_url":"https:\/\/kibrisayna.com\/wp-content\/uploads\/2025\/01\/qwejlq.png","jetpack_sharing_enabled":true,"_links":{"self":[{"href":"https:\/\/kibrisayna.com\/index.php\/wp-json\/wp\/v2\/posts\/16426","targetHints":{"allow":["GET"]}}],"collection":[{"href":"https:\/\/kibrisayna.com\/index.php\/wp-json\/wp\/v2\/posts"}],"about":[{"href":"https:\/\/kibrisayna.com\/index.php\/wp-json\/wp\/v2\/types\/post"}],"author":[{"embeddable":true,"href":"https:\/\/kibrisayna.com\/index.php\/wp-json\/wp\/v2\/users\/908"}],"replies":[{"embeddable":true,"href":"https:\/\/kibrisayna.com\/index.php\/wp-json\/wp\/v2\/comments?post=16426"}],"version-history":[{"count":0,"href":"https:\/\/kibrisayna.com\/index.php\/wp-json\/wp\/v2\/posts\/16426\/revisions"}],"wp:featuredmedia":[{"embeddable":true,"href":"https:\/\/kibrisayna.com\/index.php\/wp-json\/wp\/v2\/media\/16427"}],"wp:attachment":[{"href":"https:\/\/kibrisayna.com\/index.php\/wp-json\/wp\/v2\/media?parent=16426"}],"wp:term":[{"taxonomy":"category","embeddable":true,"href":"https:\/\/kibrisayna.com\/index.php\/wp-json\/wp\/v2\/categories?post=16426"},{"taxonomy":"post_tag","embeddable":true,"href":"https:\/\/kibrisayna.com\/index.php\/wp-json\/wp\/v2\/tags?post=16426"}],"curies":[{"name":"wp","href":"https:\/\/api.w.org\/{rel}","templated":true}]}}