{"id":16424,"date":"2025-01-13T18:35:05","date_gmt":"2025-01-13T15:35:05","guid":{"rendered":"https:\/\/kibrisayna.com\/index.php\/2025\/01\/13\/hafta-boyunca-yagmur-beklenmiyor-brtk\/"},"modified":"2025-01-13T18:35:05","modified_gmt":"2025-01-13T15:35:05","slug":"hafta-boyunca-yagmur-beklenmiyor-brtk","status":"publish","type":"post","link":"https:\/\/kibrisayna.com\/index.php\/2025\/01\/13\/hafta-boyunca-yagmur-beklenmiyor-brtk\/","title":{"rendered":"Hafta boyunca ya\u011fmur beklenmiyor \u2013 BRTK"},"content":{"rendered":"<p> <br \/>\n<\/p>\n<div>\n<div class=\"mariselle-image-container center\">\n                <img loading=\"lazy\" decoding=\"async\" width=\"728\" height=\"386\" class=\"lazy-image\" alt=\"\" sizes=\"auto, (max-width: 728px) 100vw, 728px\" src=\"https:\/\/brtk.net\/wp-content\/uploads\/2023\/03\/27\/hava-nasil-olacak.webp?ver=ea10791f70949439f8d3f5049d8c2545\" srcset=\"https:\/\/brtk.net\/wp-content\/uploads\/2023\/03\/27\/hava-nasil-olacak.webp?ver=ea10791f70949439f8d3f5049d8c2545 728w, https:\/\/brtk.net\/wp-content\/uploads\/2023\/03\/27\/hava-nasil-olacak-300x159.webp?ver=ea10791f70949439f8d3f5049d8c2545 300w\"\/>                            <\/div>\n<p>Meteoroloji Dairesi\u2019ne g\u00f6re hafta boyunca ya\u011fmur beklenmiyor.<\/p>\n<p>Meteoroloji Dairesi\u2019nin 14-20 Ocak tarihlerini kapsayan raporunda, haftan\u0131n genel olarak par\u00e7al\u0131 ve az bulutlu ge\u00e7ece\u011fi belirtildi. Yar\u0131n ve \u00e7ar\u015famba g\u00fcn\u00fc sabah saatlerinde yer yer sis bekleniyor.<\/p>\n<p>B\u00f6lgenin al\u00e7ak bas\u0131n\u00e7 sistemi ile so\u011fuk ve nemli hava k\u00fctlesi alt\u0131nda olaca\u011f\u0131 belirtilen rapora g\u00f6re, hava s\u0131cakl\u0131\u011f\u0131 periyodun ilk yar\u0131s\u0131nda 18 \u2013 21,  di\u011fer yar\u0131s\u0131nda ise 14 \u2013 17 derece dolaylar\u0131nda seyredecek.<\/p>\n<p>R\u00fczgar periyodun ilk g\u00fcnleri kuzey ve do\u011fu, di\u011fer g\u00fcnlerde ise kuzey ve bat\u0131 y\u00f6nlerden orta kuvvette, cuma g\u00fcn\u00fc ise zaman zaman kuvvetli olarak esecek.<\/p>\n<\/p><\/div>\n<p><script async\n                    defer\n                    crossorigin=\"anonymous\"\n                    src=\"https:\/\/connect.facebook.net\/tr_TR\/sdk.js#xfbml=1&#038;version=v3.3\"\n            ><\/script><br \/>\n<br \/><br \/>\n<br \/><a href=\"https:\/\/brtk.net\/hafta-boyunca-yagmur-beklenmiyor\/\">Kaynak BRT <\/a><\/p>\n","protected":false},"excerpt":{"rendered":"<p>Meteoroloji Dairesi\u2019ne g\u00f6re hafta boyunca ya\u011fmur beklenmiyor. Meteoroloji Dairesi\u2019nin 14-20 Ocak tarihlerini kapsayan raporunda, haftan\u0131n genel olarak par\u00e7al\u0131 ve az bulutlu ge\u00e7ece\u011fi belirtildi. Yar\u0131n ve \u00e7ar\u015famba g\u00fcn\u00fc sabah saatlerinde yer yer sis bekleniyor. B\u00f6lgenin al\u00e7ak bas\u0131n\u00e7 sistemi ile so\u011fuk ve nemli hava k\u00fctlesi alt\u0131nda olaca\u011f\u0131 belirtilen rapora g\u00f6re, hava s\u0131cakl\u0131\u011f\u0131 periyodun ilk yar\u0131s\u0131nda 18 \u2013 [&hellip;]<\/p>\n","protected":false},"author":908,"featured_media":2250,"comment_status":"open","ping_status":"open","sticky":false,"template":"","format":"standard","meta":{"_jetpack_memberships_contains_paid_content":false,"footnotes":"","jetpack_publicize_message":"","jetpack_publicize_feature_enabled":true,"jetpack_social_post_already_shared":true,"jetpack_social_options":{"image_generator_settings":{"template":"highway","default_image_id":0,"font":"","enabled":false},"version":2}},"categories":[253],"tags":[],"class_list":["post-16424","post","type-post","status-publish","format-standard","has-post-thumbnail","hentry","category-gundem"],"jetpack_publicize_connections":[],"jetpack_featured_media_url":"https:\/\/kibrisayna.com\/wp-content\/uploads\/2024\/08\/hava-nasil-olacak.webp","jetpack_sharing_enabled":true,"_links":{"self":[{"href":"https:\/\/kibrisayna.com\/index.php\/wp-json\/wp\/v2\/posts\/16424","targetHints":{"allow":["GET"]}}],"collection":[{"href":"https:\/\/kibrisayna.com\/index.php\/wp-json\/wp\/v2\/posts"}],"about":[{"href":"https:\/\/kibrisayna.com\/index.php\/wp-json\/wp\/v2\/types\/post"}],"author":[{"embeddable":true,"href":"https:\/\/kibrisayna.com\/index.php\/wp-json\/wp\/v2\/users\/908"}],"replies":[{"embeddable":true,"href":"https:\/\/kibrisayna.com\/index.php\/wp-json\/wp\/v2\/comments?post=16424"}],"version-history":[{"count":0,"href":"https:\/\/kibrisayna.com\/index.php\/wp-json\/wp\/v2\/posts\/16424\/revisions"}],"wp:featuredmedia":[{"embeddable":true,"href":"https:\/\/kibrisayna.com\/index.php\/wp-json\/wp\/v2\/media\/2250"}],"wp:attachment":[{"href":"https:\/\/kibrisayna.com\/index.php\/wp-json\/wp\/v2\/media?parent=16424"}],"wp:term":[{"taxonomy":"category","embeddable":true,"href":"https:\/\/kibrisayna.com\/index.php\/wp-json\/wp\/v2\/categories?post=16424"},{"taxonomy":"post_tag","embeddable":true,"href":"https:\/\/kibrisayna.com\/index.php\/wp-json\/wp\/v2\/tags?post=16424"}],"curies":[{"name":"wp","href":"https:\/\/api.w.org\/{rel}","templated":true}]}}