{"id":16422,"date":"2025-01-13T17:22:43","date_gmt":"2025-01-13T14:22:43","guid":{"rendered":"https:\/\/kibrisayna.com\/index.php\/2025\/01\/13\/dau-ile-tangul-unal-caginer-cocuklara-yardim-vakfi-isbirligi-protokolu-imzaladi-brtk\/"},"modified":"2025-01-13T17:22:43","modified_gmt":"2025-01-13T14:22:43","slug":"dau-ile-tangul-unal-caginer-cocuklara-yardim-vakfi-isbirligi-protokolu-imzaladi-brtk","status":"publish","type":"post","link":"https:\/\/kibrisayna.com\/index.php\/2025\/01\/13\/dau-ile-tangul-unal-caginer-cocuklara-yardim-vakfi-isbirligi-protokolu-imzaladi-brtk\/","title":{"rendered":"DA\u00dc ile Tang\u00fcl \u00dcnal \u00c7a\u011f\u0131ner \u00c7ocuklara Yard\u0131m Vakf\u0131 i\u015fbirli\u011fi protokol\u00fc imzalad\u0131 \u2013 BRTK"},"content":{"rendered":"<p> <br \/>\n<\/p>\n<div>\n<div class=\"mariselle-image-container center\">\n                <img loading=\"lazy\" decoding=\"async\" width=\"1800\" height=\"1131\" class=\"lazy-image\" alt=\"\" sizes=\"auto, (max-width: 1800px) 100vw, 1800px\" src=\"https:\/\/brtk.net\/wp-content\/uploads\/2025\/01\/13\/1736774878313DAU-PROTOKOL-3.jpeg?ver=8824bedc8c91ef76419612d6e193fddf\" srcset=\"https:\/\/brtk.net\/wp-content\/uploads\/2025\/01\/13\/1736774878313DAU-PROTOKOL-3.jpeg?ver=8824bedc8c91ef76419612d6e193fddf 1800w, https:\/\/brtk.net\/wp-content\/uploads\/2025\/01\/13\/1736774878313DAU-PROTOKOL-3-300x189.jpeg?ver=25ca1ad27d7a547b73edcfc18460ed19 300w, https:\/\/brtk.net\/wp-content\/uploads\/2025\/01\/13\/1736774878313DAU-PROTOKOL-3-1024x643.jpeg?ver=25ca1ad27d7a547b73edcfc18460ed19 1024w, https:\/\/brtk.net\/wp-content\/uploads\/2025\/01\/13\/1736774878313DAU-PROTOKOL-3-768x483.jpeg?ver=25ca1ad27d7a547b73edcfc18460ed19 768w, https:\/\/brtk.net\/wp-content\/uploads\/2025\/01\/13\/1736774878313DAU-PROTOKOL-3-1536x965.jpeg?ver=69d9259e3023552f7231fec2e5646523 1536w\"\/>                            <\/div>\n<p>Do\u011fu Akdeniz \u00dcniversitesi (DA\u00dc) ile Tang\u00fcl \u00dcnal \u00c7a\u011f\u0131ner \u00c7ocuklara Yard\u0131m Vakf\u0131, \u00e7ocuklar\u0131n e\u011fitimine katk\u0131 sa\u011flama ve toplumsal sorumluluk projelerinde i\u015f birli\u011fi yapma hususlar\u0131nda protokol imzalad\u0131.<\/p>\n<p>DA\u00dc\u2019den verilen bilgiye g\u00f6re, protokol Acapulco Resort Otel\u2019de DA\u00dc Rekt\u00f6r\u00fc Prof. Dr. Hasan K\u0131l\u0131\u00e7 ve Vak\u0131f Ba\u015fkan\u0131 \u0130\u00e7im \u00c7a\u011f\u0131ner Kavuklu taraf\u0131ndan imzaland\u0131.<\/p>\n<p>\u0130\u00e7im \u00c7a\u011f\u0131ner Kavuklu imza t\u00f6reninde yapt\u0131\u011f\u0131 konu\u015fmada, vakf\u0131n daha kurumsal ve topluma yararl\u0131 projeler ger\u00e7ekle\u015ftirebilmesi noktas\u0131nda DA\u00dc gibi de\u011ferli bir kurumdan bilimsel destek alman\u0131n \u00f6nemli oldu\u011funu belirtti.<\/p>\n<p>Sivil toplum kurulu\u015flar\u0131n\u0131n \u00fcniversitelerden daha fazla yararlanmas\u0131 gerekti\u011fine inand\u0131\u011f\u0131n\u0131 belirten Dr. Kavuklu, bilim \u0131\u015f\u0131\u011f\u0131nda \u00e7ok daha ba\u015far\u0131l\u0131 projelere imza atacaklar\u0131na inand\u0131klar\u0131n\u0131 dile getirdi.<\/p>\n<p>DA\u00dc Rekt\u00f6r\u00fc Prof. Dr. Hasan K\u0131l\u0131\u00e7 ise DA\u00dc\u2019n\u00fcn ilim \u00fcretme ve ara\u015ft\u0131rma yapma g\u00f6revlerinin yan\u0131 s\u0131ra sosyal anlamda da toplumun geli\u015fmesine katk\u0131da bulunan bir kurum oldu\u011funu belirtti.<\/p>\n<p>Tang\u00fcl \u00dcnal \u00c7a\u011f\u0131ner \u00c7ocuklara Yard\u0131m Vakf\u0131\u2019n\u0131n toplumsal geli\u015fime katk\u0131 sa\u011flama noktas\u0131nda \u00e7al\u0131\u015fmalar\u0131 olan bir kurum oldu\u011funu belirten K\u0131l\u0131\u00e7, iki kurumun topluma faydal\u0131 ortak projeler \u00fcretece\u011fine inand\u0131\u011f\u0131n\u0131 kaydetti. Prof. Dr. K\u0131l\u0131\u00e7, protokol\u00fcn hay\u0131rl\u0131 olmas\u0131n\u0131 temenni ederek eme\u011fi ge\u00e7en herkese te\u015fekk\u00fcrlerini sundu.<\/p>\n<\/p><\/div>\n<p><script async\n                    defer\n                    crossorigin=\"anonymous\"\n                    src=\"https:\/\/connect.facebook.net\/tr_TR\/sdk.js#xfbml=1&#038;version=v3.3\"\n            ><\/script><br \/>\n<br \/><br \/>\n<br \/><a href=\"https:\/\/brtk.net\/dau-ile-tangul-unal-caginer-cocuklara-yardim-vakfi-isbirligi-protokolu-imzaladi\/\">Kaynak BRT <\/a><\/p>\n","protected":false},"excerpt":{"rendered":"<p>Do\u011fu Akdeniz \u00dcniversitesi (DA\u00dc) ile Tang\u00fcl \u00dcnal \u00c7a\u011f\u0131ner \u00c7ocuklara Yard\u0131m Vakf\u0131, \u00e7ocuklar\u0131n e\u011fitimine katk\u0131 sa\u011flama ve toplumsal sorumluluk projelerinde i\u015f birli\u011fi yapma hususlar\u0131nda protokol imzalad\u0131. DA\u00dc\u2019den verilen bilgiye g\u00f6re, protokol Acapulco Resort Otel\u2019de DA\u00dc Rekt\u00f6r\u00fc Prof. Dr. Hasan K\u0131l\u0131\u00e7 ve Vak\u0131f Ba\u015fkan\u0131 \u0130\u00e7im \u00c7a\u011f\u0131ner Kavuklu taraf\u0131ndan imzaland\u0131. \u0130\u00e7im \u00c7a\u011f\u0131ner Kavuklu imza t\u00f6reninde yapt\u0131\u011f\u0131 konu\u015fmada, vakf\u0131n [&hellip;]<\/p>\n","protected":false},"author":908,"featured_media":16423,"comment_status":"open","ping_status":"open","sticky":false,"template":"","format":"standard","meta":{"_jetpack_memberships_contains_paid_content":false,"footnotes":"","jetpack_publicize_message":"","jetpack_publicize_feature_enabled":true,"jetpack_social_post_already_shared":true,"jetpack_social_options":{"image_generator_settings":{"template":"highway","default_image_id":0,"font":"","enabled":false},"version":2}},"categories":[253],"tags":[],"class_list":["post-16422","post","type-post","status-publish","format-standard","has-post-thumbnail","hentry","category-gundem"],"jetpack_publicize_connections":[],"jetpack_featured_media_url":"https:\/\/kibrisayna.com\/wp-content\/uploads\/2025\/01\/1736774878313DAU-PROTOKOL-3.jpeg","jetpack_sharing_enabled":true,"_links":{"self":[{"href":"https:\/\/kibrisayna.com\/index.php\/wp-json\/wp\/v2\/posts\/16422","targetHints":{"allow":["GET"]}}],"collection":[{"href":"https:\/\/kibrisayna.com\/index.php\/wp-json\/wp\/v2\/posts"}],"about":[{"href":"https:\/\/kibrisayna.com\/index.php\/wp-json\/wp\/v2\/types\/post"}],"author":[{"embeddable":true,"href":"https:\/\/kibrisayna.com\/index.php\/wp-json\/wp\/v2\/users\/908"}],"replies":[{"embeddable":true,"href":"https:\/\/kibrisayna.com\/index.php\/wp-json\/wp\/v2\/comments?post=16422"}],"version-history":[{"count":0,"href":"https:\/\/kibrisayna.com\/index.php\/wp-json\/wp\/v2\/posts\/16422\/revisions"}],"wp:featuredmedia":[{"embeddable":true,"href":"https:\/\/kibrisayna.com\/index.php\/wp-json\/wp\/v2\/media\/16423"}],"wp:attachment":[{"href":"https:\/\/kibrisayna.com\/index.php\/wp-json\/wp\/v2\/media?parent=16422"}],"wp:term":[{"taxonomy":"category","embeddable":true,"href":"https:\/\/kibrisayna.com\/index.php\/wp-json\/wp\/v2\/categories?post=16422"},{"taxonomy":"post_tag","embeddable":true,"href":"https:\/\/kibrisayna.com\/index.php\/wp-json\/wp\/v2\/tags?post=16422"}],"curies":[{"name":"wp","href":"https:\/\/api.w.org\/{rel}","templated":true}]}}