{"id":16420,"date":"2025-01-13T17:17:05","date_gmt":"2025-01-13T14:17:05","guid":{"rendered":"https:\/\/kibrisayna.com\/index.php\/2025\/01\/13\/rauf-raif-denktas-meslek-lisesi-acildi-brtk\/"},"modified":"2025-01-13T17:17:05","modified_gmt":"2025-01-13T14:17:05","slug":"rauf-raif-denktas-meslek-lisesi-acildi-brtk","status":"publish","type":"post","link":"https:\/\/kibrisayna.com\/index.php\/2025\/01\/13\/rauf-raif-denktas-meslek-lisesi-acildi-brtk\/","title":{"rendered":"Rauf Raif Denkta\u015f Meslek Lisesi a\u00e7\u0131ld\u0131 \u2013 BRTK"},"content":{"rendered":"<p> <br \/>\n<\/p>\n<div>\n<div class=\"mariselle-image-container center\">\n                <img loading=\"lazy\" decoding=\"async\" width=\"2560\" height=\"1920\" class=\"lazy-image\" alt=\"\" sizes=\"auto, (max-width: 2560px) 100vw, 2560px\" src=\"https:\/\/brtk.net\/wp-content\/uploads\/2025\/01\/13\/1736774365500IMG_0050-scaled.jpeg?ver=2a901eb1b63bab6f2154e31d2f25a0f5\" srcset=\"https:\/\/brtk.net\/wp-content\/uploads\/2025\/01\/13\/1736774365500IMG_0050-scaled.jpeg?ver=2a901eb1b63bab6f2154e31d2f25a0f5 2560w, https:\/\/brtk.net\/wp-content\/uploads\/2025\/01\/13\/1736774365500IMG_0050-300x225.jpeg?ver=2a901eb1b63bab6f2154e31d2f25a0f5 300w, https:\/\/brtk.net\/wp-content\/uploads\/2025\/01\/13\/1736774365500IMG_0050-1024x768.jpeg?ver=bb59c64a05161f7120b431f655145b9c 1024w, https:\/\/brtk.net\/wp-content\/uploads\/2025\/01\/13\/1736774365500IMG_0050-768x576.jpeg?ver=02df155656de3d1c710b12a5a110a718 768w, https:\/\/brtk.net\/wp-content\/uploads\/2025\/01\/13\/1736774365500IMG_0050-1536x1152.jpeg?ver=172d1e2ee0c113b56fddedd2b3566b29 1536w, https:\/\/brtk.net\/wp-content\/uploads\/2025\/01\/13\/1736774365500IMG_0050-2048x1536.jpeg?ver=690b1db67a36ba5957915d758432716a 2048w\"\/>                            <\/div>\n<p>Rauf Raif Denkta\u015f Meslek Lisesi, bug\u00fcn d\u00fczenlenen t\u00f6renle a\u00e7\u0131ld\u0131. <\/p>\n<p>Kurucu Cumhurba\u015fkan\u0131 Rauf Raif Denkta\u015f\u2019\u0131n 13.\u00f6l\u00fcm y\u0131ld\u00f6n\u00fcm\u00fcnde d\u00fczenlenen a\u00e7\u0131l\u0131\u015f t\u00f6renine; Cumhurba\u015fkan\u0131 Ersin Tatar, Meclis Ba\u015fkan\u0131 Ziya \u00d6zt\u00fcrkler, Ba\u015fbakan \u00dcnal \u00dcstel, T\u00fcrkiye Cumhuriyeti Lefko\u015fa B\u00fcy\u00fckel\u00e7isi Yasin Ekrem Serim, Milli E\u011fitim Bakan\u0131 Naz\u0131m \u00c7avu\u015fo\u011flu, LTB Ba\u015fkan\u0131 Mehmet Harmanc\u0131, Merkez Bankas\u0131 M\u00fcd\u00fcr\u00fc Rifat G\u00fcnay, baz\u0131 bakanlar, milletvekilleri, di\u011fer yetkililer ve Denkta\u015f ailesi kat\u0131ld\u0131. <\/p>\n<p>Sayg\u0131 duru\u015fu ve \u0130stiklal Mar\u015f\u0131 ile ba\u015flayan t\u00f6rende, konu\u015fmalar yap\u0131ld\u0131, \u015fiirler okundu. A\u00e7\u0131l\u0131\u015f ard\u0131ndan okul gezildi.  <\/p>\n<p>-Kal<\/p>\n<p>T\u00f6rende a\u00e7\u0131l\u0131\u015f konu\u015fmas\u0131n\u0131 okul m\u00fcd\u00fcr\u00fc R\u00fcstem Kal yapt\u0131. Kal, okulun a\u00e7\u0131l\u0131\u015f\u0131n\u0131n K\u0131br\u0131s T\u00fcrk halk\u0131n\u0131n liderini anma ve ad\u0131n\u0131 gelece\u011fe ta\u015f\u0131ma a\u00e7\u0131s\u0131ndan tarihi bir g\u00fcnde yap\u0131ld\u0131\u011f\u0131n\u0131 s\u00f6yledi. <\/p>\n<p>Kal, \u00e7a\u011fda\u015f ve modern bir \u015fekilde yap\u0131lan okulun, \u00fclke e\u011fitimine ve kalifiye eleman yeti\u015ftirilmesine katk\u0131 sa\u011flayaca\u011f\u0131na inan\u00e7 belirterek, okulun hayata ge\u00e7mesinde ba\u015fta T\u00fcrkiye Cumhuriyeti ve Merkez Bankas\u0131 olmak \u00fczere Milli E\u011fitim Bakanl\u0131\u011f\u0131 ile t\u00fcm eme\u011fi ge\u00e7enlere te\u015fekk\u00fcr etti. <\/p>\n<p>T\u00fcm payda\u015flar\u0131n deste\u011fiyle \u00fclkeye modern \u00e7a\u011fda\u015f bir okul kazand\u0131r\u0131ld\u0131\u011f\u0131n\u0131 ifade eden Kal, okul ile ilgili teknik bilgiler verdi, okulun 222 milyon TL\u2019ye mal oldu\u011funu ve e\u011fitime ba\u015flad\u0131\u011f\u0131n\u0131 anlatt\u0131. <\/p>\n<p>Kal, okulun altyap\u0131s\u0131n\u0131n ise 4 y\u0131l i\u00e7inde 600 \u00f6\u011frenciye hizmet verecek \u015feklinde olu\u015fturuldu\u011funu ifade ederek, \u00fclkeye hay\u0131rl\u0131 olmas\u0131n\u0131 temenni etti. <\/p>\n<p>-\u00c7avu\u015fo\u011flu <\/p>\n<p>Milli E\u011fitim Bakan\u0131 Naz\u0131m \u00c7avu\u015fo\u011flu da, KKTC\u2019nin kurucusu Denkta\u015f\u2019\u0131n isminin verildi\u011fi okulun a\u00e7\u0131l\u0131\u015f\u0131 ile b\u00fcy\u00fck bir tarihi gelece\u011fe kazand\u0131rd\u0131klar\u0131n\u0131 ifade etti. <\/p>\n<p>Bu topraklar\u0131n vatan olmas\u0131na ve gelecek nesillere aktar\u0131lmas\u0131n\u0131n \u00f6nemini g\u00f6stermesi amac\u0131yla okula Denkta\u015f ismini verdiklerini ifade eden \u00c7avu\u015fo\u011flu, okulun hayata ge\u00e7mesinde eme\u011fi ge\u00e7en bir \u00e7ok ki\u015fi oldu\u011funu kaydetti. <\/p>\n<p>Atat\u00fcrk\u00e7\u00fc d\u00fc\u015f\u00fcnce i\u00e7inde okullar\u0131n gelece\u011fe ta\u015f\u0131nd\u0131\u011f\u0131n\u0131 ifade eden \u00c7avu\u015fo\u011flu, bakanl\u0131k olarak yeni d\u00f6nemde g\u00fcvenli okullar ve meslek liselerine \u00f6nem verdiklerini vurgulad\u0131. <\/p>\n<p>H\u00fck\u00fcmet olarak 22 yeni okul yapt\u0131klar\u0131n\u0131, \u00f6\u011frencilerin can g\u00fcvenli\u011fi i\u00e7in ad\u0131m att\u0131klar\u0131n\u0131, ge\u00e7ici s\u0131n\u0131flar yapt\u0131klar\u0131n\u0131 anlatan \u00c7avu\u015fo\u011flu, uluslararas\u0131 standartlara uygun okullar yapmaya devam edeceklerini kaydetti. \u00c7avu\u015fo\u011flu, buna ula\u015fmak i\u00e7in h\u00fck\u00fcmet olarak \u00e7al\u0131\u015ft\u0131klar\u0131n\u0131 anlatarak, h\u00fck\u00fcmet \u00fcyelerine te\u015fekk\u00fcr etti. <\/p>\n<p>\u00dclkeye, e\u011fitime, mesle\u011fe y\u00f6nelik b\u00fcy\u00fck bir gayretleri oldu\u011funu anlatan \u00c7avu\u015fo\u011flu, hedeflerinin \u00fclkede d\u00fcnyaya da, \u00fclkeye de hizmet edecek gen\u00e7ler yeti\u015ftirmek oldu\u011funu s\u00f6yledi. <\/p>\n<p>\u00c7avu\u015fo\u011flu, gelecek nesillerin \u00f6\u011fretmenlere emanet oldu\u011funu da ifade ederek, \u00f6\u011fretmensiz, e\u011fitimsiz bir toplum olamayaca\u011f\u0131na i\u015faret etti. \u00c7avu\u015fo\u011flu, \u00f6\u011fretmenlere te\u015fekk\u00fcr ederek, okulun \u00fclkeye hay\u0131rl\u0131 olmas\u0131n\u0131 temenni etti. <\/p>\n<p>\u00c7avu\u015fo\u011flu, okul yapmaya devam edeceklerini s\u00f6zlerine ekledi.  <\/p>\n<p>-\u00dcstel<\/p>\n<p>Ba\u015fbakan \u00dcnal \u00dcstel de, konu\u015fmas\u0131na K\u0131br\u0131s T\u00fcrk halk\u0131n\u0131n ba\u011f\u0131ms\u0131zl\u0131k m\u00fccadelesini ba\u015flatan Dr. Faz\u0131l K\u00fc\u00e7\u00fck ve Rauf Raif Denkta\u015f\u2019\u0131 anarak ba\u015flad\u0131.<\/p>\n<p>\u201cBug\u00fcn tarihi bir g\u00fcn\u201d diyen Ba\u015fbakan \u00dcnal \u00dcstel, Kurucu Cumhurba\u015fkan\u0131 Denkta\u015f\u2019\u0131n ad\u0131n\u0131n bug\u00fcn a\u00e7\u0131lan okulla gelece\u011fe ta\u015f\u0131naca\u011f\u0131n\u0131 s\u00f6yledi.<\/p>\n<p>H\u00fck\u00fcmet i\u00e7in e\u011fitimin \u00f6ncelikleri oldu\u011funu vurgulayan Ba\u015fbakan \u00dcstel \u00dcstel, \u00e7a\u011f\u0131 yakalamak ve gen\u00e7lerin \u00e7a\u011fda\u015f bir \u015fekilde e\u011fitim almas\u0131 i\u00e7in yeni a\u00e7\u0131lan okulun ihtiya\u00e7 oldu\u011funu belirtti. Ba\u015fbakan \u00dcstel, devlet ve \u00f6zel sekt\u00f6r i\u015fbirli\u011fi ile T\u00fcrkiye Cumhuriyeti katk\u0131lar\u0131yla okulun \u00fclkeye kazand\u0131rd\u0131\u011f\u0131n\u0131 kaydetti. <\/p>\n<p>Girne b\u00f6lgesine de bir meslek lisesi kazand\u0131rmak i\u00e7in \u00f6n\u00fcm\u00fczdeki g\u00fcnlerde temel at\u0131laca\u011f\u0131n\u0131 s\u00f6yleyen \u00dcstel, okulun \u00fclkeye hay\u0131rl\u0131 olmas\u0131n\u0131 temenni etti. <\/p>\n<p>-Tatar <\/p>\n<p>Cumhurba\u015fkan\u0131 Ersin Tatar da, Denkta\u015f\u2019\u0131 rahmetle and\u0131, okulun hayat bulmas\u0131nda eme\u011fi ge\u00e7enlere te\u015fekk\u00fcr etti. <\/p>\n<p>Tatar, okulun h\u0131zl\u0131 bir \u015fekilde tamamland\u0131\u011f\u0131n\u0131 ve \u00fclkeye kazand\u0131r\u0131ld\u0131\u011f\u0131n\u0131 ifade ederek, kurucu Cumhurba\u015fkan\u0131n\u0131n ad\u0131n\u0131n verildi\u011fi okulun ilelebet ya\u015fayaca\u011f\u0131n\u0131 kaydetti.  <\/p>\n<p>-\u201cBu okulda e\u011fitim alacak, gelece\u011fe y\u00fcr\u00fcyecek \u00f6\u011frenciler ara eleman de\u011fil, aranan elemanlar olarak yeti\u015fecek\u201d<\/p>\n<p>Bu okulda e\u011fitim alacak, gelece\u011fe y\u00fcr\u00fcyecek \u00f6\u011frencilerin ara eleman de\u011fil aranan elemanlar olarak yeti\u015feceklerine i\u015faret eden Cumhurba\u015fkan\u0131 Tatar, \u00f6\u011frencilerin \u00fclkenin kalkmas\u0131na, gelece\u011fine, meslek hayat\u0131na b\u00fcy\u00fck katk\u0131s\u0131 olaca\u011f\u0131n\u0131 ve KKTC\u2019ye hizmet edece\u011fini ifade etti. Tatar, \u00f6\u011fretmenleri de, gen\u00e7lere ve gelece\u011fe yapt\u0131klar\u0131 katk\u0131lardan dolay\u0131 tebrik etti. <\/p>\n<p>G\u00fcven, bar\u0131\u015f, huzur i\u00e7inde devletin gelece\u011fi i\u00e7in \u00f6\u011fretmenlere b\u00fcy\u00fck g\u00f6rev d\u00fc\u015ft\u00fc\u011f\u00fcn\u00fc belirten Tatar, \u201cEsas olan devlettir, devlete sahip \u00e7\u0131kacak gen\u00e7lerdir\u201d dedi. Cumhurba\u015fkan\u0131 Tatar, kendilerine d\u00fc\u015fen g\u00f6revin de, devlet kurulana kadar \u00f6denen bedelleri unutmadan ve unutturmadan gelece\u011fe ta\u015f\u0131mak oldu\u011funu s\u00f6yledi. <\/p>\n<p>\u00dclkede bar\u0131\u015f\u0131 s\u00fcrd\u00fcrmek i\u00e7in \u00e7al\u0131\u015ft\u0131klar\u0131n\u0131 ancak T\u00fcrkiye Cumhuriyeti\u2019nin garant\u00f6rl\u00fc\u011f\u00fc ve K\u0131br\u0131s T\u00fcrk halk\u0131n\u0131n egemen e\u015fitli\u011finden asla vazge\u00e7meyeceklerini ifade eden Tatar, \u201cYar\u0131m as\u0131rd\u0131r kazand\u0131klar\u0131m\u0131z\u0131 bir imza ile kaybedecek de\u011filiz, b\u00f6yle bir imzay\u0131 atacak biri de yoktur\u201d dedi. <\/p>\n<p>Yap\u0131lan yat\u0131r\u0131mlar\u0131n, b\u00f6lgeye b\u00fcy\u00fck bir de\u011fer getirdi\u011fini belirten Tatar, \u201cKKTC geli\u015fmeye kalk\u0131nmaya devam etmektedir\u201d ifadelerini kulland\u0131. Cumhurba\u015fkan\u0131 Ersin Tatar, okulun \u00fclkeye hay\u0131rl\u0131 olmas\u0131n\u0131 diledi. <\/p>\n<p>Konu\u015fmalar\u0131n ard\u0131ndan \u00f6\u011frencilerin etkinlikleri ile Kurucu Cumhurba\u015fkan\u0131 Denkta\u015f an\u0131ld\u0131. <\/p>\n<p>T\u00f6rende, okulun yap\u0131m\u0131na katk\u0131 sa\u011flayan Merkez Bankas\u0131 M\u00fcd\u00fcr\u00fc Rifat G\u00fcnay ile T\u00fcrkiye Cumhuriyeti Lefko\u015fa B\u00fcy\u00fckel\u00e7isi Yasin Ekrem Serim\u2019e, Cumhurba\u015fkan\u0131 Tatar ve Ba\u015fbakan \u00dcstel taraf\u0131ndan plaket takdim edildi. <\/p>\n<p>T\u00f6rende, Milli E\u011fitim Bakan\u0131 \u00c7avu\u015fo\u011flu, Ba\u015fbakan Yard\u0131mc\u0131s\u0131, Turizm, K\u00fclt\u00fcr, Gen\u00e7lik ve \u00c7evre Bakan\u0131 Fikri Atao\u011flu, Ekonomi ve Enerji Bakan\u0131 Olgun Amcao\u011flu taraf\u0131ndan da, okulun yap\u0131m\u0131na katk\u0131 koyanlara plaket verildi.<\/p>\n<\/p><\/div>\n<p><script async\n                    defer\n                    crossorigin=\"anonymous\"\n                    src=\"https:\/\/connect.facebook.net\/tr_TR\/sdk.js#xfbml=1&#038;version=v3.3\"\n            ><\/script><br \/>\n<br \/><br \/>\n<br \/><a href=\"https:\/\/brtk.net\/rauf-raif-denktas-meslek-lisesi-acildi\/\">Kaynak BRT <\/a><\/p>\n","protected":false},"excerpt":{"rendered":"<p>Rauf Raif Denkta\u015f Meslek Lisesi, bug\u00fcn d\u00fczenlenen t\u00f6renle a\u00e7\u0131ld\u0131. Kurucu Cumhurba\u015fkan\u0131 Rauf Raif Denkta\u015f\u2019\u0131n 13.\u00f6l\u00fcm y\u0131ld\u00f6n\u00fcm\u00fcnde d\u00fczenlenen a\u00e7\u0131l\u0131\u015f t\u00f6renine; Cumhurba\u015fkan\u0131 Ersin Tatar, Meclis Ba\u015fkan\u0131 Ziya \u00d6zt\u00fcrkler, Ba\u015fbakan \u00dcnal \u00dcstel, T\u00fcrkiye Cumhuriyeti Lefko\u015fa B\u00fcy\u00fckel\u00e7isi Yasin Ekrem Serim, Milli E\u011fitim Bakan\u0131 Naz\u0131m \u00c7avu\u015fo\u011flu, LTB Ba\u015fkan\u0131 Mehmet Harmanc\u0131, Merkez Bankas\u0131 M\u00fcd\u00fcr\u00fc Rifat G\u00fcnay, baz\u0131 bakanlar, milletvekilleri, di\u011fer yetkililer [&hellip;]<\/p>\n","protected":false},"author":908,"featured_media":16421,"comment_status":"open","ping_status":"open","sticky":false,"template":"","format":"standard","meta":{"_jetpack_memberships_contains_paid_content":false,"footnotes":"","jetpack_publicize_message":"","jetpack_publicize_feature_enabled":true,"jetpack_social_post_already_shared":true,"jetpack_social_options":{"image_generator_settings":{"template":"highway","default_image_id":0,"font":"","enabled":false},"version":2}},"categories":[253],"tags":[],"class_list":["post-16420","post","type-post","status-publish","format-standard","has-post-thumbnail","hentry","category-gundem"],"jetpack_publicize_connections":[],"jetpack_featured_media_url":"https:\/\/kibrisayna.com\/wp-content\/uploads\/2025\/01\/1736774365500IMG_0050-scaled.jpeg","jetpack_sharing_enabled":true,"_links":{"self":[{"href":"https:\/\/kibrisayna.com\/index.php\/wp-json\/wp\/v2\/posts\/16420","targetHints":{"allow":["GET"]}}],"collection":[{"href":"https:\/\/kibrisayna.com\/index.php\/wp-json\/wp\/v2\/posts"}],"about":[{"href":"https:\/\/kibrisayna.com\/index.php\/wp-json\/wp\/v2\/types\/post"}],"author":[{"embeddable":true,"href":"https:\/\/kibrisayna.com\/index.php\/wp-json\/wp\/v2\/users\/908"}],"replies":[{"embeddable":true,"href":"https:\/\/kibrisayna.com\/index.php\/wp-json\/wp\/v2\/comments?post=16420"}],"version-history":[{"count":0,"href":"https:\/\/kibrisayna.com\/index.php\/wp-json\/wp\/v2\/posts\/16420\/revisions"}],"wp:featuredmedia":[{"embeddable":true,"href":"https:\/\/kibrisayna.com\/index.php\/wp-json\/wp\/v2\/media\/16421"}],"wp:attachment":[{"href":"https:\/\/kibrisayna.com\/index.php\/wp-json\/wp\/v2\/media?parent=16420"}],"wp:term":[{"taxonomy":"category","embeddable":true,"href":"https:\/\/kibrisayna.com\/index.php\/wp-json\/wp\/v2\/categories?post=16420"},{"taxonomy":"post_tag","embeddable":true,"href":"https:\/\/kibrisayna.com\/index.php\/wp-json\/wp\/v2\/tags?post=16420"}],"curies":[{"name":"wp","href":"https:\/\/api.w.org\/{rel}","templated":true}]}}