{"id":16418,"date":"2025-01-13T16:42:47","date_gmt":"2025-01-13T13:42:47","guid":{"rendered":"https:\/\/kibrisayna.com\/index.php\/2025\/01\/13\/istanbulda-luks-araclar-suya-gomuldu-son-dakika-turkiye-haberleri\/"},"modified":"2025-01-13T16:42:47","modified_gmt":"2025-01-13T13:42:47","slug":"istanbulda-luks-araclar-suya-gomuldu-son-dakika-turkiye-haberleri","status":"publish","type":"post","link":"https:\/\/kibrisayna.com\/index.php\/2025\/01\/13\/istanbulda-luks-araclar-suya-gomuldu-son-dakika-turkiye-haberleri\/","title":{"rendered":"\u0130stanbul&#8217;da l\u00fcks ara\u00e7lar suya g\u00f6m\u00fcld\u00fc &#8211; Son Dakika T\u00fcrkiye Haberleri"},"content":{"rendered":"<p> <br \/>\n<\/p>\n<div>\n<p>Edinilen bilgiye g\u00f6re sabah saatlerinde meydana gelen olayda, Sar\u0131yer Ayaza\u011fa&#8217;da Vadi \u0130stanbul&#8217;un kar\u015f\u0131s\u0131ndaki bir \u015fantiye alan\u0131nda yer alan s\u0131f\u0131r kilometre ara\u00e7lar, sa\u011fanak ya\u011f\u0131\u015fla birlikte park alan\u0131nda sular alt\u0131nda kald\u0131. \u015eantiyedeki bir kep\u00e7enin gider a\u00e7mas\u0131n\u0131n ard\u0131ndan ara\u00e7lar\u0131n bulundu\u011fu alandaki su bo\u015falt\u0131ld\u0131.<\/p>\n<\/div>\n<p><br \/>\n<br \/><a href=\"https:\/\/www.ntv.com.tr\/turkiye\/istanbulda-luks-araclar-suya-gomuldu,OsVZXFUI7kiejBg8ozfgCg\"><\/a><\/p>\n","protected":false},"excerpt":{"rendered":"<p>Edinilen bilgiye g\u00f6re sabah saatlerinde meydana gelen olayda, Sar\u0131yer Ayaza\u011fa&#8217;da Vadi \u0130stanbul&#8217;un kar\u015f\u0131s\u0131ndaki bir \u015fantiye alan\u0131nda yer alan s\u0131f\u0131r kilometre ara\u00e7lar, sa\u011fanak ya\u011f\u0131\u015fla birlikte park alan\u0131nda sular alt\u0131nda kald\u0131. \u015eantiyedeki bir kep\u00e7enin gider a\u00e7mas\u0131n\u0131n ard\u0131ndan ara\u00e7lar\u0131n bulundu\u011fu alandaki su bo\u015falt\u0131ld\u0131.<\/p>\n","protected":false},"author":908,"featured_media":16419,"comment_status":"open","ping_status":"open","sticky":false,"template":"","format":"standard","meta":{"_jetpack_memberships_contains_paid_content":false,"footnotes":"","jetpack_publicize_message":"","jetpack_publicize_feature_enabled":true,"jetpack_social_post_already_shared":true,"jetpack_social_options":{"image_generator_settings":{"template":"highway","default_image_id":0,"font":"","enabled":false},"version":2}},"categories":[13],"tags":[],"class_list":["post-16418","post","type-post","status-publish","format-standard","has-post-thumbnail","hentry","category-otomobil"],"jetpack_publicize_connections":[],"jetpack_featured_media_url":"https:\/\/kibrisayna.com\/wp-content\/uploads\/2025\/01\/xmWNUt7lU0GFF023EBRYuA.jpg","jetpack_sharing_enabled":true,"_links":{"self":[{"href":"https:\/\/kibrisayna.com\/index.php\/wp-json\/wp\/v2\/posts\/16418","targetHints":{"allow":["GET"]}}],"collection":[{"href":"https:\/\/kibrisayna.com\/index.php\/wp-json\/wp\/v2\/posts"}],"about":[{"href":"https:\/\/kibrisayna.com\/index.php\/wp-json\/wp\/v2\/types\/post"}],"author":[{"embeddable":true,"href":"https:\/\/kibrisayna.com\/index.php\/wp-json\/wp\/v2\/users\/908"}],"replies":[{"embeddable":true,"href":"https:\/\/kibrisayna.com\/index.php\/wp-json\/wp\/v2\/comments?post=16418"}],"version-history":[{"count":0,"href":"https:\/\/kibrisayna.com\/index.php\/wp-json\/wp\/v2\/posts\/16418\/revisions"}],"wp:featuredmedia":[{"embeddable":true,"href":"https:\/\/kibrisayna.com\/index.php\/wp-json\/wp\/v2\/media\/16419"}],"wp:attachment":[{"href":"https:\/\/kibrisayna.com\/index.php\/wp-json\/wp\/v2\/media?parent=16418"}],"wp:term":[{"taxonomy":"category","embeddable":true,"href":"https:\/\/kibrisayna.com\/index.php\/wp-json\/wp\/v2\/categories?post=16418"},{"taxonomy":"post_tag","embeddable":true,"href":"https:\/\/kibrisayna.com\/index.php\/wp-json\/wp\/v2\/tags?post=16418"}],"curies":[{"name":"wp","href":"https:\/\/api.w.org\/{rel}","templated":true}]}}