{"id":16414,"date":"2025-01-13T15:59:37","date_gmt":"2025-01-13T12:59:37","guid":{"rendered":"https:\/\/kibrisayna.com\/index.php\/2025\/01\/13\/buyuk-bir-devlet-adami-lider-ve-muzakereciydi-brtk\/"},"modified":"2025-01-13T15:59:37","modified_gmt":"2025-01-13T12:59:37","slug":"buyuk-bir-devlet-adami-lider-ve-muzakereciydi-brtk","status":"publish","type":"post","link":"https:\/\/kibrisayna.com\/index.php\/2025\/01\/13\/buyuk-bir-devlet-adami-lider-ve-muzakereciydi-brtk\/","title":{"rendered":"\u201cB\u00fcy\u00fck bir devlet adam\u0131, lider ve m\u00fczakereciydi\u201d \u2013 BRTK"},"content":{"rendered":"<p> <br \/>\n<\/p>\n<div>\n<div class=\"mariselle-image-container center\">\n                <img loading=\"lazy\" decoding=\"async\" width=\"2480\" height=\"1656\" class=\"lazy-image\" alt=\"\" sizes=\"auto, (max-width: 2480px) 100vw, 2480px\" src=\"https:\/\/brtk.net\/wp-content\/uploads\/2025\/01\/13\/lllllllllllllllllllllllllllllllllllllllllllllllllllllllllllllllll.jpg?ver=98645f98daf144fd8ad53a322f569e93\" srcset=\"https:\/\/brtk.net\/wp-content\/uploads\/2025\/01\/13\/lllllllllllllllllllllllllllllllllllllllllllllllllllllllllllllllll.jpg?ver=98645f98daf144fd8ad53a322f569e93 2480w, https:\/\/brtk.net\/wp-content\/uploads\/2025\/01\/13\/lllllllllllllllllllllllllllllllllllllllllllllllllllllllllllllllll-300x200.jpg?ver=6572e803b24da58bc7c3c5d8f5ef5c75 300w, https:\/\/brtk.net\/wp-content\/uploads\/2025\/01\/13\/lllllllllllllllllllllllllllllllllllllllllllllllllllllllllllllllll-1024x684.jpg?ver=1d84a1f0aa93bfba95400898f61cfa9b 1024w, https:\/\/brtk.net\/wp-content\/uploads\/2025\/01\/13\/lllllllllllllllllllllllllllllllllllllllllllllllllllllllllllllllll-768x513.jpg?ver=1d84a1f0aa93bfba95400898f61cfa9b 768w, https:\/\/brtk.net\/wp-content\/uploads\/2025\/01\/13\/lllllllllllllllllllllllllllllllllllllllllllllllllllllllllllllllll-1536x1026.jpg?ver=27ec8c13a2c691463d1f11fa5e30c51f 1536w, https:\/\/brtk.net\/wp-content\/uploads\/2025\/01\/13\/lllllllllllllllllllllllllllllllllllllllllllllllllllllllllllllllll-2048x1368.jpg?ver=26346af433b62fbd6941b521dbb84454 2048w\"\/>                            <\/div>\n<p> Cumhurba\u015fkan\u0131 Ersin Tatar, Kurucu Cumhurba\u015fkan\u0131 Rauf Denkta\u015f ve dava arkada\u015flar\u0131n\u0131n birlikte ba\u015fard\u0131klar\u0131 siyasetin yeni ve milli siyasete zemin olu\u015fturdu\u011funa i\u015faret ederek, \u201cDenkta\u015f\u2019\u0131n vasiyetini ve miras\u0131n\u0131 devralarak, bu siyaseti milli bir siyasete d\u00f6n\u00fc\u015ft\u00fcrebilmenin mutlulu\u011fu i\u00e7erisindeyiz.\u201d dedi.<\/p>\n<p>Tatar, Denkta\u015f\u2019\u0131n \u201cK\u0131br\u0131s\u2019ta bir anla\u015fma olacaksa nihai surette egemen e\u015fitlik temelinde olmas\u0131 gerekti\u011fini; iki halk\u0131n birlikte var olaca\u011f\u0131 bir \u00e7er\u00e7evede K\u0131br\u0131s\u2019ta ancak adil ve s\u00fcrd\u00fcr\u00fclebilir bir bar\u0131\u015f\u0131n sa\u011flanabilece\u011fini d\u00fc\u015f\u00fcnceleriyle ve hukuk bilgisiyle, do\u011fru y\u00f6nlendirmeleri ve T\u00fcrkiye\u2019nin deste\u011fiyle sa\u011flayabilen\u201d b\u00fcy\u00fck bir devlet adam\u0131, lider ve m\u00fczakereci oldu\u011funu belirtti.<\/p>\n<p>Kurucu Cumhurba\u015fkan\u0131 Rauf Raif Denkta\u015f, 13. \u00f6l\u00fcm y\u0131ld\u00f6n\u00fcm\u00fcnde an\u0131l\u0131yor. Kurucu Cumhurba\u015fkan\u0131 Denkta\u015f i\u00e7in An\u0131t Mezar\u0131\u2019nda d\u00fczenlenen ilk t\u00f6renin ard\u0131ndan, ikinci t\u00f6ren Lefko\u015fa Atat\u00fcrk K\u00fclt\u00fcr Merkezi\u2019nde yer ald\u0131.<\/p>\n<p>T\u00f6rene, Cumhurba\u015fkan\u0131 Ersin Tatar, Meclis Ba\u015fkan\u0131 Ziya \u00d6zt\u00fcrkler, Ba\u015fbakan \u00dcnal \u00dcstel, K\u0131br\u0131s T\u00fcrk Bar\u0131\u015f Kuvvetleri Komutan\u0131 T\u00fcmgeneral Sebahattin K\u0131l\u0131n\u00e7, G\u00fcvenlik Kuvvetleri Komutan\u0131 T\u00fcmgeneral \u0130lker G\u00f6rg\u00fcl\u00fc, baz\u0131 bakanlar, milletvekilleri, di\u011fer askeri erkan, \u00fcst d\u00fczey y\u00f6neticiler, muharip dernekler, vatanda\u015flar ve Denkta\u015f\u2019\u0131n ailesi kat\u0131ld\u0131.<\/p>\n<p>Sayg\u0131 duru\u015fu ve \u0130stiklal Mar\u015f\u0131\u2019n\u0131n okunmas\u0131yla ba\u015flayan t\u00f6rende, Cumhurba\u015fkan\u0131 Ersin Tatar ile Kurucu Cumhurba\u015fkan\u0131 Rauf Raif Denkta\u015f\u2019\u0131n torunu Rauf Denkta\u015f birer konu\u015fma yapt\u0131.<\/p>\n<p>T\u00f6ren, Esin Leman Lisesi Okul Korosu\u2019nun m\u00fczik dinletisi, Serdar Denkta\u015f ve Rauf Raif Denkta\u015f Vakf\u0131 taraf\u0131ndan haz\u0131rlanan \u201cRauf Raif Denkta\u015f\u201d belgeselinin g\u00f6sterimi, ard\u0131ndan Esin Leman Lisesi Edebiyat \u00f6\u011fretmenlerinin haz\u0131rlad\u0131\u011f\u0131 oratoryoyla son buldu.<\/p>\n<p>\u2013 Denkta\u015f: \u201cO sadece lider de\u011fil, m\u00fccadelenin simgesi ve \u00f6zg\u00fcrl\u00fc\u011f\u00fcn me\u015falesi oldu\u201d<\/p>\n<p>\u0130lk olarak s\u00f6z alan Kurucu Cumhurba\u015fkan\u0131 Rauf Raif Denkta\u015f\u2019\u0131n torunu Rauf Denkta\u015f, bug\u00fcn burada K\u0131br\u0131s T\u00fcrk toplumunun kaderini de\u011fi\u015ftiren ve tarihe ad\u0131n\u0131 alt\u0131n harflerle yazd\u0131ran Kurucu Cumhurba\u015fkan\u0131 Rauf Raif Denkta\u015f\u2019\u0131 anmak i\u00e7in bir araya geldiklerini s\u00f6yledi.<\/p>\n<p>Denkta\u015f, \u201cO sadece lider de\u011fil, halk\u0131n\u0131n evlad\u0131, m\u00fccadelenin simgesi ve \u00f6zg\u00fcrl\u00fc\u011f\u00fcn me\u015falesi oldu. Bu m\u00fccadelenin kararl\u0131 ve cesur sesiydi. \u0130radesiyle, diplomasideki zekas\u0131yla ve halk\u0131na olan sars\u0131lmaz ba\u011fl\u0131l\u0131\u011f\u0131yla K\u0131br\u0131s T\u00fcrk halk\u0131n\u0131n \u00f6zg\u00fcrl\u00fck m\u00fccadelesini d\u00fcnyaya hayk\u0131rd\u0131. Bug\u00fcn bu topraklarda \u00f6zg\u00fcrce nefes alabiliyorsak, kimli\u011fimizi, dilimizi, k\u00fclt\u00fcr\u00fcm\u00fcz\u00fc ya\u015fatabiliyorsak, b\u00fcy\u00fck liderimizin ve ona inananlar\u0131n bize miras b\u0131rakt\u0131\u011f\u0131 ba\u011f\u0131ms\u0131zl\u0131k m\u00fccadelesine bor\u00e7luyuz.\u201d dedi.<\/p>\n<p>Denkta\u015f, Kurucu Cumhurba\u015fkan\u0131 Rauf Raif Denkta\u015f\u2019\u0131n liderden \u00f6te, b\u00fcy\u00fck bir kahraman oldu\u011funu vurgulad\u0131. Bu topraklarda bar\u0131\u015f\u0131n, \u00f6zg\u00fcrl\u00fc\u011f\u00fcn ve birlikteli\u011fin koruyucular\u0131 olacaklar\u0131n\u0131 dile getiren Denkta\u015f, \u201cKurucu Cumhurba\u015fkan\u0131 Rauf Raif Denkta\u015f\u2019\u0131 ve aziz \u015fehitleri, sevgi, sayg\u0131 ve minnetle hat\u0131rlayaca\u011f\u0131z. Ruhlar\u0131 \u015fad, mekanlar\u0131 cennet olsun.\u201d diye konu\u015ftu.<\/p>\n<p>Konu\u015fmas\u0131nda aziz \u015fehitleri bir kez daha anan Denkta\u015f, m\u00fccadelesine, hayallerine ve b\u0131rakt\u0131\u011f\u0131 de\u011ferlere sonuna kadar sahip \u00e7\u0131kacaklar\u0131n\u0131 belirtti. Denkta\u015f, \u201cOnlar adaletsizli\u011fe kar\u015f\u0131 dimdik duran bir toplum in\u015fa ederek, bize en b\u00fcy\u00fck miras\u0131, m\u00fccadele ruhunu ve bu devleti b\u0131rakt\u0131lar.\u201d ifadesini kulland\u0131.<\/p>\n<p>\u2013 Tatar: \u201cDenkta\u015f, kendisini K\u0131br\u0131s T\u00fcrk halk\u0131n\u0131n milli m\u00fccadelesine adam\u0131\u015ft\u0131\u201d<\/p>\n<p>Cumhurba\u015fkan\u0131 Ersin Tatar da konu\u015fmas\u0131nda, Kurucu Cumhurba\u015fkan\u0131 Rauf Raif Denkta\u015f\u2019\u0131 13. \u00f6l\u00fcm y\u0131ld\u00f6n\u00fcm\u00fcnde anmak i\u00e7in bug\u00fcn burada topland\u0131klar\u0131n\u0131 s\u00f6yledi.<\/p>\n<p>Bir kez daha Denkta\u015f\u2019a minnet duygular\u0131n\u0131 ifade eden Tatar, \u201cOnun \u00e7ocuklu\u011funda ya\u015fad\u0131klar\u0131, babas\u0131 hakim Raif Bey\u2019in s\u00f6ylemleri ve telkinleri, onun o cesur y\u00fcre\u011fine kaz\u0131nm\u0131\u015ft\u0131\u2026 24 ya\u015f\u0131nda Selimiye Meydan\u0131\u2019nda yapt\u0131\u011f\u0131 konu\u015fmayla bir bak\u0131ma tarih sahnesine \u00e7\u0131kan Denkta\u015f, kendisini K\u0131br\u0131s T\u00fcrk halk\u0131n\u0131n milli m\u00fccadelesine adam\u0131\u015f biriydi\u2026\u201d ifadelerini kulland\u0131.<\/p>\n<p>Kurucu Cumhurba\u015fkan\u0131 Rauf Raif Denkta\u015f\u2019\u0131n bu topraklarda do\u011fup, yeti\u015fmi\u015f bir toplum lideri oldu\u011funu belirten Tatar, \u201cK\u0131br\u0131s\u2019ta bir anla\u015fma olacaksa nihai surette egemen e\u015fitlik temelinde olmas\u0131 gerekti\u011fini; iki halk\u0131n birlikte var olaca\u011f\u0131 bir \u00e7er\u00e7evede K\u0131br\u0131s\u2019ta ancak adil ve s\u00fcrd\u00fcr\u00fclebilir bir bar\u0131\u015f\u0131n sa\u011flanabilece\u011fini d\u00fc\u015f\u00fcnceleriyle ve hukuk bilgisiyle, do\u011fru y\u00f6nlendirmeleri ve T\u00fcrkiye\u2019nin deste\u011fiyle sa\u011flayabilen b\u00fcy\u00fck bir devlet adam\u0131, lider ve m\u00fczakereciydi.\u201d dedi.<\/p>\n<p>Tatar, Denkta\u015f\u2019\u0131n hatipli\u011fi, m\u00fczakereci yetene\u011fi, hukuk bilgisi ve uluslararas\u0131 diplomasi alan\u0131nda son derece iyi \u0130ngilizcesiyle ya\u015fanan b\u00fct\u00fcn s\u00fcre\u00e7leri en iyi \u015fekilde y\u00f6netebilen biri oldu\u011funu ifade etti.<\/p>\n<p>Cumhurba\u015fkan\u0131 Tatar, K\u0131br\u0131s Cumhuriyeti kurulu\u015f anla\u015fmalar\u0131nda K\u0131br\u0131s T\u00fcrk halk\u0131n\u0131n kurucu ortak olarak yerini alabilmesi ve Anavatan T\u00fcrkiye\u2019nin de tek tarafl\u0131 m\u00fcdahale hakk\u0131yla elde edilen tarihi kazan\u0131mlar\u0131n, ondan sonraki s\u00fcre\u00e7te kar\u015f\u0131 kar\u015f\u0131ya kald\u0131klar\u0131 her t\u00fcrl\u00fc sald\u0131r\u0131ya kar\u015f\u0131 kendilerinin bir sigortas\u0131 ve teminat\u0131 oldu\u011funu s\u00f6yledi.<\/p>\n<p> Tatar, o anla\u015fmalarda T\u00fcrkiye\u2019nin etkin ve filli garant\u00f6rl\u00fc\u011f\u00fcyle tek tarafl\u0131 m\u00fcdahale hakk\u0131n\u0131n bulunmas\u0131n\u0131n \u00f6nemine de\u011findi.<\/p>\n<p> 15 Temmuz 1974\u2019te ya\u015fananlar\u0131n ard\u0131ndan 20 Temmuz 1974 K\u0131br\u0131s Bar\u0131\u015f Harekat\u0131 s\u00fcrecine de de\u011finen Tatar, Kuzey K\u0131br\u0131s T\u00fcrk Cumhuriyeti\u2019ne giden yolda Rauf Raif Denkta\u015f ve dava arkada\u015flar\u0131n\u0131n bu s\u00fcre\u00e7leri en iyi \u015fekilde y\u00f6netti\u011fini dile getirdi.<\/p>\n<p>\u2013  \u201cKKTC\u2019yi hep birlikte gelece\u011fe ta\u015f\u0131man\u0131n mutlulu\u011fu i\u00e7erisindeyiz\u201d<\/p>\n<p>Kurucu Cumhurba\u015fkan\u0131 Denkta\u015f\u2019\u0131n 1983\u2019te Kuzey K\u0131br\u0131s T\u00fcrk Cumhuriyeti\u2019ni ilan ederken s\u00f6ylediklerine at\u0131fta bulunan Tatar, Denkta\u015f\u2019\u0131n o tarihi konu\u015fmalar\u0131nda K\u0131br\u0131s T\u00fcrk halk\u0131n\u0131n ger\u00e7ek anlamdaki duygular\u0131na terc\u00fcman oldu\u011funu kaydetti.<\/p>\n<p>Tatar, Denkta\u015f\u2019\u0131n, K\u0131br\u0131s T\u00fcrk halk\u0131n\u0131 bir az\u0131nl\u0131k ve cemaat stat\u00fcs\u00fcnden bir halk mertebesine, 1960 anla\u015fmalar\u0131nda K\u0131br\u0131s Cumhuriyeti\u2019nde kurucu ortak olarak devletle\u015fme s\u00fcrecine giden yolda \u00e7ok b\u00fcy\u00fck hizmetlerinin ge\u00e7ti\u011fini ifade etti.<\/p>\n<p>K\u0131br\u0131s\u2019ta iki ayr\u0131 halk ve iki ayr\u0131 devlet oldu\u011funu belirterek, Denkta\u015f ve dava arkada\u015flar\u0131n\u0131n birlikte ba\u015fard\u0131klar\u0131 siyasetin kendilerini bug\u00fcnlere getirdi\u011fini kaydeden Tatar, yeni ve milli siyasetin de bu zeminin \u00fczerine in\u015fa edildi\u011fini s\u00f6yledi. Tatar, \u201cDenkta\u015f\u2019\u0131n vasiyetini ve miras\u0131n\u0131 devralarak, bu siyaseti milli bir siyasete d\u00f6n\u00fc\u015ft\u00fcrebilmenin mutlulu\u011fu i\u00e7erisindeyiz.\u201d dedi.<\/p>\n<p>Bug\u00fcn KKTC\u2019nin T\u00fcrk Devletleri Te\u015fkilat\u0131\u2019nda g\u00f6zlemci \u00fcye oldu\u011funu an\u0131msatan Tatar, Anavatan T\u00fcrkiye Cumhuriyeti\u2019nin de yeni siyasete sayfa a\u00e7t\u0131\u011f\u0131na de\u011findi. T\u00fcrkiye Cumhuriyeti D\u0131\u015fi\u015fleri Bakan\u0131 Hakan Fidan\u2019\u0131n KKTC\u2019ye ger\u00e7ekle\u015ftirdi\u011fi ziyarete de de\u011finen Tatar, \u201cKKTC\u2019yi hep birlikte gelece\u011fe ta\u015f\u0131man\u0131n mutlulu\u011fu i\u00e7erisindeyiz.\u201d dedi.<\/p>\n<p>Tatar, \u201cK\u0131br\u0131s\u2019ta kal\u0131c\u0131, s\u00fcrd\u00fcr\u00fclebilir ve adil bir anla\u015fma olacaksa, mutlak surette onun kurdu\u011fu Kuzey K\u0131br\u0131s T\u00fcrk Cumhuriyeti devleti, o anla\u015fman\u0131n bir par\u00e7as\u0131 olacakt\u0131r. Yani devletten devlete\u2026 Onlar Cumhuriyet, biz toplum. B\u00f6yle bir anlay\u0131\u015f Denkta\u015f siyasetinde hi\u00e7bir zaman olmam\u0131\u015ft\u0131r.\u201d diye konu\u015ftu.<\/p>\n<p>Kurucu Cumhurba\u015fkan\u0131 Denkta\u015f\u2019\u0131, rahmet, \u00f6zlem ve minnetle and\u0131\u011f\u0131n\u0131 s\u00f6yleyen Tatar, \u201cMekan\u0131 cennet, ruhu \u015fad olsun.\u201d ifadesini kulland\u0131.<\/p>\n<\/p><\/div>\n<p><script async\n                    defer\n                    crossorigin=\"anonymous\"\n                    src=\"https:\/\/connect.facebook.net\/tr_TR\/sdk.js#xfbml=1&#038;version=v3.3\"\n            ><\/script><br \/>\n<br \/><br \/>\n<br \/><a href=\"https:\/\/brtk.net\/kurucu-cumhurbaskani-denktas-aniliyor-tatar-buyuk-bir-devlet-adami-lider-ve-muzakereciydi\/\">Kaynak BRT <\/a><\/p>\n","protected":false},"excerpt":{"rendered":"<p>Cumhurba\u015fkan\u0131 Ersin Tatar, Kurucu Cumhurba\u015fkan\u0131 Rauf Denkta\u015f ve dava arkada\u015flar\u0131n\u0131n birlikte ba\u015fard\u0131klar\u0131 siyasetin yeni ve milli siyasete zemin olu\u015fturdu\u011funa i\u015faret ederek, \u201cDenkta\u015f\u2019\u0131n vasiyetini ve miras\u0131n\u0131 devralarak, bu siyaseti milli bir siyasete d\u00f6n\u00fc\u015ft\u00fcrebilmenin mutlulu\u011fu i\u00e7erisindeyiz.\u201d dedi. Tatar, Denkta\u015f\u2019\u0131n \u201cK\u0131br\u0131s\u2019ta bir anla\u015fma olacaksa nihai surette egemen e\u015fitlik temelinde olmas\u0131 gerekti\u011fini; iki halk\u0131n birlikte var olaca\u011f\u0131 bir \u00e7er\u00e7evede [&hellip;]<\/p>\n","protected":false},"author":908,"featured_media":16415,"comment_status":"open","ping_status":"open","sticky":false,"template":"","format":"standard","meta":{"_jetpack_memberships_contains_paid_content":false,"footnotes":"","jetpack_publicize_message":"","jetpack_publicize_feature_enabled":true,"jetpack_social_post_already_shared":true,"jetpack_social_options":{"image_generator_settings":{"template":"highway","default_image_id":0,"font":"","enabled":false},"version":2}},"categories":[253],"tags":[],"class_list":["post-16414","post","type-post","status-publish","format-standard","has-post-thumbnail","hentry","category-gundem"],"jetpack_publicize_connections":[],"jetpack_featured_media_url":"https:\/\/kibrisayna.com\/wp-content\/uploads\/2025\/01\/lllllllllllllllllllllllllllllllllllllllllllllllllllllllllllllllll.jpg","jetpack_sharing_enabled":true,"_links":{"self":[{"href":"https:\/\/kibrisayna.com\/index.php\/wp-json\/wp\/v2\/posts\/16414","targetHints":{"allow":["GET"]}}],"collection":[{"href":"https:\/\/kibrisayna.com\/index.php\/wp-json\/wp\/v2\/posts"}],"about":[{"href":"https:\/\/kibrisayna.com\/index.php\/wp-json\/wp\/v2\/types\/post"}],"author":[{"embeddable":true,"href":"https:\/\/kibrisayna.com\/index.php\/wp-json\/wp\/v2\/users\/908"}],"replies":[{"embeddable":true,"href":"https:\/\/kibrisayna.com\/index.php\/wp-json\/wp\/v2\/comments?post=16414"}],"version-history":[{"count":0,"href":"https:\/\/kibrisayna.com\/index.php\/wp-json\/wp\/v2\/posts\/16414\/revisions"}],"wp:featuredmedia":[{"embeddable":true,"href":"https:\/\/kibrisayna.com\/index.php\/wp-json\/wp\/v2\/media\/16415"}],"wp:attachment":[{"href":"https:\/\/kibrisayna.com\/index.php\/wp-json\/wp\/v2\/media?parent=16414"}],"wp:term":[{"taxonomy":"category","embeddable":true,"href":"https:\/\/kibrisayna.com\/index.php\/wp-json\/wp\/v2\/categories?post=16414"},{"taxonomy":"post_tag","embeddable":true,"href":"https:\/\/kibrisayna.com\/index.php\/wp-json\/wp\/v2\/tags?post=16414"}],"curies":[{"name":"wp","href":"https:\/\/api.w.org\/{rel}","templated":true}]}}