{"id":16411,"date":"2025-01-13T15:51:17","date_gmt":"2025-01-13T12:51:17","guid":{"rendered":"https:\/\/kibrisayna.com\/index.php\/2025\/01\/13\/eroglu-kurucu-cumhurbaskani-denktasin-olum-yil-donumu-dolayisiyla-mesaj-yayimladi-brtk\/"},"modified":"2025-01-13T15:51:17","modified_gmt":"2025-01-13T12:51:17","slug":"eroglu-kurucu-cumhurbaskani-denktasin-olum-yil-donumu-dolayisiyla-mesaj-yayimladi-brtk","status":"publish","type":"post","link":"https:\/\/kibrisayna.com\/index.php\/2025\/01\/13\/eroglu-kurucu-cumhurbaskani-denktasin-olum-yil-donumu-dolayisiyla-mesaj-yayimladi-brtk\/","title":{"rendered":"Ero\u011flu, Kurucu Cumhurba\u015fkan\u0131 Denkta\u015f\u2019\u0131n \u00f6l\u00fcm y\u0131l d\u00f6n\u00fcm\u00fc dolay\u0131s\u0131yla mesaj yay\u0131mlad\u0131 \u2013 BRTK"},"content":{"rendered":"<p> <br \/>\n<\/p>\n<div>\n<div class=\"mariselle-image-container center\">\n                <img loading=\"lazy\" decoding=\"async\" width=\"640\" height=\"355\" class=\"lazy-image\" alt=\"\" sizes=\"auto, (max-width: 640px) 100vw, 640px\" src=\"https:\/\/brtk.net\/wp-content\/uploads\/2024\/09\/24\/eroglu-1.jpg?ver=f0d88f48cee5397b85321d095d30277a\" srcset=\"https:\/\/brtk.net\/wp-content\/uploads\/2024\/09\/24\/eroglu-1.jpg?ver=f0d88f48cee5397b85321d095d30277a 640w, https:\/\/brtk.net\/wp-content\/uploads\/2024\/09\/24\/eroglu-1-300x166.jpg?ver=cc471914b7a20885c40f27d62af86b5a 300w\"\/>                            <\/div>\n<p>3\u2019\u00fcnc\u00fc Cumhurba\u015fkan\u0131 Dervi\u015f Ero\u011flu, Kurucu Cumhurba\u015fkan\u0131 merhum Rauf Raif Denkta\u015f\u2019\u0131n K\u0131br\u0131s T\u00fcrk tarihine damgas\u0131n\u0131 vurmu\u015f bir lider, e\u015fi az bulunan bir devlet ve dava adam\u0131 oldu\u011funu kaydetti.<\/p>\n<p>Ero\u011flu, KKTC\u2019nin Kurucu Cumhurba\u015fkan\u0131 Rauf Raif Denkta\u015f\u2019\u0131n 13\u2019\u00fcnc\u00fc \u00f6l\u00fcm y\u0131l d\u00f6n\u00fcm\u00fc dolay\u0131s\u0131yla mesaj yay\u0131mlad\u0131.<\/p>\n<p>Ero\u011flu, mesaj\u0131nda, \u201cUzun y\u0131llar devletimiz, halk\u0131m\u0131z i\u00e7in birlikte \u00e7al\u0131\u015ft\u0131\u011f\u0131m Rauf Denkta\u015f milli m\u00fccadelenin her a\u015famas\u0131nda \u00f6nemli g\u00f6revler \u00fcstlenen, K\u0131br\u0131s T\u00fcrk\u00fc\u2019n\u00fc az\u0131nl\u0131k haklar\u0131na raz\u0131 olmaya itilen bir toplum noktas\u0131ndan, devlet sahibi bir halk olgusuna ta\u015f\u0131yan yapt\u0131\u011f\u0131 de\u011ferli hizmetler \u00e7ok iyi bilinmesi gereken k\u0131ymetli bir \u015fahsiyettir.\u201d ifadelerini kulland\u0131.<\/p>\n<p>Denkta\u015f\u2019\u0131n hizmetlerinin K\u0131br\u0131s T\u00fcrk halk\u0131 var oldu\u011fu s\u00fcrece unutulmamas\u0131, yapt\u0131klar\u0131n\u0131n iyi ara\u015ft\u0131r\u0131larak \u00f6\u011frenilmesi ve O\u2019nun m\u00fccadeleci yap\u0131s\u0131n\u0131n, ara\u015ft\u0131rmac\u0131l\u0131\u011f\u0131n\u0131n, bilgiye ve \u00e7al\u0131\u015fkanl\u0131\u011fa verdi\u011fi de\u011ferin, y\u00fcksek tarih \u015fuuru ve kararl\u0131l\u0131\u011f\u0131n\u0131n gelecek nesiller i\u00e7in yol g\u00f6sterici olmas\u0131 gerekti\u011fini kaydeden Ero\u011flu, mesaj\u0131nda \u015funlar\u0131 belirtti:<\/p>\n<p>\u201cRum taraf\u0131n\u0131n bizimle egemen e\u015fitlik temelinde, T\u00fcrkiye\u2019nin etkin ve fiili garantisinin devam edece\u011fi yeni bir ortakl\u0131k devleti kurma niyeti asla yoktur.<\/p>\n<p>\u00d6zellikle gen\u00e7lerimiz iyi bilsin ki, kimse bize alt\u0131n tepsi i\u00e7inde \u00f6zg\u00fcrl\u00fck ve devlet y\u00f6netimi sunmad\u0131. K\u0131br\u0131s T\u00fcrk halk\u0131, T\u00fcrkiye\u2019ye, Anadolu\u2019daki karde\u015flerine g\u00fcvenerek \u00f6zg\u00fcrl\u00fck m\u00fccadelesini s\u00fcrd\u00fcrd\u00fc, onun maddi ve manevi deste\u011fi, T\u00fcrkiye\u2019nin 20 Temmuz 1974 sabah\u0131 ba\u015flatt\u0131\u011f\u0131 Bar\u0131\u015f Harekat\u0131 ile \u00fczerinde devlet kurdu\u011fu, g\u00fcven i\u00e7inde ya\u015fad\u0131\u011f\u0131 co\u011frafyaya kavu\u015ftu.<\/p>\n<p>Ama b\u00fct\u00fcn bunlara ra\u011fmen, e\u011fer baz\u0131 aldatmacalara uyar can al\u0131c\u0131 noktalar\u0131 g\u00f6z ard\u0131 eder, tavizler verirsek gelecek nesiller bunun bedelini \u00e7ok a\u011f\u0131r \u00f6deyecektir.<\/p>\n<p>K\u0131br\u0131s konusunda, Kurucu Cumhurba\u015fkan\u0131 Rauf Denkta\u015f\u2019\u0131n bizlere \u00f6\u011f\u00fctledi\u011fi gibi egemenli\u011fimizden, devletimizden asla taviz vermemeli, Anavatan T\u00fcrkiye ile birlikte milli dava yolunda y\u00fcr\u00fcmeye devam etmeliyiz.<\/p>\n<p>Bu duygu ve d\u00fc\u015f\u00fcncelerle Kurucu Cumhurba\u015fkan\u0131m\u0131z Rauf Denkta\u015f\u2019\u0131 bir kez daha \u00f6zlem ve rahmetle anar\u0131m.\u201d<\/p>\n<\/p><\/div>\n<p><script async\n                    defer\n                    crossorigin=\"anonymous\"\n                    src=\"https:\/\/connect.facebook.net\/tr_TR\/sdk.js#xfbml=1&#038;version=v3.3\"\n            ><\/script><br \/>\n<br \/><br \/>\n<br \/><a href=\"https:\/\/brtk.net\/eroglu-kurucu-cumhurbaskani-denktasin-olum-yil-donumu-dolayisiyla-mesaj-yayimladi\/\">Kaynak BRT <\/a><\/p>\n","protected":false},"excerpt":{"rendered":"<p>3\u2019\u00fcnc\u00fc Cumhurba\u015fkan\u0131 Dervi\u015f Ero\u011flu, Kurucu Cumhurba\u015fkan\u0131 merhum Rauf Raif Denkta\u015f\u2019\u0131n K\u0131br\u0131s T\u00fcrk tarihine damgas\u0131n\u0131 vurmu\u015f bir lider, e\u015fi az bulunan bir devlet ve dava adam\u0131 oldu\u011funu kaydetti. Ero\u011flu, KKTC\u2019nin Kurucu Cumhurba\u015fkan\u0131 Rauf Raif Denkta\u015f\u2019\u0131n 13\u2019\u00fcnc\u00fc \u00f6l\u00fcm y\u0131l d\u00f6n\u00fcm\u00fc dolay\u0131s\u0131yla mesaj yay\u0131mlad\u0131. Ero\u011flu, mesaj\u0131nda, \u201cUzun y\u0131llar devletimiz, halk\u0131m\u0131z i\u00e7in birlikte \u00e7al\u0131\u015ft\u0131\u011f\u0131m Rauf Denkta\u015f milli m\u00fccadelenin her [&hellip;]<\/p>\n","protected":false},"author":908,"featured_media":15345,"comment_status":"open","ping_status":"open","sticky":false,"template":"","format":"standard","meta":{"_jetpack_memberships_contains_paid_content":false,"footnotes":"","jetpack_publicize_message":"","jetpack_publicize_feature_enabled":true,"jetpack_social_post_already_shared":true,"jetpack_social_options":{"image_generator_settings":{"template":"highway","default_image_id":0,"font":"","enabled":false},"version":2}},"categories":[253],"tags":[],"class_list":["post-16411","post","type-post","status-publish","format-standard","has-post-thumbnail","hentry","category-gundem"],"jetpack_publicize_connections":[],"jetpack_featured_media_url":"https:\/\/kibrisayna.com\/wp-content\/uploads\/2024\/12\/eroglu-1.jpg","jetpack_sharing_enabled":true,"_links":{"self":[{"href":"https:\/\/kibrisayna.com\/index.php\/wp-json\/wp\/v2\/posts\/16411","targetHints":{"allow":["GET"]}}],"collection":[{"href":"https:\/\/kibrisayna.com\/index.php\/wp-json\/wp\/v2\/posts"}],"about":[{"href":"https:\/\/kibrisayna.com\/index.php\/wp-json\/wp\/v2\/types\/post"}],"author":[{"embeddable":true,"href":"https:\/\/kibrisayna.com\/index.php\/wp-json\/wp\/v2\/users\/908"}],"replies":[{"embeddable":true,"href":"https:\/\/kibrisayna.com\/index.php\/wp-json\/wp\/v2\/comments?post=16411"}],"version-history":[{"count":0,"href":"https:\/\/kibrisayna.com\/index.php\/wp-json\/wp\/v2\/posts\/16411\/revisions"}],"wp:featuredmedia":[{"embeddable":true,"href":"https:\/\/kibrisayna.com\/index.php\/wp-json\/wp\/v2\/media\/15345"}],"wp:attachment":[{"href":"https:\/\/kibrisayna.com\/index.php\/wp-json\/wp\/v2\/media?parent=16411"}],"wp:term":[{"taxonomy":"category","embeddable":true,"href":"https:\/\/kibrisayna.com\/index.php\/wp-json\/wp\/v2\/categories?post=16411"},{"taxonomy":"post_tag","embeddable":true,"href":"https:\/\/kibrisayna.com\/index.php\/wp-json\/wp\/v2\/tags?post=16411"}],"curies":[{"name":"wp","href":"https:\/\/api.w.org\/{rel}","templated":true}]}}