{"id":16409,"date":"2025-01-13T15:44:31","date_gmt":"2025-01-13T12:44:31","guid":{"rendered":"https:\/\/kibrisayna.com\/index.php\/2025\/01\/13\/gulbaharemaneti-olan-kktc-sonsuza-dek-yasayacak-brtk\/"},"modified":"2025-01-13T15:44:31","modified_gmt":"2025-01-13T12:44:31","slug":"gulbaharemaneti-olan-kktc-sonsuza-dek-yasayacak-brtk","status":"publish","type":"post","link":"https:\/\/kibrisayna.com\/index.php\/2025\/01\/13\/gulbaharemaneti-olan-kktc-sonsuza-dek-yasayacak-brtk\/","title":{"rendered":"G\u00fclbahar:Emaneti olan KKTC sonsuza dek ya\u015fayacak \u2013 BRTK"},"content":{"rendered":"<p> <br \/>\n<\/p>\n<div>\n<div class=\"mariselle-image-container center\">\n                <img loading=\"lazy\" decoding=\"async\" width=\"2560\" height=\"1479\" class=\"lazy-image\" alt=\"\" sizes=\"auto, (max-width: 2560px) 100vw, 2560px\" src=\"https:\/\/brtk.net\/wp-content\/uploads\/2024\/11\/15\/gulbahar-son-scaled.jpg?ver=328a041de85b2fdb02be0e567ff9b8b5\" srcset=\"https:\/\/brtk.net\/wp-content\/uploads\/2024\/11\/15\/gulbahar-son-scaled.jpg?ver=328a041de85b2fdb02be0e567ff9b8b5 2560w, https:\/\/brtk.net\/wp-content\/uploads\/2024\/11\/15\/gulbahar-son-300x173.jpg?ver=328a041de85b2fdb02be0e567ff9b8b5 300w, https:\/\/brtk.net\/wp-content\/uploads\/2024\/11\/15\/gulbahar-son-1024x592.jpg?ver=6a251d508312ebd6fd82e730d8d1a873 1024w, https:\/\/brtk.net\/wp-content\/uploads\/2024\/11\/15\/gulbahar-son-768x444.jpg?ver=838a8034cc4638b978e4cd6cc1f727d3 768w, https:\/\/brtk.net\/wp-content\/uploads\/2024\/11\/15\/gulbahar-son-1536x887.jpg?ver=c4fb6b56ffa9a90c17430e2fa386b18d 1536w, https:\/\/brtk.net\/wp-content\/uploads\/2024\/11\/15\/gulbahar-son-2048x1183.jpg?ver=a5195caffad10fe23e10dc28ba5544d4 2048w\"\/>                            <\/div>\n<p>Milli M\u00fccadele Vakf\u0131 (MMV) Ba\u015fkan\u0131 Aziz G\u00fclbahar, Kurucu Cumhurba\u015fkan\u0131 Rauf Raif Denkta\u015f\u2019\u0131n 13\u2019\u00fcnc\u00fc \u00f6l\u00fcm y\u0131l d\u00f6n\u00fcm\u00fc nedeniyle yay\u0131mlad\u0131\u011f\u0131 mesajda, Denkta\u015f\u2019\u0131n emanetine sonsuza dek sahip \u00e7\u0131kacaklar\u0131na vurgu yaparak, \u201cEmaneti olan KKTC, sonsuza dek ya\u015fayacak\u201d dedi. <\/p>\n<p>Mesaj\u0131nda, \u201cbaz\u0131 \u00fclkelerin ve \u00e7evrelerin KKTC Devleti\u2019ne y\u00f6nelik olumsuz yakla\u015f\u0131mlar sergileyerek, devleti y\u0131kmaya \u00e7al\u0131\u015ft\u0131klar\u0131\u201d g\u00f6r\u00fc\u015f\u00fcn\u00fc belirten G\u00fclbahar, milli m\u00fccadelenin y\u0131lmaz savunucusu Denkta\u015f taraf\u0131ndan kurulan KKTC\u2019nin, K\u0131br\u0131s T\u00fcrk halk\u0131n\u0131n g\u00fc\u00e7l\u00fc deste\u011fi ve Anavatan T\u00fcrkiye\u2019nin kararl\u0131 duru\u015fuyla ilelebet varl\u0131\u011f\u0131n\u0131 s\u00fcrd\u00fcrece\u011fini kaydetti.<\/p>\n<p>Denkta\u015f\u2019\u0131n K\u0131br\u0131s T\u00fcrk halk\u0131n\u0131n varolu\u015f ve \u00f6zg\u00fcrl\u00fck m\u00fccadelesindeki rol\u00fcne dikkat \u00e7ekerek, \u201cRauf Denkta\u015f demek, K\u0131br\u0131s T\u00fcrk halk\u0131n\u0131n varolu\u015f ve \u00f6zg\u00fcrl\u00fck m\u00fccadelesinin Anavatan T\u00fcrkiye ile birlikte en iyi \u015fekilde y\u00fcr\u00fct\u00fclmesi demektir. Rauf Denkta\u015f demek, milliyet\u00e7ilik, Atat\u00fcrk\u00e7\u00fcl\u00fck, egemenlikten, tam ba\u011f\u0131ms\u0131zl\u0131ktan yana olmak demektir.\u201d ifadelerine yer veren G\u00fclbahar, Denkta\u015f\u2019\u0131n miras\u0131n\u0131n, K\u0131br\u0131s T\u00fcrk halk\u0131n\u0131n m\u00fccadelesinin temelini olu\u015fturdu\u011funa vurgu yapt\u0131.<\/p>\n<p>Denkta\u015f\u2019\u0131n ilke ve fikirlerinin rehber olmaya devam etti\u011fini belirten G\u00fclbahar, hi\u00e7bir g\u00fcc\u00fcn KKTC\u2019yi y\u0131kamayaca\u011f\u0131n\u0131 da vurgulad\u0131.<\/p>\n<p>Denkta\u015f\u2019\u0131n kurdu\u011fu T\u00fcrk Mukavemet Te\u015fkilat\u0131\u2019n\u0131n (TMT) yok oldu\u011funu sananlar\u0131n yan\u0131ld\u0131\u011f\u0131n\u0131 belirten ve \u201cO mukavemet\u00e7i, Atat\u00fcrk\u00e7\u00fc ruh y\u00fcz milyonlarca T\u00fcrk\u2019\u00fcn kalbinde yanmaya devam etmektedir.\u201d ifadeleri kullanan G\u00fclbahar, KKTC\u2019nin Anavatan T\u00fcrkiye ile birlikte g\u00fcven i\u00e7inde yoluna devam edece\u011fini belirtti.<\/p>\n<p>G\u00fclbahar, KKTC\u2019nin ba\u011f\u0131ms\u0131zl\u0131k yolunda kararl\u0131l\u0131kla ilerlemeye devam edece\u011fini vurgulayarak, Kurucu Cumhurba\u015fkan\u0131 Rauf Raif Denkta\u015f\u2019\u0131, vefat\u0131n\u0131n 13\u2019\u00fcnc\u00fc y\u0131l d\u00f6n\u00fcm\u00fcnde rahmet, \u015f\u00fckran ve sayg\u0131yla and\u0131.<\/p>\n<\/p><\/div>\n<p><script async\n                    defer\n                    crossorigin=\"anonymous\"\n                    src=\"https:\/\/connect.facebook.net\/tr_TR\/sdk.js#xfbml=1&#038;version=v3.3\"\n            ><\/script><br \/>\n<br \/><br \/>\n<br \/><a href=\"https:\/\/brtk.net\/gulbaharemaneti-olan-kktc-sonsuza-dek-yasayacak\/\">Kaynak BRT <\/a><\/p>\n","protected":false},"excerpt":{"rendered":"<p>Milli M\u00fccadele Vakf\u0131 (MMV) Ba\u015fkan\u0131 Aziz G\u00fclbahar, Kurucu Cumhurba\u015fkan\u0131 Rauf Raif Denkta\u015f\u2019\u0131n 13\u2019\u00fcnc\u00fc \u00f6l\u00fcm y\u0131l d\u00f6n\u00fcm\u00fc nedeniyle yay\u0131mlad\u0131\u011f\u0131 mesajda, Denkta\u015f\u2019\u0131n emanetine sonsuza dek sahip \u00e7\u0131kacaklar\u0131na vurgu yaparak, \u201cEmaneti olan KKTC, sonsuza dek ya\u015fayacak\u201d dedi. Mesaj\u0131nda, \u201cbaz\u0131 \u00fclkelerin ve \u00e7evrelerin KKTC Devleti\u2019ne y\u00f6nelik olumsuz yakla\u015f\u0131mlar sergileyerek, devleti y\u0131kmaya \u00e7al\u0131\u015ft\u0131klar\u0131\u201d g\u00f6r\u00fc\u015f\u00fcn\u00fc belirten G\u00fclbahar, milli m\u00fccadelenin y\u0131lmaz savunucusu [&hellip;]<\/p>\n","protected":false},"author":908,"featured_media":16410,"comment_status":"open","ping_status":"open","sticky":false,"template":"","format":"standard","meta":{"_jetpack_memberships_contains_paid_content":false,"footnotes":"","jetpack_publicize_message":"","jetpack_publicize_feature_enabled":true,"jetpack_social_post_already_shared":true,"jetpack_social_options":{"image_generator_settings":{"template":"highway","default_image_id":0,"font":"","enabled":false},"version":2}},"categories":[253],"tags":[],"class_list":["post-16409","post","type-post","status-publish","format-standard","has-post-thumbnail","hentry","category-gundem"],"jetpack_publicize_connections":[],"jetpack_featured_media_url":"https:\/\/kibrisayna.com\/wp-content\/uploads\/2025\/01\/gulbahar-son-scaled.jpg","jetpack_sharing_enabled":true,"_links":{"self":[{"href":"https:\/\/kibrisayna.com\/index.php\/wp-json\/wp\/v2\/posts\/16409","targetHints":{"allow":["GET"]}}],"collection":[{"href":"https:\/\/kibrisayna.com\/index.php\/wp-json\/wp\/v2\/posts"}],"about":[{"href":"https:\/\/kibrisayna.com\/index.php\/wp-json\/wp\/v2\/types\/post"}],"author":[{"embeddable":true,"href":"https:\/\/kibrisayna.com\/index.php\/wp-json\/wp\/v2\/users\/908"}],"replies":[{"embeddable":true,"href":"https:\/\/kibrisayna.com\/index.php\/wp-json\/wp\/v2\/comments?post=16409"}],"version-history":[{"count":0,"href":"https:\/\/kibrisayna.com\/index.php\/wp-json\/wp\/v2\/posts\/16409\/revisions"}],"wp:featuredmedia":[{"embeddable":true,"href":"https:\/\/kibrisayna.com\/index.php\/wp-json\/wp\/v2\/media\/16410"}],"wp:attachment":[{"href":"https:\/\/kibrisayna.com\/index.php\/wp-json\/wp\/v2\/media?parent=16409"}],"wp:term":[{"taxonomy":"category","embeddable":true,"href":"https:\/\/kibrisayna.com\/index.php\/wp-json\/wp\/v2\/categories?post=16409"},{"taxonomy":"post_tag","embeddable":true,"href":"https:\/\/kibrisayna.com\/index.php\/wp-json\/wp\/v2\/tags?post=16409"}],"curies":[{"name":"wp","href":"https:\/\/api.w.org\/{rel}","templated":true}]}}