{"id":16403,"date":"2025-01-13T15:24:21","date_gmt":"2025-01-13T12:24:21","guid":{"rendered":"https:\/\/kibrisayna.com\/index.php\/2025\/01\/13\/meclis-genel-kurulu-toplantisi-tamamlandi-brtk\/"},"modified":"2025-01-13T15:24:21","modified_gmt":"2025-01-13T12:24:21","slug":"meclis-genel-kurulu-toplantisi-tamamlandi-brtk","status":"publish","type":"post","link":"https:\/\/kibrisayna.com\/index.php\/2025\/01\/13\/meclis-genel-kurulu-toplantisi-tamamlandi-brtk\/","title":{"rendered":"Meclis Genel Kurulu toplant\u0131s\u0131 tamamland\u0131 \u2013 BRTK"},"content":{"rendered":"<p> <br \/>\n<\/p>\n<div>\n<div class=\"mariselle-image-container center\">\n                <img loading=\"lazy\" decoding=\"async\" width=\"1600\" height=\"1066\" class=\"lazy-image\" alt=\"\" sizes=\"auto, (max-width: 1600px) 100vw, 1600px\" src=\"https:\/\/brtk.net\/wp-content\/uploads\/2025\/01\/06\/1736168678968meclis-genel-kurulu.jpg?ver=65bb5f5f07dab2c6cd567f79ea205cd6\" srcset=\"https:\/\/brtk.net\/wp-content\/uploads\/2025\/01\/06\/1736168678968meclis-genel-kurulu.jpg?ver=65bb5f5f07dab2c6cd567f79ea205cd6 1600w, https:\/\/brtk.net\/wp-content\/uploads\/2025\/01\/06\/1736168678968meclis-genel-kurulu-300x200.jpg?ver=ce75596ce52a10394902e66d7afae902 300w, https:\/\/brtk.net\/wp-content\/uploads\/2025\/01\/06\/1736168678968meclis-genel-kurulu-1024x682.jpg?ver=114c90fba92f5c12f3049332ccb87971 1024w, https:\/\/brtk.net\/wp-content\/uploads\/2025\/01\/06\/1736168678968meclis-genel-kurulu-768x512.jpg?ver=114c90fba92f5c12f3049332ccb87971 768w, https:\/\/brtk.net\/wp-content\/uploads\/2025\/01\/06\/1736168678968meclis-genel-kurulu-1536x1023.jpg?ver=a2f90c8eda5459d077d17ad0df871b06 1536w\"\/>                            <\/div>\n<p> Cumhuriyet Meclisi Genel Kurulu toplant\u0131s\u0131 bug\u00fcnk\u00fc g\u00f6r\u00fc\u015fmesini tamamlad\u0131.  Genel Kurul\u2019da \u201cBirle\u015ftirilmi\u015f 2022 Mali Y\u0131l\u0131 Kesin Hesap Yasa Tasar\u0131s\u0131\u201d onayland\u0131.<\/p>\n<p>Toplant\u0131da, Murat Kaya \u0130n\u015faat Ltd.\u2019in Zeytinlik k\u00f6y\u00fcndeki arazilerinin i\u00e7erisinde bulunan zeytin a\u011fac\u0131n\u0131n istibdali  ve Br\u00fcksel Temsilcili\u011finin 1991-2005 Mali Y\u0131llar\u0131na Ait Say\u0131\u015ftay Denetim Raporu da ele al\u0131nd\u0131.<\/p>\n<p>Cumhuriyet Meclisi Genel Kurulu\u2019nda ilk olarak Ba\u015fkanl\u0131\u011f\u0131n Genel Kurul\u2019a sunu\u015flar\u0131na yer verildi. Bu b\u00f6l\u00fcmde, 4. Yasama Y\u0131l\u0131\u2019nda se\u00e7imi yeniden yap\u0131lan ve ayn\u0131 kalan komite ba\u015fkan ve ba\u015fkan vekillerinin isimleri okunarak, bilgiye sunuldu.<\/p>\n<p>Buna g\u00f6re, Meclis Ekonomi Maliye B\u00fct\u00e7e ve Plan Komitesi Ba\u015fkan\u0131 UBP Milletvekili Resmiye Canaltay, Ba\u015fkan Vekili CTP Milletvekili Erkut \u015eahali; \u0130dari Kamu ve Sa\u011fl\u0131k \u0130\u015fleri Komitesi Ba\u015fkan\u0131  UBP Milletvekili Sunat Atun, Ba\u015fkan Vekili CTP Milletvekili Filiz Besim; Hukuk Siyasi \u0130\u015fler D\u0131\u015fili\u015fkiler Savunma Komitesi Ba\u015fkan\u0131 UBP Milletvekili Yasemi \u00d6zt\u00fcrk, Ba\u015fkan Vekili CTP Milletvekili Ongun Talat; Say\u0131\u015ftay Komitesi Ba\u015fkan\u0131  CTP Milletvekili Teberr\u00fcken Ulu\u00e7ay, Ba\u015fkan Vekili UBP Milletvekili Emrah Ye\u015fil\u0131rmak; Dilek\u00e7e ve Ombudsman Komitesi Ba\u015fkan\u0131 UBP Milletvekili Ali Pilli, Ba\u015fkan Vekili  CTP Milletvekili Salahi \u015eahiner.<\/p>\n<p>\u2013 Birle\u015ftirilmi\u015f 2022 Mali Y\u0131l\u0131 Kesin Hesap Yasa Tasar\u0131s\u0131 g\u00f6r\u00fc\u015f\u00fcld\u00fc<\/p>\n<p>Ard\u0131ndan Birle\u015ftirilmi\u015f 2022 Mali Y\u0131l\u0131 Kesin Hesap Yasa Tasar\u0131s\u0131\u2019n\u0131n g\u00f6r\u00fc\u015f\u00fclmesine ge\u00e7ildi.<\/p>\n<p>Tasar\u0131ya ili\u015fkin komite raporunun okunmas\u0131n\u0131n ard\u0131ndan tasar\u0131 madde madde oyland\u0131. Tasar\u0131n\u0131n b\u00fct\u00fcn\u00fc oylanarak, oybirli\u011fiyle kabul edildi.<\/p>\n<p>\u2013 Murat Kaya \u0130n\u015faat Ltd.\u2019in Zeytinlik k\u00f6y\u00fcndeki arazilerinin i\u00e7erisindeki zeytin a\u011fac\u0131n\u0131n istibdali\u2026<\/p>\n<p>Ard\u0131ndan \u201cMurat Kaya \u0130n\u015faat Ltd.\u2019in Zeytinlik K\u00f6y\u00fcndeki Arazilerinin \u0130\u00e7erisinde Bulunan Zeytin A\u011fac\u0131n\u0131n \u0130stibdalinin Onaylanmas\u0131na \u0130li\u015fkin Karar Tasar\u0131s\u0131\u201d ele al\u0131nd\u0131. \u0130lgili raporun okunmas\u0131n\u0131n ard\u0131ndan tasar\u0131 madde madde ele al\u0131nd\u0131. Tasar\u0131n\u0131n \u00fc\u00e7\u00fcnc\u00fc g\u00f6r\u00fc\u015fmesi sonraki toplant\u0131da yap\u0131lacak.<\/p>\n<p>\u2013 \u201cBr\u00fcksel Temsilcili\u011fi\u2019nin 1991-2005 Mali Y\u0131llar\u0131na Ait Say\u0131\u015ftay Denetim Raporu\u201d ele al\u0131nd\u0131<\/p>\n<p>Daha sonra Br\u00fcksel Temsilcili\u011fi\u2019nin 1991-2005 Mali Y\u0131llar\u0131na Ait Say\u0131\u015ftay Denetim Raporu ele al\u0131nd\u0131. \u0130lgili komite raporunun okunmas\u0131n\u0131n ard\u0131ndan Genel Kurul\u2019un bug\u00fcnk\u00fc toplant\u0131s\u0131 tamamland\u0131.<\/p>\n<p>Genel Kurul sonraki toplant\u0131s\u0131n\u0131 yar\u0131n saat 10.00\u2019da \u201cg\u00fcncel konu\u015fmalar\u201d g\u00fcndemiyle yapacak.<\/p>\n<\/p><\/div>\n<p><script async\n                    defer\n                    crossorigin=\"anonymous\"\n                    src=\"https:\/\/connect.facebook.net\/tr_TR\/sdk.js#xfbml=1&#038;version=v3.3\"\n            ><\/script><br \/>\n<br \/><br \/>\n<br \/><a href=\"https:\/\/brtk.net\/meclis-genel-kurulu-toplantisi-tamamlandi-4\/\">Kaynak BRT <\/a><\/p>\n","protected":false},"excerpt":{"rendered":"<p>Cumhuriyet Meclisi Genel Kurulu toplant\u0131s\u0131 bug\u00fcnk\u00fc g\u00f6r\u00fc\u015fmesini tamamlad\u0131. Genel Kurul\u2019da \u201cBirle\u015ftirilmi\u015f 2022 Mali Y\u0131l\u0131 Kesin Hesap Yasa Tasar\u0131s\u0131\u201d onayland\u0131. Toplant\u0131da, Murat Kaya \u0130n\u015faat Ltd.\u2019in Zeytinlik k\u00f6y\u00fcndeki arazilerinin i\u00e7erisinde bulunan zeytin a\u011fac\u0131n\u0131n istibdali ve Br\u00fcksel Temsilcili\u011finin 1991-2005 Mali Y\u0131llar\u0131na Ait Say\u0131\u015ftay Denetim Raporu da ele al\u0131nd\u0131. Cumhuriyet Meclisi Genel Kurulu\u2019nda ilk olarak Ba\u015fkanl\u0131\u011f\u0131n Genel Kurul\u2019a sunu\u015flar\u0131na [&hellip;]<\/p>\n","protected":false},"author":908,"featured_media":14405,"comment_status":"open","ping_status":"open","sticky":false,"template":"","format":"standard","meta":{"_jetpack_memberships_contains_paid_content":false,"footnotes":"","jetpack_publicize_message":"","jetpack_publicize_feature_enabled":true,"jetpack_social_post_already_shared":true,"jetpack_social_options":{"image_generator_settings":{"template":"highway","default_image_id":0,"font":"","enabled":false},"version":2}},"categories":[253],"tags":[],"class_list":["post-16403","post","type-post","status-publish","format-standard","has-post-thumbnail","hentry","category-gundem"],"jetpack_publicize_connections":[],"jetpack_featured_media_url":"https:\/\/kibrisayna.com\/wp-content\/uploads\/2024\/12\/1734528888391meclis-genel-kurulu.jpg","jetpack_sharing_enabled":true,"_links":{"self":[{"href":"https:\/\/kibrisayna.com\/index.php\/wp-json\/wp\/v2\/posts\/16403","targetHints":{"allow":["GET"]}}],"collection":[{"href":"https:\/\/kibrisayna.com\/index.php\/wp-json\/wp\/v2\/posts"}],"about":[{"href":"https:\/\/kibrisayna.com\/index.php\/wp-json\/wp\/v2\/types\/post"}],"author":[{"embeddable":true,"href":"https:\/\/kibrisayna.com\/index.php\/wp-json\/wp\/v2\/users\/908"}],"replies":[{"embeddable":true,"href":"https:\/\/kibrisayna.com\/index.php\/wp-json\/wp\/v2\/comments?post=16403"}],"version-history":[{"count":0,"href":"https:\/\/kibrisayna.com\/index.php\/wp-json\/wp\/v2\/posts\/16403\/revisions"}],"wp:featuredmedia":[{"embeddable":true,"href":"https:\/\/kibrisayna.com\/index.php\/wp-json\/wp\/v2\/media\/14405"}],"wp:attachment":[{"href":"https:\/\/kibrisayna.com\/index.php\/wp-json\/wp\/v2\/media?parent=16403"}],"wp:term":[{"taxonomy":"category","embeddable":true,"href":"https:\/\/kibrisayna.com\/index.php\/wp-json\/wp\/v2\/categories?post=16403"},{"taxonomy":"post_tag","embeddable":true,"href":"https:\/\/kibrisayna.com\/index.php\/wp-json\/wp\/v2\/tags?post=16403"}],"curies":[{"name":"wp","href":"https:\/\/api.w.org\/{rel}","templated":true}]}}