{"id":16352,"date":"2025-01-13T08:26:00","date_gmt":"2025-01-13T05:26:00","guid":{"rendered":"https:\/\/kibrisayna.com\/index.php\/2025\/01\/13\/kararliligi-ve-liderligiyle-halkinin-kaderini-degistirdi-brtk\/"},"modified":"2025-01-13T08:26:00","modified_gmt":"2025-01-13T05:26:00","slug":"kararliligi-ve-liderligiyle-halkinin-kaderini-degistirdi-brtk","status":"publish","type":"post","link":"https:\/\/kibrisayna.com\/index.php\/2025\/01\/13\/kararliligi-ve-liderligiyle-halkinin-kaderini-degistirdi-brtk\/","title":{"rendered":"\u201cKararl\u0131l\u0131\u011f\u0131 ve liderli\u011fiyle halk\u0131n\u0131n kaderini de\u011fi\u015ftirdi\u201d \u2013 BRTK"},"content":{"rendered":"<p> <br \/>\n<\/p>\n<div>\n<div class=\"mariselle-image-container center\">\n                <img loading=\"lazy\" decoding=\"async\" width=\"1654\" height=\"1104\" class=\"lazy-image\" alt=\"\" sizes=\"auto, (max-width: 1654px) 100vw, 1654px\" src=\"https:\/\/brtk.net\/wp-content\/uploads\/2025\/01\/12\/1736706936514erhan-arikli.jpg?ver=321eebce9a3c566e1a30cb92d096d31c\" srcset=\"https:\/\/brtk.net\/wp-content\/uploads\/2025\/01\/12\/1736706936514erhan-arikli.jpg?ver=321eebce9a3c566e1a30cb92d096d31c 1654w, https:\/\/brtk.net\/wp-content\/uploads\/2025\/01\/12\/1736706936514erhan-arikli-300x200.jpg?ver=a1740fa2e3c383cfbebbf0079f1f69a5 300w, https:\/\/brtk.net\/wp-content\/uploads\/2025\/01\/12\/1736706936514erhan-arikli-1024x683.jpg?ver=a1740fa2e3c383cfbebbf0079f1f69a5 1024w, https:\/\/brtk.net\/wp-content\/uploads\/2025\/01\/12\/1736706936514erhan-arikli-768x513.jpg?ver=a1740fa2e3c383cfbebbf0079f1f69a5 768w, https:\/\/brtk.net\/wp-content\/uploads\/2025\/01\/12\/1736706936514erhan-arikli-1536x1025.jpg?ver=4f34af452bfe61424e18e2657de0b354 1536w\"\/>                            <\/div>\n<p>\nBay\u0131nd\u0131rl\u0131k ve Ula\u015ft\u0131rma Bakan\u0131 Ar\u0131kl\u0131, Kurucu Cumhurba\u015fkan\u0131 Rauf Raif Denkta\u015f\u2019\u0131n, kararl\u0131l\u0131\u011f\u0131 ve liderli\u011fiyle bir halk\u0131n\u0131n tarihini de\u011fi\u015ftiren e\u015fsiz bir devlet adam\u0131 oldu\u011funu s\u00f6yledi.<\/p>\n<p>\u201cKuzey K\u0131br\u0131s T\u00fcrk Cumhuriyeti\u2019nin Kurucu Cumhurba\u015fkan\u0131 ve K\u0131br\u0131s T\u00fcrk halk\u0131n\u0131n ba\u011f\u0131ms\u0131zl\u0131k m\u00fccadelesinin \u00f6nderi Rauf Raif Denkta\u015f\u2019\u0131, vefat\u0131n\u0131n 13\u2019\u00fcnc\u00fc y\u0131l d\u00f6n\u00fcm\u00fcnde rahmet, minnet ve \u00f6zlemle an\u0131yoruz\u201d diyen Ar\u0131kl\u0131, mesaj\u0131nda \u015fu ifadelere yer verdi:<\/p>\n<p>\u201cRauf Raif Denkta\u015f, \u00f6mr\u00fcn\u00fc K\u0131br\u0131s T\u00fcrk halk\u0131n\u0131n varolu\u015f m\u00fccadelesine adam\u0131\u015f, kararl\u0131l\u0131\u011f\u0131 ve liderli\u011fiyle bir halk\u0131n tarihini de\u011fi\u015ftiren e\u015fsiz bir devlet adam\u0131d\u0131r. Denkta\u015f, yaln\u0131zca ba\u011f\u0131ms\u0131z bir devletin temellerini atmakla kalmam\u0131\u015f; hak, hukuk ve adalet yolunda y\u0131lmadan y\u00fcr\u00fcyerek K\u0131br\u0131s T\u00fcrklerinin sesini t\u00fcm d\u00fcnyaya duyurmu\u015ftur.<\/p>\n<p>Onun \u00fcst\u00fcn zek\u00e2s\u0131, diplomasi yetene\u011fi ve sars\u0131lmaz inanc\u0131 sayesinde, K\u0131br\u0131s T\u00fcrk halk\u0131 bug\u00fcn kendi kimli\u011fi ve varl\u0131\u011f\u0131yla \u00f6zg\u00fcrce ya\u015famaktad\u0131r. Denkta\u015f\u2019\u0131n verdi\u011fi bu m\u00fccadele, yaln\u0131zca bir siyasi liderlik de\u011fil, ayn\u0131 zamanda halk\u0131n\u0131n gelece\u011fine duydu\u011fu b\u00fcy\u00fck bir inanc\u0131n tezah\u00fcr\u00fcd\u00fcr. Rauf Raif Denkta\u015f\u2019\u0131n miras\u0131, bizlere yaln\u0131zca bir tarih de\u011fil, ayn\u0131 zamanda gelece\u011fe \u0131\u015f\u0131k tutan bir rehberdir. Bu miras\u0131 ya\u015fatmak ve daha ileri ta\u015f\u0131mak hepimizin ortak sorumlulu\u011fudur. Bu vesileyle, kendisini bir kez daha sayg\u0131, rahmet ve minnetle an\u0131yorum. Ruhu \u015fad olsun.\u201d<\/p>\n<\/p><\/div>\n<p><script async\n                    defer\n                    crossorigin=\"anonymous\"\n                    src=\"https:\/\/connect.facebook.net\/tr_TR\/sdk.js#xfbml=1&#038;version=v3.3\"\n            ><\/script><br \/>\n<br \/><br \/>\n<br \/><a href=\"https:\/\/brtk.net\/arikli-kararliligi-ve-liderligiyle-halkinin-kaderini-degistirdi\/\">Kaynak BRT <\/a><\/p>\n","protected":false},"excerpt":{"rendered":"<p>Bay\u0131nd\u0131rl\u0131k ve Ula\u015ft\u0131rma Bakan\u0131 Ar\u0131kl\u0131, Kurucu Cumhurba\u015fkan\u0131 Rauf Raif Denkta\u015f\u2019\u0131n, kararl\u0131l\u0131\u011f\u0131 ve liderli\u011fiyle bir halk\u0131n\u0131n tarihini de\u011fi\u015ftiren e\u015fsiz bir devlet adam\u0131 oldu\u011funu s\u00f6yledi. \u201cKuzey K\u0131br\u0131s T\u00fcrk Cumhuriyeti\u2019nin Kurucu Cumhurba\u015fkan\u0131 ve K\u0131br\u0131s T\u00fcrk halk\u0131n\u0131n ba\u011f\u0131ms\u0131zl\u0131k m\u00fccadelesinin \u00f6nderi Rauf Raif Denkta\u015f\u2019\u0131, vefat\u0131n\u0131n 13\u2019\u00fcnc\u00fc y\u0131l d\u00f6n\u00fcm\u00fcnde rahmet, minnet ve \u00f6zlemle an\u0131yoruz\u201d diyen Ar\u0131kl\u0131, mesaj\u0131nda \u015fu ifadelere yer verdi: [&hellip;]<\/p>\n","protected":false},"author":908,"featured_media":16353,"comment_status":"open","ping_status":"open","sticky":false,"template":"","format":"standard","meta":{"_jetpack_memberships_contains_paid_content":false,"footnotes":"","jetpack_publicize_message":"","jetpack_publicize_feature_enabled":true,"jetpack_social_post_already_shared":true,"jetpack_social_options":{"image_generator_settings":{"template":"highway","default_image_id":0,"font":"","enabled":false},"version":2}},"categories":[253],"tags":[],"class_list":["post-16352","post","type-post","status-publish","format-standard","has-post-thumbnail","hentry","category-gundem"],"jetpack_publicize_connections":[],"jetpack_featured_media_url":"https:\/\/kibrisayna.com\/wp-content\/uploads\/2025\/01\/1736706936514erhan-arikli.jpg","jetpack_sharing_enabled":true,"_links":{"self":[{"href":"https:\/\/kibrisayna.com\/index.php\/wp-json\/wp\/v2\/posts\/16352","targetHints":{"allow":["GET"]}}],"collection":[{"href":"https:\/\/kibrisayna.com\/index.php\/wp-json\/wp\/v2\/posts"}],"about":[{"href":"https:\/\/kibrisayna.com\/index.php\/wp-json\/wp\/v2\/types\/post"}],"author":[{"embeddable":true,"href":"https:\/\/kibrisayna.com\/index.php\/wp-json\/wp\/v2\/users\/908"}],"replies":[{"embeddable":true,"href":"https:\/\/kibrisayna.com\/index.php\/wp-json\/wp\/v2\/comments?post=16352"}],"version-history":[{"count":0,"href":"https:\/\/kibrisayna.com\/index.php\/wp-json\/wp\/v2\/posts\/16352\/revisions"}],"wp:featuredmedia":[{"embeddable":true,"href":"https:\/\/kibrisayna.com\/index.php\/wp-json\/wp\/v2\/media\/16353"}],"wp:attachment":[{"href":"https:\/\/kibrisayna.com\/index.php\/wp-json\/wp\/v2\/media?parent=16352"}],"wp:term":[{"taxonomy":"category","embeddable":true,"href":"https:\/\/kibrisayna.com\/index.php\/wp-json\/wp\/v2\/categories?post=16352"},{"taxonomy":"post_tag","embeddable":true,"href":"https:\/\/kibrisayna.com\/index.php\/wp-json\/wp\/v2\/tags?post=16352"}],"curies":[{"name":"wp","href":"https:\/\/api.w.org\/{rel}","templated":true}]}}