{"id":16325,"date":"2025-01-12T17:18:16","date_gmt":"2025-01-12T14:18:16","guid":{"rendered":"https:\/\/kibrisayna.com\/index.php\/2025\/01\/12\/hasipogludenktas-fikirleriyle-daima-yolumuza-isik-olacaktir-brtk\/"},"modified":"2025-01-12T17:18:16","modified_gmt":"2025-01-12T14:18:16","slug":"hasipogludenktas-fikirleriyle-daima-yolumuza-isik-olacaktir-brtk","status":"publish","type":"post","link":"https:\/\/kibrisayna.com\/index.php\/2025\/01\/12\/hasipogludenktas-fikirleriyle-daima-yolumuza-isik-olacaktir-brtk\/","title":{"rendered":"Hasipo\u011flu:Denkta\u015f, fikirleriyle daima yolumuza \u0131\u015f\u0131k olacakt\u0131r \u2013 BRTK"},"content":{"rendered":"<p> <br \/>\n<\/p>\n<div>\n<div class=\"mariselle-image-container center\">\n                <img loading=\"lazy\" decoding=\"async\" width=\"1600\" height=\"1066\" class=\"lazy-image\" alt=\"\" sizes=\"auto, (max-width: 1600px) 100vw, 1600px\" src=\"https:\/\/brtk.net\/wp-content\/uploads\/2024\/07\/14\/hasipoglu14.jpg?ver=83f4a0c1642199558a0fea44eb0ee986\" srcset=\"https:\/\/brtk.net\/wp-content\/uploads\/2024\/07\/14\/hasipoglu14.jpg?ver=83f4a0c1642199558a0fea44eb0ee986 1600w, https:\/\/brtk.net\/wp-content\/uploads\/2024\/07\/14\/hasipoglu14-300x200.jpg?ver=83f4a0c1642199558a0fea44eb0ee986 300w, https:\/\/brtk.net\/wp-content\/uploads\/2024\/07\/14\/hasipoglu14-1024x682.jpg?ver=94415102e0141f77ab63879e14b05d49 1024w, https:\/\/brtk.net\/wp-content\/uploads\/2024\/07\/14\/hasipoglu14-768x512.jpg?ver=94415102e0141f77ab63879e14b05d49 768w, https:\/\/brtk.net\/wp-content\/uploads\/2024\/07\/14\/hasipoglu14-1536x1023.jpg?ver=0ab05415a6ca7a5f22698208928097b8 1536w\"\/>                            <\/div>\n<p>lusal Birlik Partisi Genel Sekreteri O\u011fuzhan Hasipo\u011flu, Kurucu Cumhurba\u015fkan\u0131 Rauf Raif Denkta\u015f\u2019\u0131n fikirlerinin daima K\u0131br\u0131sl\u0131 T\u00fcrklerin yoluna \u0131\u015f\u0131k olaca\u011f\u0131n\u0131 s\u00f6yledi. <\/p>\n<p>Hasipo\u011flu Kurucu Cumhurba\u015fkan\u0131 Rauf Raif Denkta\u015f\u2019\u0131n \u00f6l\u00fcm y\u0131ld\u00f6n\u00fcm\u00fc nedeniyle yay\u0131mlad\u0131\u011f\u0131 mesajda, \u201cHayat\u0131n\u0131 K\u0131br\u0131s T\u00fcrk halk\u0131n\u0131n, \u00f6zg\u00fcrl\u00fck ve egemenli\u011fine adam\u0131\u015f, partimizin kurucular\u0131ndan ve Kurucu Cumhurba\u015fkan\u0131m\u0131z Rauf Raif Denkta\u015f, fikirleriyle daima yolumuza \u0131\u015f\u0131k olacakt\u0131r.<\/p>\n<p>Halk\u0131n\u0131 y\u00fcrekten seven, her zaman m\u00fctevaz\u0131 ki\u015fili\u011fiyle tan\u0131nan liderimiz Denkta\u015f, haf\u0131zalar\u0131m\u0131zda ve kalplerimizde ebediyen ya\u015fayacak, K\u0131br\u0131s T\u00fcrklerinin hak ve menfaatleri i\u00e7in verdi\u011fi m\u00fccadelesi ile asla unutulmayacakt\u0131r\u201d dedi.<\/p>\n<p>Rauf Raif Denkta\u015f\u2019\u0131n bir dava adam\u0131 oldu\u011funu, Birle\u015fmi\u015f Milletler ve uluslararas\u0131 platformlarda yapt\u0131\u011f\u0131 konu\u015fmalar\u0131n haf\u0131zalarda oldu\u011funu kaydeden Hasipo\u011flu mesaj\u0131nda \u015funlar\u0131 kaydetti: <\/p>\n<p>\u201cBu tarihi konu\u015fmalardan biri olan, \u2018S\u00f6yleyin onlara, buras\u0131 ba\u011f\u0131ms\u0131z bir Cumhuriyettir\u2019 mottosu bizlere daima ilham kayna\u011f\u0131 olmaya devam edecek ve bizler taraf\u0131ndan uluslararas\u0131 platformlarda dillendirilmeye devam edecektir. Bizler, O\u2019nun m\u00fccadelesini nesilden nesile anlatmak, emanet etti\u011fi devletimizi sonsuza kadar ya\u015fatmak i\u00e7in canla ba\u015fla \u00e7al\u0131\u015fmaya devam edece\u011fiz.\u201d<\/p>\n<\/p><\/div>\n<p><script async\n                    defer\n                    crossorigin=\"anonymous\"\n                    src=\"https:\/\/connect.facebook.net\/tr_TR\/sdk.js#xfbml=1&#038;version=v3.3\"\n            ><\/script><br \/>\n<br \/><br \/>\n<br \/><a href=\"https:\/\/brtk.net\/hasipogludenktas-fikirleriyle-daima-yolumuza-isik-olacaktir\/\">Kaynak BRT <\/a><\/p>\n","protected":false},"excerpt":{"rendered":"<p>lusal Birlik Partisi Genel Sekreteri O\u011fuzhan Hasipo\u011flu, Kurucu Cumhurba\u015fkan\u0131 Rauf Raif Denkta\u015f\u2019\u0131n fikirlerinin daima K\u0131br\u0131sl\u0131 T\u00fcrklerin yoluna \u0131\u015f\u0131k olaca\u011f\u0131n\u0131 s\u00f6yledi. Hasipo\u011flu Kurucu Cumhurba\u015fkan\u0131 Rauf Raif Denkta\u015f\u2019\u0131n \u00f6l\u00fcm y\u0131ld\u00f6n\u00fcm\u00fc nedeniyle yay\u0131mlad\u0131\u011f\u0131 mesajda, \u201cHayat\u0131n\u0131 K\u0131br\u0131s T\u00fcrk halk\u0131n\u0131n, \u00f6zg\u00fcrl\u00fck ve egemenli\u011fine adam\u0131\u015f, partimizin kurucular\u0131ndan ve Kurucu Cumhurba\u015fkan\u0131m\u0131z Rauf Raif Denkta\u015f, fikirleriyle daima yolumuza \u0131\u015f\u0131k olacakt\u0131r. Halk\u0131n\u0131 y\u00fcrekten seven, [&hellip;]<\/p>\n","protected":false},"author":908,"featured_media":6085,"comment_status":"open","ping_status":"open","sticky":false,"template":"","format":"standard","meta":{"_jetpack_memberships_contains_paid_content":false,"footnotes":"","jetpack_publicize_message":"","jetpack_publicize_feature_enabled":true,"jetpack_social_post_already_shared":true,"jetpack_social_options":{"image_generator_settings":{"template":"highway","default_image_id":0,"font":"","enabled":false},"version":2}},"categories":[253],"tags":[],"class_list":["post-16325","post","type-post","status-publish","format-standard","has-post-thumbnail","hentry","category-gundem"],"jetpack_publicize_connections":[],"jetpack_featured_media_url":"https:\/\/kibrisayna.com\/wp-content\/uploads\/2024\/09\/hasipoglu14.jpg","jetpack_sharing_enabled":true,"_links":{"self":[{"href":"https:\/\/kibrisayna.com\/index.php\/wp-json\/wp\/v2\/posts\/16325","targetHints":{"allow":["GET"]}}],"collection":[{"href":"https:\/\/kibrisayna.com\/index.php\/wp-json\/wp\/v2\/posts"}],"about":[{"href":"https:\/\/kibrisayna.com\/index.php\/wp-json\/wp\/v2\/types\/post"}],"author":[{"embeddable":true,"href":"https:\/\/kibrisayna.com\/index.php\/wp-json\/wp\/v2\/users\/908"}],"replies":[{"embeddable":true,"href":"https:\/\/kibrisayna.com\/index.php\/wp-json\/wp\/v2\/comments?post=16325"}],"version-history":[{"count":0,"href":"https:\/\/kibrisayna.com\/index.php\/wp-json\/wp\/v2\/posts\/16325\/revisions"}],"wp:featuredmedia":[{"embeddable":true,"href":"https:\/\/kibrisayna.com\/index.php\/wp-json\/wp\/v2\/media\/6085"}],"wp:attachment":[{"href":"https:\/\/kibrisayna.com\/index.php\/wp-json\/wp\/v2\/media?parent=16325"}],"wp:term":[{"taxonomy":"category","embeddable":true,"href":"https:\/\/kibrisayna.com\/index.php\/wp-json\/wp\/v2\/categories?post=16325"},{"taxonomy":"post_tag","embeddable":true,"href":"https:\/\/kibrisayna.com\/index.php\/wp-json\/wp\/v2\/tags?post=16325"}],"curies":[{"name":"wp","href":"https:\/\/api.w.org\/{rel}","templated":true}]}}