{"id":16323,"date":"2025-01-12T17:12:20","date_gmt":"2025-01-12T14:12:20","guid":{"rendered":"https:\/\/kibrisayna.com\/index.php\/2025\/01\/12\/dau-rektoru-kilic-denktasin-vefatinin-13-yil-donumu-dolayisiyla-mesaj-yayimladi-brtk\/"},"modified":"2025-01-12T17:12:20","modified_gmt":"2025-01-12T14:12:20","slug":"dau-rektoru-kilic-denktasin-vefatinin-13-yil-donumu-dolayisiyla-mesaj-yayimladi-brtk","status":"publish","type":"post","link":"https:\/\/kibrisayna.com\/index.php\/2025\/01\/12\/dau-rektoru-kilic-denktasin-vefatinin-13-yil-donumu-dolayisiyla-mesaj-yayimladi-brtk\/","title":{"rendered":"DA\u00dc Rekt\u00f6r\u00fc K\u0131l\u0131\u00e7, Denkta\u015f\u2019\u0131n vefat\u0131n\u0131n 13. y\u0131l d\u00f6n\u00fcm\u00fc dolay\u0131s\u0131yla mesaj yay\u0131mlad\u0131 \u2013 BRTK"},"content":{"rendered":"<p> <br \/>\n<\/p>\n<div>\n<div class=\"mariselle-image-container center\">\n                <img loading=\"lazy\" decoding=\"async\" width=\"1080\" height=\"1018\" class=\"lazy-image\" alt=\"\" sizes=\"auto, (max-width: 1080px) 100vw, 1080px\" src=\"https:\/\/brtk.net\/wp-content\/uploads\/2025\/01\/12\/1736681683416PROF.DR_.-HASAN-KILIC.jpg?ver=b5b6a86ea799e801b272eef7819136ee\" srcset=\"https:\/\/brtk.net\/wp-content\/uploads\/2025\/01\/12\/1736681683416PROF.DR_.-HASAN-KILIC.jpg?ver=b5b6a86ea799e801b272eef7819136ee 1080w, https:\/\/brtk.net\/wp-content\/uploads\/2025\/01\/12\/1736681683416PROF.DR_.-HASAN-KILIC-300x283.jpg?ver=c493448dabbb7eeff34c01730bcffd6a 300w, https:\/\/brtk.net\/wp-content\/uploads\/2025\/01\/12\/1736681683416PROF.DR_.-HASAN-KILIC-1024x965.jpg?ver=c493448dabbb7eeff34c01730bcffd6a 1024w, https:\/\/brtk.net\/wp-content\/uploads\/2025\/01\/12\/1736681683416PROF.DR_.-HASAN-KILIC-768x724.jpg?ver=3fd7ff6da6ac0aacd765dbf30e946eac 768w\"\/>                            <\/div>\n<p>Do\u011fu Akdeniz \u00dcniversitesi (DA\u00dc) Rekt\u00f6r\u00fc Prof. Dr. Hasan K\u0131l\u0131\u00e7, Kurucu Cumhurba\u015fkan\u0131 Rauf Raif Denkta\u015f\u2019\u0131n, sadece bir siyaset\u00e7i de\u011fil, K\u0131br\u0131s T\u00fcrk halk\u0131n\u0131n haklar\u0131 ve \u00f6zg\u00fcrl\u00fckleri i\u00e7in t\u00fcm \u00f6mr\u00fcn\u00fc adayan ger\u00e7ek bir lider oldu\u011funu s\u00f6yledi. <\/p>\n<p>K\u0131l\u0131\u00e7, Kurucu Cumhurba\u015fkan\u0131 Rauf Raif Denkta\u015f\u2019\u0131n vefat\u0131n\u0131n 13. y\u0131l d\u00f6n\u00fcm\u00fc nedeniyle anma mesaj\u0131 yay\u0131mlad\u0131.<\/p>\n<p>K\u0131l\u0131\u00e7 mesaj\u0131nda \u015fu ifadelere yer verdi:<\/p>\n<p>\u201cK\u0131br\u0131s\u2019ta T\u00fcrk halk\u0131n\u0131n varolu\u015f m\u00fccadelesine liderlik etmi\u015f, Cumhuriyetimizin temellerini atarak, halk\u0131m\u0131z\u0131n ba\u011f\u0131ms\u0131zl\u0131k yolunda att\u0131\u011f\u0131 ad\u0131mlarda \u00f6nc\u00fc olmu\u015ftur. Bug\u00fcn, onun miras\u0131 olan Kuzey K\u0131br\u0131s T\u00fcrk Cumhuriyeti\u2019nin geli\u015fmesi ve uluslararas\u0131 alanda hak etti\u011fi yeri almas\u0131 i\u00e7in azimle \u00e7al\u0131\u015fmaya devam ediyoruz. <\/p>\n<p>Denkta\u015f\u2019\u0131n \u00f6nderli\u011finde y\u00fcr\u00fct\u00fclen m\u00fccadelenin, K\u0131br\u0131s T\u00fcrk halk\u0131n\u0131n ba\u011f\u0131ms\u0131zl\u0131k, egemenlik ve g\u00fcvenli\u011fini teminat alt\u0131na alm\u0131\u015f oldu\u011fu ger\u00e7e\u011fi, bizim i\u00e7in her zaman rehber olmu\u015ftur. Rauf Raif Denkta\u015f\u2019\u0131n g\u00f6sterdi\u011fi liderlik, cesaret ve kararl\u0131l\u0131k, bizlere her zaman ilham kayna\u011f\u0131 olmaya devam edecektir. Onun hat\u0131ras\u0131, halk\u0131m\u0131z\u0131n g\u00f6nl\u00fcnde daima ya\u015fayacakt\u0131r.\u201d<\/p>\n<p>K\u0131l\u0131\u00e7, Kurucu Cumhurba\u015fkan\u0131 Denkta\u015f\u2019\u0131 sayg\u0131, \u00f6zlem ve rahmetle and\u0131.<\/p>\n<\/p><\/div>\n<p><script async\n                    defer\n                    crossorigin=\"anonymous\"\n                    src=\"https:\/\/connect.facebook.net\/tr_TR\/sdk.js#xfbml=1&#038;version=v3.3\"\n            ><\/script><br \/>\n<br \/><br \/>\n<br \/><a href=\"https:\/\/brtk.net\/dau-rektoru-kilic-denktasin-vefatinin-13-yil-donumu-dolayisiyla-mesaj-yayimladi\/\">Kaynak BRT <\/a><\/p>\n","protected":false},"excerpt":{"rendered":"<p>Do\u011fu Akdeniz \u00dcniversitesi (DA\u00dc) Rekt\u00f6r\u00fc Prof. Dr. Hasan K\u0131l\u0131\u00e7, Kurucu Cumhurba\u015fkan\u0131 Rauf Raif Denkta\u015f\u2019\u0131n, sadece bir siyaset\u00e7i de\u011fil, K\u0131br\u0131s T\u00fcrk halk\u0131n\u0131n haklar\u0131 ve \u00f6zg\u00fcrl\u00fckleri i\u00e7in t\u00fcm \u00f6mr\u00fcn\u00fc adayan ger\u00e7ek bir lider oldu\u011funu s\u00f6yledi. K\u0131l\u0131\u00e7, Kurucu Cumhurba\u015fkan\u0131 Rauf Raif Denkta\u015f\u2019\u0131n vefat\u0131n\u0131n 13. y\u0131l d\u00f6n\u00fcm\u00fc nedeniyle anma mesaj\u0131 yay\u0131mlad\u0131. K\u0131l\u0131\u00e7 mesaj\u0131nda \u015fu ifadelere yer verdi: \u201cK\u0131br\u0131s\u2019ta T\u00fcrk [&hellip;]<\/p>\n","protected":false},"author":908,"featured_media":16324,"comment_status":"open","ping_status":"open","sticky":false,"template":"","format":"standard","meta":{"_jetpack_memberships_contains_paid_content":false,"footnotes":"","jetpack_publicize_message":"","jetpack_publicize_feature_enabled":true,"jetpack_social_post_already_shared":true,"jetpack_social_options":{"image_generator_settings":{"template":"highway","default_image_id":0,"font":"","enabled":false},"version":2}},"categories":[253],"tags":[],"class_list":["post-16323","post","type-post","status-publish","format-standard","has-post-thumbnail","hentry","category-gundem"],"jetpack_publicize_connections":[],"jetpack_featured_media_url":"https:\/\/kibrisayna.com\/wp-content\/uploads\/2025\/01\/1736681683416PROF.DR_.-HASAN-KILIC.jpg","jetpack_sharing_enabled":true,"_links":{"self":[{"href":"https:\/\/kibrisayna.com\/index.php\/wp-json\/wp\/v2\/posts\/16323","targetHints":{"allow":["GET"]}}],"collection":[{"href":"https:\/\/kibrisayna.com\/index.php\/wp-json\/wp\/v2\/posts"}],"about":[{"href":"https:\/\/kibrisayna.com\/index.php\/wp-json\/wp\/v2\/types\/post"}],"author":[{"embeddable":true,"href":"https:\/\/kibrisayna.com\/index.php\/wp-json\/wp\/v2\/users\/908"}],"replies":[{"embeddable":true,"href":"https:\/\/kibrisayna.com\/index.php\/wp-json\/wp\/v2\/comments?post=16323"}],"version-history":[{"count":0,"href":"https:\/\/kibrisayna.com\/index.php\/wp-json\/wp\/v2\/posts\/16323\/revisions"}],"wp:featuredmedia":[{"embeddable":true,"href":"https:\/\/kibrisayna.com\/index.php\/wp-json\/wp\/v2\/media\/16324"}],"wp:attachment":[{"href":"https:\/\/kibrisayna.com\/index.php\/wp-json\/wp\/v2\/media?parent=16323"}],"wp:term":[{"taxonomy":"category","embeddable":true,"href":"https:\/\/kibrisayna.com\/index.php\/wp-json\/wp\/v2\/categories?post=16323"},{"taxonomy":"post_tag","embeddable":true,"href":"https:\/\/kibrisayna.com\/index.php\/wp-json\/wp\/v2\/tags?post=16323"}],"curies":[{"name":"wp","href":"https:\/\/api.w.org\/{rel}","templated":true}]}}