{"id":16292,"date":"2025-01-12T11:52:08","date_gmt":"2025-01-12T08:52:08","guid":{"rendered":"https:\/\/kibrisayna.com\/index.php\/2025\/01\/12\/okyanusun-derinliklerinde-gizemli-kayip-dunyalar-kesfedildi\/"},"modified":"2025-01-12T11:52:08","modified_gmt":"2025-01-12T08:52:08","slug":"okyanusun-derinliklerinde-gizemli-kayip-dunyalar-kesfedildi","status":"publish","type":"post","link":"https:\/\/kibrisayna.com\/index.php\/2025\/01\/12\/okyanusun-derinliklerinde-gizemli-kayip-dunyalar-kesfedildi\/","title":{"rendered":"Okyanusun derinliklerinde gizemli &#8220;kay\u0131p d\u00fcnyalar&#8221; ke\u015ffedildi!"},"content":{"rendered":"<p> <br \/>\n<br \/><img decoding=\"async\" src=\"https:\/\/cdn1.ntv.com.tr\/gorsel\/sMst5UDuV06nRm_8pz-1wA.jpg?width=1200&amp;ampmode=crop&amp;ampscale=both\" class=\"type:primaryImage\" \/><\/p>\n<p>Bilim insanlar\u0131, B\u00fcy\u00fck Okyanus&#8217;un alt\u0131nda ve k\u0131talar\u0131n i\u00e7inde a\u00e7\u0131klanamayan yap\u0131lar ke\u015ffetti. Tektonik levhalar\u0131n \u00e7arp\u0131\u015ft\u0131\u011f\u0131 ve birinin di\u011ferinin alt\u0131na girdi\u011fi bu b\u00f6lgelerde, D\u00fcnya\u2019n\u0131n mantosunda daha \u00f6nce hi\u00e7 g\u00f6zlemlenmemi\u015f &#8220;yitim zonlar\u0131&#8221; bulundu. Ancak, bu yap\u0131lar\u0131n tam olarak ne olduklar\u0131 gizemini koruyor.<\/p>\n<section class=\"type:slideshow\">\n<figure><img decoding=\"async\" src=\"https:\/\/cdn1.ntv.com.tr\/gorsel\/rabdMFVdqEy4Y_3muJgrOw.jpg?width=1200&amp;mode=crop&amp;scale=both\" width=\"1200\" \/><figcaption>Bilim insanlar\u0131, B\u00fcy\u00fck Okyanus&#8217;un alt\u0131nda ve k\u0131talar\u0131n derinliklerinde, \u00f6nceki ara\u015ft\u0131rmalarda ke\u015ffedilmemi\u015f gizemli yap\u0131lar ve yitim zonlar\u0131 tespit etti.\u00a0<br \/>\n*Yitim zonu, tektonik levhalar\u0131n birbiriyle etkile\u015fime girdi\u011fi ve bir levhan\u0131n di\u011ferinin alt\u0131na do\u011fru s\u00fcr\u00fcklendi\u011fi b\u00f6lgelere verilen isimdir.<\/figcaption><\/figure>\n<figure><img decoding=\"async\" src=\"https:\/\/cdn1.ntv.com.tr\/gorsel\/5ySyP6WmIkulkCtlysEM6g.jpg?width=1200&amp;mode=crop&amp;scale=both\" width=\"1200\" \/><figcaption>D\u00fcnya&#8217;n\u0131n mantosuna dair bilgilere ula\u015fmak i\u00e7in genellikle sadece deprem dalgalar\u0131n\u0131n h\u0131zlar\u0131 kullan\u0131l\u0131yordu. Ancak ETH Z\u00fcrih ve Caltech&#8217;ten ara\u015ft\u0131rmac\u0131lar, t\u00fcm sismik dalgalar\u0131 analiz ederek \u00e7ok daha kapsaml\u0131 bir \u00e7al\u0131\u015fma ger\u00e7ekle\u015ftirdi.<br \/>\n\u00c7al\u0131\u015fman\u0131n bulgular\u0131, Scientific Reports dergisinde yay\u0131mland\u0131.<\/figcaption><\/figure>\n<figure><img decoding=\"async\" src=\"https:\/\/cdn1.ntv.com.tr\/gorsel\/oBNP89_yYUyuovoEU0CW1w.jpg?width=1200&amp;mode=crop&amp;scale=both\" width=\"1200\" \/><figcaption>Gizemli &#8220;Kay\u0131p D\u00fcnyalar&#8221;Ekip, bu yeni modelle &#8220;kay\u0131p d\u00fcnyalar&#8221; olarak adland\u0131rd\u0131klar\u0131 yap\u0131lar\u0131 ke\u015ffetti. \u0130lgin\u00e7 bir \u015fekilde, bu yap\u0131lar, tektonik levhalar\u0131n hareket etmedi\u011fi yerlerde de bulundu. Yitim zonlar\u0131n\u0131n okyanus tabanlar\u0131n\u0131n alt\u0131nda ve k\u0131talar i\u00e7inde yer ald\u0131\u011f\u0131 ortaya \u00e7\u0131kt\u0131.<\/figcaption><\/figure>\n<figure><img decoding=\"async\" src=\"https:\/\/cdn1.ntv.com.tr\/gorsel\/S2PAABxLU0mse4cVn2u6dA.jpg?width=1200&amp;mode=crop&amp;scale=both\" width=\"1200\" \/><figcaption>\u00c7al\u0131\u015fmaya dair bir a\u00e7\u0131klama yapan ETH Z\u00fcrih&#8217;ten Andreas Fichtner, bulgular\u0131 bir doktora benzeterek \u015fu \u015fekilde ifade etti: &#8220;Y\u0131llarca ultrasonla kan dola\u015f\u0131m\u0131n\u0131 inceleyen bir doktorun, yeni bir muayene arac\u0131yla beklemedi\u011fi bir atardamar\u0131 ke\u015ffetmesi gibi bir \u015fey.&#8221; Bu benzetme, ara\u015ft\u0131rmac\u0131lar\u0131n kar\u015f\u0131la\u015ft\u0131\u011f\u0131 \u015fa\u015fk\u0131nl\u0131\u011f\u0131 ve heyecan\u0131 yans\u0131t\u0131yor.<\/figcaption><\/figure>\n<figure><img decoding=\"async\" src=\"https:\/\/cdn1.ntv.com.tr\/gorsel\/XAtPGPj6w0GHmNE5WOIF9Q.jpg?width=1200&amp;mode=crop&amp;scale=both\" width=\"1200\" \/><figcaption>Ara\u015ft\u0131rmac\u0131lar, \u00f6zellikle B\u00fcy\u00fck Okyanus&#8217;un alt\u0131ndaki yitim zonlar\u0131n\u0131 ilgin\u00e7 buluyor. Jeolojik a\u00e7\u0131dan, bu b\u00f6lgede yitim zonlar\u0131n\u0131n yak\u0131n ge\u00e7mi\u015fte olu\u015fmas\u0131n\u0131n imkans\u0131z oldu\u011fu d\u00fc\u015f\u00fcn\u00fcl\u00fcyor. Bununla birlikte, bu anomalilerin i\u00e7eri\u011fi hakk\u0131nda hala net bir bilgi bulunmuyor. Yap\u0131lar, \u00e7evredeki kayalardan daha so\u011fuk ve farkl\u0131 bir bile\u015fime sahip olabilir.<\/figcaption><\/figure>\n<figure><img decoding=\"async\" src=\"https:\/\/cdn1.ntv.com.tr\/gorsel\/ZAgqKNGbEEGTKQnq3Gw7kw.jpg?width=1200&amp;mode=crop&amp;scale=both\" width=\"1200\" \/><figcaption>Schouten, bu yap\u0131lar\u0131 eski ve yeni malzemelerin birle\u015fimi olarak a\u00e7\u0131kl\u0131yor. Bu yap\u0131lar, 4 milyar y\u0131l \u00f6nce olu\u015fmu\u015f silika bak\u0131m\u0131ndan zengin eski malzemeler veya manto hareketlerinin sonucu olarak biriken demir bak\u0131m\u0131ndan zengin kayalar olabilir.Ara\u015ft\u0131rmac\u0131lar, sismik dalgalar\u0131n daha detayl\u0131 bir \u015fekilde incelenmesi gerekti\u011fini vurguluyor.<\/figcaption><\/figure>\n<\/section>\n<p><br \/>\n<br \/><a href=\"https:\/\/www.ntv.com.tr\/galeri\/teknoloji\/okyanusun-derinliklerinde-gizemli-kayip-dunyalar-kesfedildi,Jw5sGYSOd060KXG2DmKmWQ\"><\/a><\/p>\n","protected":false},"excerpt":{"rendered":"<p>Bilim insanlar\u0131, B\u00fcy\u00fck Okyanus&#8217;un alt\u0131nda ve k\u0131talar\u0131n i\u00e7inde a\u00e7\u0131klanamayan yap\u0131lar ke\u015ffetti. Tektonik levhalar\u0131n \u00e7arp\u0131\u015ft\u0131\u011f\u0131 ve birinin di\u011ferinin alt\u0131na girdi\u011fi bu b\u00f6lgelerde, D\u00fcnya\u2019n\u0131n mantosunda daha \u00f6nce hi\u00e7 g\u00f6zlemlenmemi\u015f &#8220;yitim zonlar\u0131&#8221; bulundu. Ancak, bu yap\u0131lar\u0131n tam olarak ne olduklar\u0131 gizemini koruyor. Bilim insanlar\u0131, B\u00fcy\u00fck Okyanus&#8217;un alt\u0131nda ve k\u0131talar\u0131n derinliklerinde, \u00f6nceki ara\u015ft\u0131rmalarda ke\u015ffedilmemi\u015f gizemli yap\u0131lar ve yitim zonlar\u0131 [&hellip;]<\/p>\n","protected":false},"author":908,"featured_media":16293,"comment_status":"open","ping_status":"open","sticky":false,"template":"","format":"standard","meta":{"_jetpack_memberships_contains_paid_content":false,"footnotes":"","jetpack_publicize_message":"","jetpack_publicize_feature_enabled":true,"jetpack_social_post_already_shared":true,"jetpack_social_options":{"image_generator_settings":{"template":"highway","default_image_id":0,"font":"","enabled":false},"version":2}},"categories":[12],"tags":[],"class_list":["post-16292","post","type-post","status-publish","format-standard","has-post-thumbnail","hentry","category-teknoloji"],"jetpack_publicize_connections":[],"jetpack_featured_media_url":"https:\/\/kibrisayna.com\/wp-content\/uploads\/2025\/01\/sMst5UDuV06nRm_8pz-1wA.jpg","jetpack_sharing_enabled":true,"_links":{"self":[{"href":"https:\/\/kibrisayna.com\/index.php\/wp-json\/wp\/v2\/posts\/16292","targetHints":{"allow":["GET"]}}],"collection":[{"href":"https:\/\/kibrisayna.com\/index.php\/wp-json\/wp\/v2\/posts"}],"about":[{"href":"https:\/\/kibrisayna.com\/index.php\/wp-json\/wp\/v2\/types\/post"}],"author":[{"embeddable":true,"href":"https:\/\/kibrisayna.com\/index.php\/wp-json\/wp\/v2\/users\/908"}],"replies":[{"embeddable":true,"href":"https:\/\/kibrisayna.com\/index.php\/wp-json\/wp\/v2\/comments?post=16292"}],"version-history":[{"count":0,"href":"https:\/\/kibrisayna.com\/index.php\/wp-json\/wp\/v2\/posts\/16292\/revisions"}],"wp:featuredmedia":[{"embeddable":true,"href":"https:\/\/kibrisayna.com\/index.php\/wp-json\/wp\/v2\/media\/16293"}],"wp:attachment":[{"href":"https:\/\/kibrisayna.com\/index.php\/wp-json\/wp\/v2\/media?parent=16292"}],"wp:term":[{"taxonomy":"category","embeddable":true,"href":"https:\/\/kibrisayna.com\/index.php\/wp-json\/wp\/v2\/categories?post=16292"},{"taxonomy":"post_tag","embeddable":true,"href":"https:\/\/kibrisayna.com\/index.php\/wp-json\/wp\/v2\/tags?post=16292"}],"curies":[{"name":"wp","href":"https:\/\/api.w.org\/{rel}","templated":true}]}}