{"id":16276,"date":"2025-01-11T19:46:55","date_gmt":"2025-01-11T16:46:55","guid":{"rendered":"https:\/\/kibrisayna.com\/index.php\/2025\/01\/11\/cumhurbaskani-tatar-cagineri-anma-etkinligine-katildi-brtk\/"},"modified":"2025-01-11T19:46:55","modified_gmt":"2025-01-11T16:46:55","slug":"cumhurbaskani-tatar-cagineri-anma-etkinligine-katildi-brtk","status":"publish","type":"post","link":"https:\/\/kibrisayna.com\/index.php\/2025\/01\/11\/cumhurbaskani-tatar-cagineri-anma-etkinligine-katildi-brtk\/","title":{"rendered":"Cumhurba\u015fkan\u0131 Tatar, \u00c7a\u011f\u0131ner\u2019i anma etkinli\u011fine kat\u0131ld\u0131 \u2013 BRTK"},"content":{"rendered":"<p> <br \/>\n<\/p>\n<div>\n<div class=\"mariselle-image-container none\">\n                <img loading=\"lazy\" decoding=\"async\" width=\"1600\" height=\"1066\" class=\"lazy-image\" alt=\"\" sizes=\"auto, (max-width: 1600px) 100vw, 1600px\" src=\"https:\/\/brtk.net\/wp-content\/uploads\/2025\/01\/11\/tatarr1.jpg?ver=11b6c50e33d459b01574efff8b43251a\" srcset=\"https:\/\/brtk.net\/wp-content\/uploads\/2025\/01\/11\/tatarr1.jpg?ver=11b6c50e33d459b01574efff8b43251a 1600w, https:\/\/brtk.net\/wp-content\/uploads\/2025\/01\/11\/tatarr1-300x200.jpg?ver=11b6c50e33d459b01574efff8b43251a 300w, https:\/\/brtk.net\/wp-content\/uploads\/2025\/01\/11\/tatarr1-1024x682.jpg?ver=11b6c50e33d459b01574efff8b43251a 1024w, https:\/\/brtk.net\/wp-content\/uploads\/2025\/01\/11\/tatarr1-768x512.jpg?ver=11b6c50e33d459b01574efff8b43251a 768w, https:\/\/brtk.net\/wp-content\/uploads\/2025\/01\/11\/tatarr1-1536x1023.jpg?ver=a099182271220dae3d82c409c869ebb4 1536w\"\/>                            <\/div>\n<p>\nCumhurba\u015fkan\u0131 Ersin Tatar, Tang\u00fcl \u00dcnal \u00c7a\u011f\u0131ner \u00c7ocuklara Yard\u0131m Vakf\u0131 \u00f6nc\u00fcl\u00fc\u011f\u00fcnde Do\u011fu Akdeniz \u00dcniversitesi E\u011fitim Fak\u00fcltesi ile \u0130\u015fletme ve Ekonomi Fak\u00fcltesi, Ankara \u00dcniversitesi Siyasal Bilgiler Fak\u00fcltesi ve K\u0131br\u0131s M\u00fclkiyeliler Birli\u011fi i\u015fbirli\u011finde d\u00fczenlenen \u201cM\u00fclkiyeli \u00dcnal \u00c7a\u011f\u0131ner\u2019i Anma Toplant\u0131s\u0131\u201dna kat\u0131ld\u0131.<\/p>\n<p>Cumhurba\u015fkanl\u0131\u011f\u0131\u2019ndan yap\u0131lan a\u00e7\u0131klamaya g\u00f6re, Cumhurba\u015fkan\u0131 Tatar burada yapt\u0131\u011f\u0131 konu\u015fmada, merhum \u00dcnal \u00c7a\u011f\u0131ner ile babas\u0131 R\u00fcstem Tatar\u2019\u0131n yak\u0131n arkada\u015f oldu\u011funu, kendisinin de siyaseti Acapulco Otel\u2019de sohbet toplant\u0131lar\u0131nda \u00f6\u011frendi\u011fini s\u00f6yledi.<\/p>\n<p>Cumhurba\u015fkan\u0131 se\u00e7ildikten sonra \u00dcnal \u00c7a\u011f\u0131ner\u2019in d\u00fcn\u00fcr\u00fc m\u00fczakereci Erg\u00fcn Olgun ile \u00e7al\u0131\u015fma f\u0131rsat\u0131 buldu\u011funu anlatan Cumhurba\u015fkan\u0131 Tatar, \u00dcnal \u00c7a\u011f\u0131ner\u2019in de destek verdi\u011fi iki devletli \u00e7\u00f6z\u00fcm siyasetini birlikte y\u00fcr\u00fctt\u00fcklerini vurgulad\u0131.<\/p>\n<p>\u00dcnal \u00c7a\u011f\u0131ner\u2019in \u00fclkeye az say\u0131da turist gelen bir d\u00f6nemde ve hi\u00e7bir altyap\u0131s\u0131 bulunmayan bir araziye ileriyi g\u00f6rerek risk al\u0131p do\u011fru yat\u0131r\u0131mlar yaparak Acapulco oteli kurdu\u011funu anlatan Cumhurba\u015fkan\u0131 Tatar, otele ba\u011fl\u0131 olarak yan sekt\u00f6rler olan denizcilik, hayvanc\u0131l\u0131k ve serac\u0131l\u0131k alanlar\u0131nda da yat\u0131r\u0131m yap\u0131ld\u0131\u011f\u0131na dikkat \u00e7ekti.<\/p>\n<p>Cumhurba\u015fkan\u0131 Tatar, \u00dcnal \u00c7a\u011f\u0131ner\u2019in T\u00fcrkiye\u2019de ald\u0131\u011f\u0131 e\u011fitim sonras\u0131nda \u00fclkesinde \u0130ngiliz \u00dcsleri\u2019nde Meteoroloji Dairesinde hava tahmini yapmas\u0131n\u0131n kendisine gelece\u011fi g\u00f6rmede ve yat\u0131r\u0131m yapmada yol g\u00f6sterici oldu\u011funu kaydetti.<\/p>\n<p>\u00dcnal \u00c7a\u011f\u0131ner de giri\u015fimcilik ruhu yan\u0131nda insani de\u011ferlerin de y\u00fcksek oldu\u011funu ifade eden Cumhurba\u015fkan\u0131 Tatar, \u00dcnal \u00c7a\u011f\u0131ner\u2019in e\u015fi Tang\u00fcl \u00c7a\u011f\u0131ner\u2019in de her zaman kendisine destek verdi\u011fini belirterek, e\u015fi Tang\u00fcl \u00c7a\u011f\u0131ner ile \u00dcnal \u00c7a\u011f\u0131ner\u2019i rahmet ve minnetle and\u0131.<\/p>\n<\/p><\/div>\n<p><script async\n                    defer\n                    crossorigin=\"anonymous\"\n                    src=\"https:\/\/connect.facebook.net\/tr_TR\/sdk.js#xfbml=1&#038;version=v3.3\"\n            ><\/script><br \/>\n<br \/><br \/>\n<br \/><a href=\"https:\/\/brtk.net\/cumhurbaskani-tatar-cagineri-anma-etkinligine-katildi\/\">Kaynak BRT <\/a><\/p>\n","protected":false},"excerpt":{"rendered":"<p>Cumhurba\u015fkan\u0131 Ersin Tatar, Tang\u00fcl \u00dcnal \u00c7a\u011f\u0131ner \u00c7ocuklara Yard\u0131m Vakf\u0131 \u00f6nc\u00fcl\u00fc\u011f\u00fcnde Do\u011fu Akdeniz \u00dcniversitesi E\u011fitim Fak\u00fcltesi ile \u0130\u015fletme ve Ekonomi Fak\u00fcltesi, Ankara \u00dcniversitesi Siyasal Bilgiler Fak\u00fcltesi ve K\u0131br\u0131s M\u00fclkiyeliler Birli\u011fi i\u015fbirli\u011finde d\u00fczenlenen \u201cM\u00fclkiyeli \u00dcnal \u00c7a\u011f\u0131ner\u2019i Anma Toplant\u0131s\u0131\u201dna kat\u0131ld\u0131. Cumhurba\u015fkanl\u0131\u011f\u0131\u2019ndan yap\u0131lan a\u00e7\u0131klamaya g\u00f6re, Cumhurba\u015fkan\u0131 Tatar burada yapt\u0131\u011f\u0131 konu\u015fmada, merhum \u00dcnal \u00c7a\u011f\u0131ner ile babas\u0131 R\u00fcstem Tatar\u2019\u0131n yak\u0131n arkada\u015f [&hellip;]<\/p>\n","protected":false},"author":908,"featured_media":16277,"comment_status":"open","ping_status":"open","sticky":false,"template":"","format":"standard","meta":{"_jetpack_memberships_contains_paid_content":false,"footnotes":"","jetpack_publicize_message":"","jetpack_publicize_feature_enabled":true,"jetpack_social_post_already_shared":true,"jetpack_social_options":{"image_generator_settings":{"template":"highway","default_image_id":0,"font":"","enabled":false},"version":2}},"categories":[253],"tags":[],"class_list":["post-16276","post","type-post","status-publish","format-standard","has-post-thumbnail","hentry","category-gundem"],"jetpack_publicize_connections":[],"jetpack_featured_media_url":"https:\/\/kibrisayna.com\/wp-content\/uploads\/2025\/01\/tatarr1.jpg","jetpack_sharing_enabled":true,"_links":{"self":[{"href":"https:\/\/kibrisayna.com\/index.php\/wp-json\/wp\/v2\/posts\/16276","targetHints":{"allow":["GET"]}}],"collection":[{"href":"https:\/\/kibrisayna.com\/index.php\/wp-json\/wp\/v2\/posts"}],"about":[{"href":"https:\/\/kibrisayna.com\/index.php\/wp-json\/wp\/v2\/types\/post"}],"author":[{"embeddable":true,"href":"https:\/\/kibrisayna.com\/index.php\/wp-json\/wp\/v2\/users\/908"}],"replies":[{"embeddable":true,"href":"https:\/\/kibrisayna.com\/index.php\/wp-json\/wp\/v2\/comments?post=16276"}],"version-history":[{"count":0,"href":"https:\/\/kibrisayna.com\/index.php\/wp-json\/wp\/v2\/posts\/16276\/revisions"}],"wp:featuredmedia":[{"embeddable":true,"href":"https:\/\/kibrisayna.com\/index.php\/wp-json\/wp\/v2\/media\/16277"}],"wp:attachment":[{"href":"https:\/\/kibrisayna.com\/index.php\/wp-json\/wp\/v2\/media?parent=16276"}],"wp:term":[{"taxonomy":"category","embeddable":true,"href":"https:\/\/kibrisayna.com\/index.php\/wp-json\/wp\/v2\/categories?post=16276"},{"taxonomy":"post_tag","embeddable":true,"href":"https:\/\/kibrisayna.com\/index.php\/wp-json\/wp\/v2\/tags?post=16276"}],"curies":[{"name":"wp","href":"https:\/\/api.w.org\/{rel}","templated":true}]}}