{"id":16274,"date":"2025-01-11T18:03:58","date_gmt":"2025-01-11T15:03:58","guid":{"rendered":"https:\/\/kibrisayna.com\/index.php\/2025\/01\/11\/ubp-genel-baskani-basbakan-ustel-parti-meclisi-uyelerine-hitap-etti-brtk\/"},"modified":"2025-01-11T18:03:58","modified_gmt":"2025-01-11T15:03:58","slug":"ubp-genel-baskani-basbakan-ustel-parti-meclisi-uyelerine-hitap-etti-brtk","status":"publish","type":"post","link":"https:\/\/kibrisayna.com\/index.php\/2025\/01\/11\/ubp-genel-baskani-basbakan-ustel-parti-meclisi-uyelerine-hitap-etti-brtk\/","title":{"rendered":"UBP Genel Ba\u015fkan\u0131, Ba\u015fbakan \u00dcstel, Parti Meclisi \u00fcyelerine hitap etti \u2013 BRTK"},"content":{"rendered":"<p> <br \/>\n<\/p>\n<div>\n<div class=\"mariselle-image-container center\">\n                <img loading=\"lazy\" decoding=\"async\" width=\"517\" height=\"216\" class=\"lazy-image\" alt=\"\" sizes=\"auto, (max-width: 517px) 100vw, 517px\" src=\"https:\/\/brtk.net\/wp-content\/uploads\/2025\/01\/11\/ubp-myk-belli-oldu-1428-2025-01-11_m.jpg?ver=32faf8ad3a9ca4dc38872ec32d3fa2ef\" srcset=\"https:\/\/brtk.net\/wp-content\/uploads\/2025\/01\/11\/ubp-myk-belli-oldu-1428-2025-01-11_m.jpg?ver=32faf8ad3a9ca4dc38872ec32d3fa2ef 517w, https:\/\/brtk.net\/wp-content\/uploads\/2025\/01\/11\/ubp-myk-belli-oldu-1428-2025-01-11_m-300x125.jpg?ver=32faf8ad3a9ca4dc38872ec32d3fa2ef 300w\"\/>                            <\/div>\n<p>Ulusal Birlik Partisi Parti Meclisi, Merkez Y\u00f6netim Kurulu\u2019nu se\u00e7mek i\u00e7in partinin Saray\u00f6n\u00fc\u2019ndeki merkezinde topland\u0131. <\/p>\n<p>UBP Genel Sekreteri O\u011fuzhan Hasipo\u011flu BRT\u2019ye yapt\u0131\u011f\u0131 a\u00e7\u0131klamada, UBP\u2019nin tavandan tabana her organ\u0131n\u0131n se\u00e7imle belirlendi\u011fini belirterek, her se\u00e7iminde de yar\u0131\u015fmal\u0131 ve demokrasi temelli oldu\u011funun alt\u0131n\u0131 \u00e7izdi.<\/p>\n<p>Hasipo\u011flu, \u201cPartide demokrasi olmazsa olmaz\u0131m\u0131zd\u0131r\u201d ifadelerini kulland\u0131.<\/p>\n<p>Ulusal Birlik Partisi Genel Ba\u015fkan\u0131, Ba\u015fbakan \u00dcnal \u00dcstel de, Merkez Y\u00f6netim Kurulu se\u00e7imi \u00f6ncesi Parti Meclisi \u00fcyelerine hitap etti.<\/p>\n<p>Uzun ve zorlu bir kurultay s\u00fcreci ve ard\u0131ndan Cumhuriyet Meclisi ba\u015fkanl\u0131\u011f\u0131 se\u00e7iminin ard\u0131ndan Merkez Y\u00f6netim Kurulu se\u00e7imini ger\u00e7ekle\u015ftirdiklerini belirten \u00dcstel, adaylara ba\u015far\u0131lar diledi.<\/p>\n<p>Merkez Y\u00f6netim Kurulu\u2019n\u0131n partinin bekas\u0131 ve politika belirleyicisi oldu\u011funu ifade eden \u00dcstel, ancak son s\u00f6z\u00fcn Parti Meclisi\u2019nde oldu\u011funu hat\u0131rlatt\u0131.<\/p>\n<p>Merkez Y\u00f6netim Kurulu se\u00e7iminin k\u0131rg\u0131nl\u0131klar olmadan sayg\u0131 \u00e7er\u00e7evesinde ge\u00e7mesini dileyen Ba\u015fbakan \u00dcstel, \u201c\u00d6n\u00fcm\u00fczde bir Cumhurba\u015fkanl\u0131\u011f\u0131, bir yerel se\u00e7im ve bir genel se\u00e7im var. Dolay\u0131s\u0131yla \u00f6nemli bir d\u00f6neme giriyoruz o y\u00fczden \u00e7ok temkinli ve birbirimize sayg\u0131 i\u00e7erisinde hareket etmeliyiz\u201d ifadelerini kulland\u0131.<\/p>\n<p>UBP Genel Ba\u015fkan\u0131, Ba\u015fbakan \u00dcstel\u2019in konu\u015fmas\u0131n\u0131n ard\u0131ndan oy verme i\u015flemine ge\u00e7ildi.<\/p>\n<p>Ulusal Birlik Partisi Merkez Y\u00f6netim Kurulu\u2019nun 13 \u00fcyesinin belirlenece\u011fi se\u00e7imde 33 aday yar\u0131\u015f\u0131yor.<\/p>\n<\/p><\/div>\n<p><script async\n                    defer\n                    crossorigin=\"anonymous\"\n                    src=\"https:\/\/connect.facebook.net\/tr_TR\/sdk.js#xfbml=1&#038;version=v3.3\"\n            ><\/script><br \/>\n<br \/><br \/>\n<br \/><a href=\"https:\/\/brtk.net\/ubp-genel-baskani-basbakan-ustel-parti-meclisi-uyelerine-hitap-etti\/\">Kaynak BRT <\/a><\/p>\n","protected":false},"excerpt":{"rendered":"<p>Ulusal Birlik Partisi Parti Meclisi, Merkez Y\u00f6netim Kurulu\u2019nu se\u00e7mek i\u00e7in partinin Saray\u00f6n\u00fc\u2019ndeki merkezinde topland\u0131. UBP Genel Sekreteri O\u011fuzhan Hasipo\u011flu BRT\u2019ye yapt\u0131\u011f\u0131 a\u00e7\u0131klamada, UBP\u2019nin tavandan tabana her organ\u0131n\u0131n se\u00e7imle belirlendi\u011fini belirterek, her se\u00e7iminde de yar\u0131\u015fmal\u0131 ve demokrasi temelli oldu\u011funun alt\u0131n\u0131 \u00e7izdi. Hasipo\u011flu, \u201cPartide demokrasi olmazsa olmaz\u0131m\u0131zd\u0131r\u201d ifadelerini kulland\u0131. Ulusal Birlik Partisi Genel Ba\u015fkan\u0131, Ba\u015fbakan \u00dcnal \u00dcstel [&hellip;]<\/p>\n","protected":false},"author":908,"featured_media":16275,"comment_status":"open","ping_status":"open","sticky":false,"template":"","format":"standard","meta":{"_jetpack_memberships_contains_paid_content":false,"footnotes":"","jetpack_publicize_message":"","jetpack_publicize_feature_enabled":true,"jetpack_social_post_already_shared":true,"jetpack_social_options":{"image_generator_settings":{"template":"highway","default_image_id":0,"font":"","enabled":false},"version":2}},"categories":[253],"tags":[],"class_list":["post-16274","post","type-post","status-publish","format-standard","has-post-thumbnail","hentry","category-gundem"],"jetpack_publicize_connections":[],"jetpack_featured_media_url":"https:\/\/kibrisayna.com\/wp-content\/uploads\/2025\/01\/ubp-myk-belli-oldu-1428-2025-01-11_m.jpg","jetpack_sharing_enabled":true,"_links":{"self":[{"href":"https:\/\/kibrisayna.com\/index.php\/wp-json\/wp\/v2\/posts\/16274","targetHints":{"allow":["GET"]}}],"collection":[{"href":"https:\/\/kibrisayna.com\/index.php\/wp-json\/wp\/v2\/posts"}],"about":[{"href":"https:\/\/kibrisayna.com\/index.php\/wp-json\/wp\/v2\/types\/post"}],"author":[{"embeddable":true,"href":"https:\/\/kibrisayna.com\/index.php\/wp-json\/wp\/v2\/users\/908"}],"replies":[{"embeddable":true,"href":"https:\/\/kibrisayna.com\/index.php\/wp-json\/wp\/v2\/comments?post=16274"}],"version-history":[{"count":0,"href":"https:\/\/kibrisayna.com\/index.php\/wp-json\/wp\/v2\/posts\/16274\/revisions"}],"wp:featuredmedia":[{"embeddable":true,"href":"https:\/\/kibrisayna.com\/index.php\/wp-json\/wp\/v2\/media\/16275"}],"wp:attachment":[{"href":"https:\/\/kibrisayna.com\/index.php\/wp-json\/wp\/v2\/media?parent=16274"}],"wp:term":[{"taxonomy":"category","embeddable":true,"href":"https:\/\/kibrisayna.com\/index.php\/wp-json\/wp\/v2\/categories?post=16274"},{"taxonomy":"post_tag","embeddable":true,"href":"https:\/\/kibrisayna.com\/index.php\/wp-json\/wp\/v2\/tags?post=16274"}],"curies":[{"name":"wp","href":"https:\/\/api.w.org\/{rel}","templated":true}]}}