{"id":16271,"date":"2025-01-11T17:48:08","date_gmt":"2025-01-11T14:48:08","guid":{"rendered":"https:\/\/kibrisayna.com\/index.php\/2025\/01\/11\/akansoydan-kibris-degerlendirmesicozum-icin-ortak-noktada-bulusarak-hareket-etmeliyiz-brtk-2\/"},"modified":"2025-01-11T17:48:08","modified_gmt":"2025-01-11T14:48:08","slug":"akansoydan-kibris-degerlendirmesicozum-icin-ortak-noktada-bulusarak-hareket-etmeliyiz-brtk-2","status":"publish","type":"post","link":"https:\/\/kibrisayna.com\/index.php\/2025\/01\/11\/akansoydan-kibris-degerlendirmesicozum-icin-ortak-noktada-bulusarak-hareket-etmeliyiz-brtk-2\/","title":{"rendered":"Akansoy\u2019dan K\u0131br\u0131s de\u011ferlendirmesi:\u00c7\u00f6z\u00fcm i\u00e7in ortak noktada bulu\u015farak hareket etmeliyiz \u2013 BRTK"},"content":{"rendered":"<p> <br \/>\n<\/p>\n<div>\n<div class=\"mariselle-image-container center\">\n                <img loading=\"lazy\" decoding=\"async\" width=\"2560\" height=\"1707\" class=\"lazy-image\" alt=\"\" sizes=\"auto, (max-width: 2560px) 100vw, 2560px\" src=\"https:\/\/brtk.net\/wp-content\/uploads\/2024\/10\/16\/asim-akansoy10-scaled.jpg?ver=5263a373a5ab1e38d5ff9aa74cb12bb5\" srcset=\"https:\/\/brtk.net\/wp-content\/uploads\/2024\/10\/16\/asim-akansoy10-scaled.jpg?ver=5263a373a5ab1e38d5ff9aa74cb12bb5 2560w, https:\/\/brtk.net\/wp-content\/uploads\/2024\/10\/16\/asim-akansoy10-300x200.jpg?ver=5d3c59da6005fc15880cc91aef8fd006 300w, https:\/\/brtk.net\/wp-content\/uploads\/2024\/10\/16\/asim-akansoy10-1024x683.jpg?ver=7a8e68bb9d56470777cc197be2810e37 1024w, https:\/\/brtk.net\/wp-content\/uploads\/2024\/10\/16\/asim-akansoy10-768x512.jpg?ver=7949aee4abbfd50af149ab918e494330 768w, https:\/\/brtk.net\/wp-content\/uploads\/2024\/10\/16\/asim-akansoy10-1536x1024.jpg?ver=bcdf5709725564ff47573d10f781d3c9 1536w, https:\/\/brtk.net\/wp-content\/uploads\/2024\/10\/16\/asim-akansoy10-2048x1365.jpg?ver=45fb924269e7812189bb4828cd70708d 2048w\"\/>                            <\/div>\n<p>Kat\u0131ld\u0131\u011f\u0131 televizyon program\u0131nda K\u0131br\u0131s sorununa dair a\u00e7\u0131klamalar\u0131nda bulunan Cumhuriyet\u00e7i T\u00fcrk Partisi Genel Sekreteri As\u0131m Akansoy, mevcut belirsizli\u011fin K\u0131br\u0131sl\u0131 T\u00fcrklerin zarar\u0131na oldu\u011funu belirterek, \u201c\u00c7\u00f6z\u00fcms\u00fczl\u00fck \u00e7\u00f6z\u00fcm de\u011fildir. E\u011fer \u00e7\u00f6z\u00fcm istiyorsak, g\u00f6r\u00fc\u015flerimizi maksimize ederek de\u011fil, ortak noktada bulu\u015farak hareket etmeliyiz\u201d dedi. <\/p>\n<p>Cumhurba\u015fkan\u0131 Tatar\u2019a Mart ay\u0131nda yap\u0131lmas\u0131 planlanan 5+1 \u00f6ncesi \u00e7a\u011fr\u0131da bulunan Akansoy, \u201cSiyasi akt\u00f6rlerle, partilerle g\u00f6r\u00fc\u015f al\u0131\u015fveri\u015finde bulunulmal\u0131. K\u0131br\u0131s T\u00fcrk taraf\u0131 olarak nas\u0131l bir yol izleyece\u011fimizi ciddiyetle ve sorumlulukla belirlemeliyiz. Belirsizlik ortam\u0131n\u0131 sona erdirmek i\u00e7in ge\u00e7mi\u015fte oldu\u011fu gibi bug\u00fcn de m\u00fccadele edilmeli\u201d ifadelerini kulland\u0131. <\/p>\n<p>\u201cK\u0131br\u0131s\u2019ta \u00e7\u00f6z\u00fcm\u00fcn ad\u0131 Federal K\u0131br\u0131s\u2019t\u0131r\u201d g\u00f6r\u00fc\u015f\u00fcn\u00fc ortaya koyan Akansoy, m\u00fczakereler ba\u015flad\u0131\u011f\u0131nda herhangi bir yol kazas\u0131 olursa, ge\u00e7mi\u015fte oldu\u011fu gibi, var olan stat\u00fckoya geri d\u00f6n\u00fclmemesi gerekti\u011fini de belirtti.<\/p>\n<p>T\u00fcrkiye Cumhuriyeti\u2019nin d\u0131\u015f politikas\u0131nda T\u00fcrkiye Cumhuriyeti D\u0131\u015fi\u015fleri Bakan\u0131 Hakan Fidan\u2019\u0131n rol\u00fcn\u00fc de de\u011ferlendiren Akansoy, Fidan\u2019\u0131n b\u00f6lgede \u00f6nemli bir siyasi akt\u00f6r oldu\u011funu s\u00f6yledi. <\/p>\n<p>Akansoy, \u201cHakan Fidan\u2019\u0131n, seleflerinden farkl\u0131 bir \u00e7izgi izledi\u011fini g\u00f6zlemliyoruz. Sabit fikirli bir yakla\u015f\u0131m\u0131 yok, \u00e7\u00f6z\u00fcm odakl\u0131 ve pragmatik bir tav\u0131r sergiliyor\u201d ifadelerini kulland\u0131.<\/p>\n<\/p><\/div>\n<p><script async\n                    defer\n                    crossorigin=\"anonymous\"\n                    src=\"https:\/\/connect.facebook.net\/tr_TR\/sdk.js#xfbml=1&#038;version=v3.3\"\n            ><\/script><br \/>\n<br \/><br \/>\n<br \/><a href=\"https:\/\/brtk.net\/akansoydan-kibris-degerlendirmesicozum-icin-ortak-noktada-bulusarak-hareket-etmeliyiz\/\">Kaynak BRT <\/a><\/p>\n","protected":false},"excerpt":{"rendered":"<p>Kat\u0131ld\u0131\u011f\u0131 televizyon program\u0131nda K\u0131br\u0131s sorununa dair a\u00e7\u0131klamalar\u0131nda bulunan Cumhuriyet\u00e7i T\u00fcrk Partisi Genel Sekreteri As\u0131m Akansoy, mevcut belirsizli\u011fin K\u0131br\u0131sl\u0131 T\u00fcrklerin zarar\u0131na oldu\u011funu belirterek, \u201c\u00c7\u00f6z\u00fcms\u00fczl\u00fck \u00e7\u00f6z\u00fcm de\u011fildir. E\u011fer \u00e7\u00f6z\u00fcm istiyorsak, g\u00f6r\u00fc\u015flerimizi maksimize ederek de\u011fil, ortak noktada bulu\u015farak hareket etmeliyiz\u201d dedi. Cumhurba\u015fkan\u0131 Tatar\u2019a Mart ay\u0131nda yap\u0131lmas\u0131 planlanan 5+1 \u00f6ncesi \u00e7a\u011fr\u0131da bulunan Akansoy, \u201cSiyasi akt\u00f6rlerle, partilerle g\u00f6r\u00fc\u015f al\u0131\u015fveri\u015finde bulunulmal\u0131. [&hellip;]<\/p>\n","protected":false},"author":908,"featured_media":7691,"comment_status":"open","ping_status":"open","sticky":false,"template":"","format":"standard","meta":{"_jetpack_memberships_contains_paid_content":false,"footnotes":"","jetpack_publicize_message":"","jetpack_publicize_feature_enabled":true,"jetpack_social_post_already_shared":true,"jetpack_social_options":{"image_generator_settings":{"template":"highway","default_image_id":0,"font":"","enabled":false},"version":2}},"categories":[253],"tags":[],"class_list":["post-16271","post","type-post","status-publish","format-standard","has-post-thumbnail","hentry","category-gundem"],"jetpack_publicize_connections":[],"jetpack_featured_media_url":"https:\/\/kibrisayna.com\/wp-content\/uploads\/2024\/10\/asim-akansoy20.jpg","jetpack_sharing_enabled":true,"_links":{"self":[{"href":"https:\/\/kibrisayna.com\/index.php\/wp-json\/wp\/v2\/posts\/16271","targetHints":{"allow":["GET"]}}],"collection":[{"href":"https:\/\/kibrisayna.com\/index.php\/wp-json\/wp\/v2\/posts"}],"about":[{"href":"https:\/\/kibrisayna.com\/index.php\/wp-json\/wp\/v2\/types\/post"}],"author":[{"embeddable":true,"href":"https:\/\/kibrisayna.com\/index.php\/wp-json\/wp\/v2\/users\/908"}],"replies":[{"embeddable":true,"href":"https:\/\/kibrisayna.com\/index.php\/wp-json\/wp\/v2\/comments?post=16271"}],"version-history":[{"count":0,"href":"https:\/\/kibrisayna.com\/index.php\/wp-json\/wp\/v2\/posts\/16271\/revisions"}],"wp:featuredmedia":[{"embeddable":true,"href":"https:\/\/kibrisayna.com\/index.php\/wp-json\/wp\/v2\/media\/7691"}],"wp:attachment":[{"href":"https:\/\/kibrisayna.com\/index.php\/wp-json\/wp\/v2\/media?parent=16271"}],"wp:term":[{"taxonomy":"category","embeddable":true,"href":"https:\/\/kibrisayna.com\/index.php\/wp-json\/wp\/v2\/categories?post=16271"},{"taxonomy":"post_tag","embeddable":true,"href":"https:\/\/kibrisayna.com\/index.php\/wp-json\/wp\/v2\/tags?post=16271"}],"curies":[{"name":"wp","href":"https:\/\/api.w.org\/{rel}","templated":true}]}}