{"id":16263,"date":"2025-01-11T16:54:34","date_gmt":"2025-01-11T13:54:34","guid":{"rendered":"https:\/\/kibrisayna.com\/index.php\/2025\/01\/11\/el-ele-yesil-bir-gelecege-sloganiyla-agaclandirma-bayrami-duzenlendi-brtk\/"},"modified":"2025-01-11T16:54:34","modified_gmt":"2025-01-11T13:54:34","slug":"el-ele-yesil-bir-gelecege-sloganiyla-agaclandirma-bayrami-duzenlendi-brtk","status":"publish","type":"post","link":"https:\/\/kibrisayna.com\/index.php\/2025\/01\/11\/el-ele-yesil-bir-gelecege-sloganiyla-agaclandirma-bayrami-duzenlendi-brtk\/","title":{"rendered":"\u201cEl ele ye\u015fil bir gelece\u011fe\u201d slogan\u0131yla a\u011fa\u00e7land\u0131rma bayram\u0131 d\u00fczenlendi \u2013 BRTK"},"content":{"rendered":"<p> <br \/>\n<\/p>\n<div>\n<div class=\"mariselle-image-container none\">\n                <img loading=\"lazy\" decoding=\"async\" width=\"927\" height=\"1019\" class=\"lazy-image\" alt=\"\" sizes=\"auto, (max-width: 927px) 100vw, 927px\" src=\"https:\/\/brtk.net\/wp-content\/uploads\/2025\/01\/11\/TATAR1111.jpg?ver=e962f578c2e549c839b0dcf5d3dc6345\" srcset=\"https:\/\/brtk.net\/wp-content\/uploads\/2025\/01\/11\/TATAR1111.jpg?ver=e962f578c2e549c839b0dcf5d3dc6345 927w, https:\/\/brtk.net\/wp-content\/uploads\/2025\/01\/11\/TATAR1111-273x300.jpg?ver=e962f578c2e549c839b0dcf5d3dc6345 273w, https:\/\/brtk.net\/wp-content\/uploads\/2025\/01\/11\/TATAR1111-768x844.jpg?ver=f0b40b22126c2e2e2b022e148070016d 768w\"\/>                            <\/div>\n<p>Lefko\u015fa Ortak\u00f6y\u2019deki K\u0131br\u0131s T\u00fcrk Kuvvetleri Alay\u0131\u2019nda (KTKA) Yak\u0131n Do\u011fu \u00dcniversitesi (YD\u00dc) ile K\u0131br\u0131s T\u00fcrk Bar\u0131\u015f Kuvvetleri Komutanl\u0131\u011f\u0131 i\u015f birli\u011finde \u201cEl ele ye\u015fil bir gelece\u011fe\u201d slogan\u0131yla a\u011fa\u00e7land\u0131rma bayram\u0131 d\u00fczenlendi.<\/p>\n<p>Cumhurba\u015fkan\u0131 Ersin Tatar\u2019\u0131n yan\u0131 s\u0131ra, TC Lefko\u015fa B\u00fcy\u00fckel\u00e7isi Yesin Ekrem Serim ve ailesinin kat\u0131ld\u0131\u011f\u0131 bug\u00fcnk\u00fc a\u011fa\u00e7land\u0131rma bayram\u0131 \u00e7er\u00e7evesinde servi, k\u0131z\u0131l\u00e7am, parkinsonya, portakal, limon ve mandalina fidanlar\u0131ndan olu\u015fan toplam 3 bin a\u011fa\u00e7 dikildi. KTKA alan\u0131 i\u00e7erisindeki toplam a\u011fa\u00e7 say\u0131s\u0131 8 bine y\u00fckseltildi.<\/p>\n<p>Etkinlik saat 11.00\u2019de Sayg\u0131 duru\u015fu ve \u0130stikl\u00e2l Mar\u015f\u0131\u2019n\u0131n okunmas\u0131yla ba\u015flad\u0131. Cumhurba\u015fkan\u0131 Tatar\u2019\u0131n da konu\u015f yapt\u0131\u011f\u0131 etkinlikte ilk konu\u015fmay\u0131 yapan KTKA Komutan\u0131 P. Kur. Alb. Ali Karaka\u015f dikilecek fidanlar ve fidan dikiminin nas\u0131l yap\u0131laca\u011f\u0131 konusunda bilgi verdi. Fidan dikiminin ard\u0131ndan, toplu foto\u011fraf \u00e7ekimi yap\u0131ld\u0131.<\/p>\n<p>Etkinlikte, Ana Muhalefet Cumhuriyet\u00e7i T\u00fcrk Partisi Genel Ba\u015fkan\u0131 Tufan Erh\u00fcrman, K\u0131br\u0131s T\u00fcrk Bar\u0131\u015f Kuvvetleri Komutan\u0131 T\u00fcmgeneral Sebahattin K\u0131l\u0131n\u00e7, G\u00fcvenlik Kuvvetleri Komutan\u0131 T\u00fcmgeneral \u0130lker G\u00f6rg\u00fcl\u00fc, 28. T\u00fcmen Komutan\u0131 Tu\u011fgeneral \u0130lker Ertu\u011frul, 39. T\u00fcmen Komutan\u0131 Tu\u011fgeneral Sinan G\u00f6ko\u011flan, 14. Z\u0131rhl\u0131 Tugay Komutan\u0131 Tu\u011fgeneral \u00dczeyir Durmu\u015f ve aileleriyle, YD\u00dc ve Yak\u0131n Do\u011fu \u0130lkokulu\u2019ndan \u00f6\u011frenciler, baz\u0131 dernek, kurum, kurulu\u015f temsilcileriyle, asker aileleri ve di\u011fer davetliler yer ald\u0131.<\/p>\n<p>Cumhurba\u015fkan\u0131 Ersin Tatar, fidan dikiminin ard\u0131ndan yapt\u0131\u011f\u0131 konu\u015fmada, etkinli\u011fin ger\u00e7ekle\u015fmesine katk\u0131 koyanlara te\u015fekk\u00fcr etti. Tatar, K\u0131br\u0131s T\u00fcrk\u00fc\u2019n\u00fcn bir yandan ye\u015file, topra\u011fa, ormanlara sahip \u00e7\u0131kmas\u0131 gerekirken, di\u011fer yandan da su kullan\u0131m\u0131nda tasarrufa giderek, k\u00fcresel \u0131s\u0131nma ve iklim de\u011fi\u015fikli\u011fine kar\u015f\u0131 tedbirli olmas\u0131 gerekti\u011finin alt\u0131n\u0131 \u00e7izdi.<\/p>\n<p>Tatar, daha g\u00fczel bir co\u011frafyay\u0131 gelecek nesillere aktarabilmek ad\u0131na fidan dikim etkinliklerinin \u00f6nemine i\u015faret etti ve herkese bah\u00e7esine en az bir a\u011fa\u00e7 dikme \u00e7a\u011fr\u0131s\u0131 yapt\u0131.<\/p>\n<p>Cumhurba\u015fkan\u0131 Tatar, Osmanl\u0131 zaman\u0131ndan beri K\u0131br\u0131s\u2019ta s\u00fcregelen a\u011fa\u00e7land\u0131rma ve ye\u015fillendirme faaliyetlerinin \u00e7ocuklara a\u015f\u0131lanmas\u0131 ve yeni neslin bu k\u00fclt\u00fcr ve anlay\u0131\u015fla b\u00fcy\u00fcmesi gerekti\u011fine vurgu yapt\u0131. Tatar, \u00f6zellikle yeni Meclis ve Cumhurba\u015fkanl\u0131\u011f\u0131 yerle\u015fkesi \u00e7evresi ve ayn\u0131 alan\u0131n kuzeyindeki KTKA i\u00e7erisinde son d\u00f6nemde yap\u0131lan a\u011fa\u00e7land\u0131rma ve ye\u015fillendirmenin halk\u0131n sosyal ya\u015fam\u0131na ,ayn\u0131 zamanda K\u0131br\u0131s\u2019\u0131n tarihine katk\u0131 yapacak nitelikte oldu\u011funu s\u00f6zlerine ekledi.<\/p>\n<p>Tatar\u2019\u0131n konu\u015fmas\u0131n\u0131n ard\u0131ndan konuklara ikram yap\u0131lmas\u0131yla etkinlik sona erdi.<\/p>\n<\/p><\/div>\n<p><script async\n                    defer\n                    crossorigin=\"anonymous\"\n                    src=\"https:\/\/connect.facebook.net\/tr_TR\/sdk.js#xfbml=1&#038;version=v3.3\"\n            ><\/script><br \/>\n<br \/><br \/>\n<br \/><a href=\"https:\/\/brtk.net\/el-ele-yesil-bir-gelecege-sloganiyla-agaclandirma-bayrami-duzenlendi\/\">Kaynak BRT <\/a><\/p>\n","protected":false},"excerpt":{"rendered":"<p>Lefko\u015fa Ortak\u00f6y\u2019deki K\u0131br\u0131s T\u00fcrk Kuvvetleri Alay\u0131\u2019nda (KTKA) Yak\u0131n Do\u011fu \u00dcniversitesi (YD\u00dc) ile K\u0131br\u0131s T\u00fcrk Bar\u0131\u015f Kuvvetleri Komutanl\u0131\u011f\u0131 i\u015f birli\u011finde \u201cEl ele ye\u015fil bir gelece\u011fe\u201d slogan\u0131yla a\u011fa\u00e7land\u0131rma bayram\u0131 d\u00fczenlendi. Cumhurba\u015fkan\u0131 Ersin Tatar\u2019\u0131n yan\u0131 s\u0131ra, TC Lefko\u015fa B\u00fcy\u00fckel\u00e7isi Yesin Ekrem Serim ve ailesinin kat\u0131ld\u0131\u011f\u0131 bug\u00fcnk\u00fc a\u011fa\u00e7land\u0131rma bayram\u0131 \u00e7er\u00e7evesinde servi, k\u0131z\u0131l\u00e7am, parkinsonya, portakal, limon ve mandalina fidanlar\u0131ndan olu\u015fan [&hellip;]<\/p>\n","protected":false},"author":908,"featured_media":16264,"comment_status":"open","ping_status":"open","sticky":false,"template":"","format":"standard","meta":{"_jetpack_memberships_contains_paid_content":false,"footnotes":"","jetpack_publicize_message":"","jetpack_publicize_feature_enabled":true,"jetpack_social_post_already_shared":true,"jetpack_social_options":{"image_generator_settings":{"template":"highway","default_image_id":0,"font":"","enabled":false},"version":2}},"categories":[253],"tags":[],"class_list":["post-16263","post","type-post","status-publish","format-standard","has-post-thumbnail","hentry","category-gundem"],"jetpack_publicize_connections":[],"jetpack_featured_media_url":"https:\/\/kibrisayna.com\/wp-content\/uploads\/2025\/01\/TATAR1111.jpg","jetpack_sharing_enabled":true,"_links":{"self":[{"href":"https:\/\/kibrisayna.com\/index.php\/wp-json\/wp\/v2\/posts\/16263","targetHints":{"allow":["GET"]}}],"collection":[{"href":"https:\/\/kibrisayna.com\/index.php\/wp-json\/wp\/v2\/posts"}],"about":[{"href":"https:\/\/kibrisayna.com\/index.php\/wp-json\/wp\/v2\/types\/post"}],"author":[{"embeddable":true,"href":"https:\/\/kibrisayna.com\/index.php\/wp-json\/wp\/v2\/users\/908"}],"replies":[{"embeddable":true,"href":"https:\/\/kibrisayna.com\/index.php\/wp-json\/wp\/v2\/comments?post=16263"}],"version-history":[{"count":0,"href":"https:\/\/kibrisayna.com\/index.php\/wp-json\/wp\/v2\/posts\/16263\/revisions"}],"wp:featuredmedia":[{"embeddable":true,"href":"https:\/\/kibrisayna.com\/index.php\/wp-json\/wp\/v2\/media\/16264"}],"wp:attachment":[{"href":"https:\/\/kibrisayna.com\/index.php\/wp-json\/wp\/v2\/media?parent=16263"}],"wp:term":[{"taxonomy":"category","embeddable":true,"href":"https:\/\/kibrisayna.com\/index.php\/wp-json\/wp\/v2\/categories?post=16263"},{"taxonomy":"post_tag","embeddable":true,"href":"https:\/\/kibrisayna.com\/index.php\/wp-json\/wp\/v2\/tags?post=16263"}],"curies":[{"name":"wp","href":"https:\/\/api.w.org\/{rel}","templated":true}]}}