{"id":16259,"date":"2025-01-11T16:44:07","date_gmt":"2025-01-11T13:44:07","guid":{"rendered":"https:\/\/kibrisayna.com\/index.php\/2025\/01\/11\/trafik-denetimlerinde-342-surucu-rapor-edildi-yarisindan-fazlasinin-sucu-surat-brtk\/"},"modified":"2025-01-11T16:44:07","modified_gmt":"2025-01-11T13:44:07","slug":"trafik-denetimlerinde-342-surucu-rapor-edildi-yarisindan-fazlasinin-sucu-surat-brtk","status":"publish","type":"post","link":"https:\/\/kibrisayna.com\/index.php\/2025\/01\/11\/trafik-denetimlerinde-342-surucu-rapor-edildi-yarisindan-fazlasinin-sucu-surat-brtk\/","title":{"rendered":"Trafik denetimlerinde 342 s\u00fcr\u00fcc\u00fc rapor edildi.. Yar\u0131s\u0131ndan fazlas\u0131n\u0131n su\u00e7u s\u00fcrat \u2013 BRTK"},"content":{"rendered":"<p> <br \/>\n<\/p>\n<div>\n<div class=\"mariselle-image-container none\">\n                <img loading=\"lazy\" decoding=\"async\" width=\"1600\" height=\"1062\" class=\"lazy-image\" alt=\"\" sizes=\"auto, (max-width: 1600px) 100vw, 1600px\" src=\"https:\/\/brtk.net\/wp-content\/uploads\/2025\/01\/11\/POLIS-DENETIM-5.jpg?ver=548ce05c279720047c06dd81a6bbc0a4\" srcset=\"https:\/\/brtk.net\/wp-content\/uploads\/2025\/01\/11\/POLIS-DENETIM-5.jpg?ver=548ce05c279720047c06dd81a6bbc0a4 1600w, https:\/\/brtk.net\/wp-content\/uploads\/2025\/01\/11\/POLIS-DENETIM-5-300x199.jpg?ver=548ce05c279720047c06dd81a6bbc0a4 300w, https:\/\/brtk.net\/wp-content\/uploads\/2025\/01\/11\/POLIS-DENETIM-5-1024x680.jpg?ver=cd4e90b3b5bdd84e0099bf71c9141ebc 1024w, https:\/\/brtk.net\/wp-content\/uploads\/2025\/01\/11\/POLIS-DENETIM-5-768x510.jpg?ver=cd4e90b3b5bdd84e0099bf71c9141ebc 768w, https:\/\/brtk.net\/wp-content\/uploads\/2025\/01\/11\/POLIS-DENETIM-5-1536x1020.jpg?ver=5f7ada0098d9d6fa8a942227f989b129 1536w\"\/>                            <\/div>\n<p>\u00a0\u00dclke genelinde d\u00fcn ak\u015fam yap\u0131lan trafik denetimlerinde 342 s\u00fcr\u00fcc\u00fc ceza al\u0131rken, 21 ara\u00e7 da trafikten men edildi.<\/p>\n<p>Polisin a\u00e7\u0131klamas\u0131na g\u00f6re, 1924 arac\u0131n denetlendi\u011fi gecede 185 s\u00fcr\u00fcc\u00fc yasal h\u0131z s\u0131n\u0131r\u0131 \u00fczerinde s\u00fcratli ara\u00e7 kullanmaktan ceza ald\u0131.<\/p>\n<p>S\u00fcr\u00fcc\u00fclerin 13\u2019\u00fc alkoll\u00fc i\u00e7ki tesiri alt\u0131nda, 12\u2019si emniyet kemeri takmadan, 12\u2019si seyr\u00fcsefer ruhsats\u0131z ve 2\u2019si s\u00fcr\u00fc\u015f ehliyetsiz, sigorta kapsamaks\u0131z\u0131n ara\u00e7 kullanmaktan rapor edildi.<\/p>\n<p>62 s\u00fcr\u00fcc\u00fcye s\u00fcr\u00fc\u015f esnas\u0131nda cep telefonuyla konu\u015fmaktan ceza verilirken, 9 s\u00fcr\u00fcc\u00fc sigortas\u0131z,\u00a01\u2019i trafik \u0131\u015f\u0131klar\u0131na uymamak ve 46\u2019s\u0131 di\u011fer trafik su\u00e7lar\u0131ndan olu\u015fmaktan su\u00e7lu bulundu.<\/p>\n<\/p><\/div>\n<p><script async\n                    defer\n                    crossorigin=\"anonymous\"\n                    src=\"https:\/\/connect.facebook.net\/tr_TR\/sdk.js#xfbml=1&#038;version=v3.3\"\n            ><\/script><br \/>\n<br \/><br \/>\n<br \/><a href=\"https:\/\/brtk.net\/trafik-denetimlerinde-342-surucu-rapor-edildi-yarisindan-fazlasinin-sucu-surat\/\"> <\/a><\/p>\n","protected":false},"excerpt":{"rendered":"<p>\u00a0\u00dclke genelinde d\u00fcn ak\u015fam yap\u0131lan trafik denetimlerinde 342 s\u00fcr\u00fcc\u00fc ceza al\u0131rken, 21 ara\u00e7 da trafikten men edildi. Polisin a\u00e7\u0131klamas\u0131na g\u00f6re, 1924 arac\u0131n denetlendi\u011fi gecede 185 s\u00fcr\u00fcc\u00fc yasal h\u0131z s\u0131n\u0131r\u0131 \u00fczerinde s\u00fcratli ara\u00e7 kullanmaktan ceza ald\u0131. S\u00fcr\u00fcc\u00fclerin 13\u2019\u00fc alkoll\u00fc i\u00e7ki tesiri alt\u0131nda, 12\u2019si emniyet kemeri takmadan, 12\u2019si seyr\u00fcsefer ruhsats\u0131z ve 2\u2019si s\u00fcr\u00fc\u015f ehliyetsiz, sigorta kapsamaks\u0131z\u0131n ara\u00e7 [&hellip;]<\/p>\n","protected":false},"author":908,"featured_media":16260,"comment_status":"open","ping_status":"open","sticky":false,"template":"","format":"standard","meta":{"_jetpack_memberships_contains_paid_content":false,"footnotes":"","jetpack_publicize_message":"","jetpack_publicize_feature_enabled":true,"jetpack_social_post_already_shared":true,"jetpack_social_options":{"image_generator_settings":{"template":"highway","default_image_id":0,"font":"","enabled":false},"version":2}},"categories":[253,19],"tags":[],"class_list":["post-16259","post","type-post","status-publish","format-standard","has-post-thumbnail","hentry","category-gundem","category-manset"],"jetpack_publicize_connections":[],"jetpack_featured_media_url":"https:\/\/kibrisayna.com\/wp-content\/uploads\/2025\/01\/POLIS-DENETIM-5.jpg","jetpack_sharing_enabled":true,"_links":{"self":[{"href":"https:\/\/kibrisayna.com\/index.php\/wp-json\/wp\/v2\/posts\/16259","targetHints":{"allow":["GET"]}}],"collection":[{"href":"https:\/\/kibrisayna.com\/index.php\/wp-json\/wp\/v2\/posts"}],"about":[{"href":"https:\/\/kibrisayna.com\/index.php\/wp-json\/wp\/v2\/types\/post"}],"author":[{"embeddable":true,"href":"https:\/\/kibrisayna.com\/index.php\/wp-json\/wp\/v2\/users\/908"}],"replies":[{"embeddable":true,"href":"https:\/\/kibrisayna.com\/index.php\/wp-json\/wp\/v2\/comments?post=16259"}],"version-history":[{"count":0,"href":"https:\/\/kibrisayna.com\/index.php\/wp-json\/wp\/v2\/posts\/16259\/revisions"}],"wp:featuredmedia":[{"embeddable":true,"href":"https:\/\/kibrisayna.com\/index.php\/wp-json\/wp\/v2\/media\/16260"}],"wp:attachment":[{"href":"https:\/\/kibrisayna.com\/index.php\/wp-json\/wp\/v2\/media?parent=16259"}],"wp:term":[{"taxonomy":"category","embeddable":true,"href":"https:\/\/kibrisayna.com\/index.php\/wp-json\/wp\/v2\/categories?post=16259"},{"taxonomy":"post_tag","embeddable":true,"href":"https:\/\/kibrisayna.com\/index.php\/wp-json\/wp\/v2\/tags?post=16259"}],"curies":[{"name":"wp","href":"https:\/\/api.w.org\/{rel}","templated":true}]}}