{"id":16257,"date":"2025-01-11T16:42:34","date_gmt":"2025-01-11T13:42:34","guid":{"rendered":"https:\/\/kibrisayna.com\/index.php\/2025\/01\/11\/tmt-mucahitler-dernegi-kurucu-cumhurbaskani-denktasi-13uncu-ve-ozgurluk-lideri-kucuku-41inci-olum-yil-donumunde-andi-brtk\/"},"modified":"2025-01-11T16:42:34","modified_gmt":"2025-01-11T13:42:34","slug":"tmt-mucahitler-dernegi-kurucu-cumhurbaskani-denktasi-13uncu-ve-ozgurluk-lideri-kucuku-41inci-olum-yil-donumunde-andi-brtk","status":"publish","type":"post","link":"https:\/\/kibrisayna.com\/index.php\/2025\/01\/11\/tmt-mucahitler-dernegi-kurucu-cumhurbaskani-denktasi-13uncu-ve-ozgurluk-lideri-kucuku-41inci-olum-yil-donumunde-andi-brtk\/","title":{"rendered":"TMT M\u00fccahitler Derne\u011fi, Kurucu Cumhurba\u015fkan\u0131 Denkta\u015f\u2019\u0131 13\u2019\u00fcnc\u00fc ve \u00d6zg\u00fcrl\u00fck Lideri K\u00fc\u00e7\u00fck\u2019\u00fc 41\u2019inci \u00f6l\u00fcm y\u0131l d\u00f6n\u00fcm\u00fcnde and\u0131 \u2013 BRTK"},"content":{"rendered":"<p> <br \/>\n<\/p>\n<div>\n<div class=\"mariselle-image-container none\">\n                <img loading=\"lazy\" decoding=\"async\" width=\"1733\" height=\"1835\" class=\"lazy-image\" alt=\"\" sizes=\"auto, (max-width: 1733px) 100vw, 1733px\" src=\"https:\/\/brtk.net\/wp-content\/uploads\/2024\/10\/01\/tmt18.jpg?ver=83d3aed88d055c506dfbf3f77c6e59c1\" srcset=\"https:\/\/brtk.net\/wp-content\/uploads\/2024\/10\/01\/tmt18.jpg?ver=83d3aed88d055c506dfbf3f77c6e59c1 1733w, https:\/\/brtk.net\/wp-content\/uploads\/2024\/10\/01\/tmt18-283x300.jpg?ver=504547cd4b0decae68f94116bc1ab207 283w, https:\/\/brtk.net\/wp-content\/uploads\/2024\/10\/01\/tmt18-967x1024.jpg?ver=504547cd4b0decae68f94116bc1ab207 967w, https:\/\/brtk.net\/wp-content\/uploads\/2024\/10\/01\/tmt18-768x813.jpg?ver=afbc62f8933269a24a9b6d29c2c287d4 768w, https:\/\/brtk.net\/wp-content\/uploads\/2024\/10\/01\/tmt18-1451x1536.jpg?ver=023edc60dd340cb329998642160867b1 1451w\"\/>                            <\/div>\n<p>TMT M\u00fccahitler Derne\u011fi, Kurucu Cumhurba\u015fkan\u0131 Rauf R. Denkta\u015f\u2019\u0131 13\u2019\u00fcnc\u00fc ve \u00d6zg\u00fcrl\u00fck Lideri Dr. Faz\u0131l K\u00fc\u00e7\u00fck\u2019\u00fc 41\u2019inci \u00f6l\u00fcm y\u0131l d\u00f6n\u00fcm\u00fcnde and\u0131.<\/p>\n<p>TMT M\u00fccahitler Derne\u011fi yay\u0131mlad\u0131\u011f\u0131 mesajda, \u201cMilli varolu\u015f m\u00fccadelesinin mimar ve m\u00fchendisleri olan, t\u00fcm hayatlar\u0131n\u0131 K\u0131br\u0131s T\u00fcrk halk\u0131n\u0131n bug\u00fcnlere ula\u015fmas\u0131 i\u00e7in harcayan\u201d liderleri \u00f6l\u00fcm y\u0131l d\u00f6n\u00fcmlerinde rahmet, sayg\u0131, sevgi ve \u00f6zlemle and\u0131.<\/p>\n<p>Derne\u011fin yay\u0131mlad\u0131\u011f\u0131 mesaj \u015f\u00f6yle;<\/p>\n<p>\u201c\u00d6zg\u00fcrl\u00fck Liderimiz Dr. Faz\u0131l K\u00fc\u00e7\u00fck; k\u00f6yden ba\u015flayarak K\u0131br\u0131s T\u00fcrk halk\u0131n\u0131n \u00f6zg\u00fcrl\u00fck siyasi direni\u015fini ba\u015flatm\u0131\u015f ve t\u00fcm \u00f6mr\u00fcn\u00fc bu u\u011furda harcam\u0131\u015ft\u0131r. Hep Atat\u00fcrk\u00e7\u00fc \u00e7izgide K\u0131br\u0131s T\u00fcrk halk\u0131n\u0131n haklar\u0131n\u0131 ve \u00f6zg\u00fcrl\u00fc\u011f\u00fcn\u00fc kalemi ve gazetesi Halk\u0131n Sesi ile savundu. Milli M\u00fccadelemizin me\u015falesini ate\u015fledi.<\/p>\n<p>Kurucu Cumhurba\u015fkan\u0131m\u0131z Rauf. R. Denkta\u015f Dr. K\u00fc\u00e7\u00fck\u2019 ten devrald\u0131\u011f\u0131 me\u015faleyi hep ileri ta\u015f\u0131d\u0131. Direni\u015fimizin sa\u011flam temeller \u00fczerine kurulmas\u0131 i\u00e7in b\u00fcy\u00fck u\u011fra\u015f verdi. Dava arkada\u015flar\u0131 olarak Anavatan\u2019la da uyum i\u00e7inde Anavatan\u2019\u0131n katk\u0131 ve deste\u011fini sa\u011flad\u0131lar. TMT\u2019nin kurulu\u015funa \u00f6nc\u00fcl\u00fck ettiler. Dr. K\u00fc\u00e7\u00fck \u2018A\u011eRI\u2019 kod ad\u0131n\u0131 al\u0131rken R.Denkta\u015f \u2018TOROS\u2019 kod ad\u0131n\u0131 ald\u0131. Hep y\u00fckseklerde oldular ve halk\u0131n aras\u0131nda halkla b\u00fct\u00fcnle\u015ftiler. Liderlikleri yan\u0131nda en b\u00fcy\u00fck M\u00fccahit oldular.<\/p>\n<p>Dr. K\u00fc\u00e7\u00fck \u201cK\u0131br\u0131s T\u00fcrk\u2019t\u00fcr, T\u00fcrk kalacakt\u0131r\u201d derken R. Denkta\u015f \u201cHalk\u0131m beni T\u00fcrk askerini Ada\u2019ya getiren adam olarak hat\u0131rlas\u0131n\u201d demi\u015ftir.<\/p>\n<p>20 Temmuz 1974 Mutlu Bar\u0131\u015f Harekat\u0131 ve Kuzey K\u0131br\u0131s T\u00fcrk Cumhuriyeti\u2019nin kurulu\u015funu birlikte ya\u015famalar\u0131 Onlar\u0131n en b\u00fcy\u00fck sevin\u00e7 ve zaferleridir.<\/p>\n<p>Ba\u015flatt\u0131klar\u0131, beraber y\u00fcr\u00fctt\u00fckleri siyasi direni\u015f hareketinin ba\u015far\u0131 ile sonu\u00e7lanmas\u0131n\u0131 g\u00f6rebilen ender liderlerden biri oldular ve bizlere ba\u011f\u0131ms\u0131z bir devlet arma\u011fan ettiler.<\/p>\n<p>Devletimizi ya\u015fatmak ve ileri ta\u015f\u0131mak merhum Liderlerimize ve \u015eehitlerimize s\u00f6z\u00fcm\u00fczd\u00fcr.<\/p>\n<p>\u00d6l\u00fcms\u00fcz Liderlerimiz Dr. Faz\u0131l K\u00fc\u00e7\u00fck ve Rauf R. Denkta\u015f, K\u0131br\u0131s T\u00fcrk Varolu\u015f tarihimizin en parlak sayfalar\u0131nda yerlerini koruyacak ve her zaman g\u00f6n\u00fcllerimizde ya\u015fayacaklard\u0131r.<\/p>\n<p>Ruhlar\u0131 \u015ead olsun Mekanlar\u0131 Cennet olsun.\u201d<\/p>\n<\/p><\/div>\n<p><script async\n                    defer\n                    crossorigin=\"anonymous\"\n                    src=\"https:\/\/connect.facebook.net\/tr_TR\/sdk.js#xfbml=1&#038;version=v3.3\"\n            ><\/script><br \/>\n<br \/><br \/>\n<br \/><a href=\"https:\/\/brtk.net\/tmt-mucahitler-dernegi-kurucu-cumhurbaskani-denktasi-13uncu-ve-ozgurluk-lideri-kucuku-41inci-olum-yil-donumunde-andi\/\">Kaynak BRT <\/a><\/p>\n","protected":false},"excerpt":{"rendered":"<p>TMT M\u00fccahitler Derne\u011fi, Kurucu Cumhurba\u015fkan\u0131 Rauf R. Denkta\u015f\u2019\u0131 13\u2019\u00fcnc\u00fc ve \u00d6zg\u00fcrl\u00fck Lideri Dr. Faz\u0131l K\u00fc\u00e7\u00fck\u2019\u00fc 41\u2019inci \u00f6l\u00fcm y\u0131l d\u00f6n\u00fcm\u00fcnde and\u0131. TMT M\u00fccahitler Derne\u011fi yay\u0131mlad\u0131\u011f\u0131 mesajda, \u201cMilli varolu\u015f m\u00fccadelesinin mimar ve m\u00fchendisleri olan, t\u00fcm hayatlar\u0131n\u0131 K\u0131br\u0131s T\u00fcrk halk\u0131n\u0131n bug\u00fcnlere ula\u015fmas\u0131 i\u00e7in harcayan\u201d liderleri \u00f6l\u00fcm y\u0131l d\u00f6n\u00fcmlerinde rahmet, sayg\u0131, sevgi ve \u00f6zlemle and\u0131. Derne\u011fin yay\u0131mlad\u0131\u011f\u0131 mesaj \u015f\u00f6yle; [&hellip;]<\/p>\n","protected":false},"author":908,"featured_media":16258,"comment_status":"open","ping_status":"open","sticky":false,"template":"","format":"standard","meta":{"_jetpack_memberships_contains_paid_content":false,"footnotes":"","jetpack_publicize_message":"","jetpack_publicize_feature_enabled":true,"jetpack_social_post_already_shared":true,"jetpack_social_options":{"image_generator_settings":{"template":"highway","default_image_id":0,"font":"","enabled":false},"version":2}},"categories":[253],"tags":[],"class_list":["post-16257","post","type-post","status-publish","format-standard","has-post-thumbnail","hentry","category-gundem"],"jetpack_publicize_connections":[],"jetpack_featured_media_url":"https:\/\/kibrisayna.com\/wp-content\/uploads\/2025\/01\/tmt.jpg","jetpack_sharing_enabled":true,"_links":{"self":[{"href":"https:\/\/kibrisayna.com\/index.php\/wp-json\/wp\/v2\/posts\/16257","targetHints":{"allow":["GET"]}}],"collection":[{"href":"https:\/\/kibrisayna.com\/index.php\/wp-json\/wp\/v2\/posts"}],"about":[{"href":"https:\/\/kibrisayna.com\/index.php\/wp-json\/wp\/v2\/types\/post"}],"author":[{"embeddable":true,"href":"https:\/\/kibrisayna.com\/index.php\/wp-json\/wp\/v2\/users\/908"}],"replies":[{"embeddable":true,"href":"https:\/\/kibrisayna.com\/index.php\/wp-json\/wp\/v2\/comments?post=16257"}],"version-history":[{"count":0,"href":"https:\/\/kibrisayna.com\/index.php\/wp-json\/wp\/v2\/posts\/16257\/revisions"}],"wp:featuredmedia":[{"embeddable":true,"href":"https:\/\/kibrisayna.com\/index.php\/wp-json\/wp\/v2\/media\/16258"}],"wp:attachment":[{"href":"https:\/\/kibrisayna.com\/index.php\/wp-json\/wp\/v2\/media?parent=16257"}],"wp:term":[{"taxonomy":"category","embeddable":true,"href":"https:\/\/kibrisayna.com\/index.php\/wp-json\/wp\/v2\/categories?post=16257"},{"taxonomy":"post_tag","embeddable":true,"href":"https:\/\/kibrisayna.com\/index.php\/wp-json\/wp\/v2\/tags?post=16257"}],"curies":[{"name":"wp","href":"https:\/\/api.w.org\/{rel}","templated":true}]}}