{"id":16238,"date":"2025-01-10T18:50:40","date_gmt":"2025-01-10T15:50:40","guid":{"rendered":"https:\/\/kibrisayna.com\/index.php\/2025\/01\/10\/erenkoy-karpaz-belediye-baskani-hamit-bakirci-basin-toplantisi-duzenleyerek-bolgedeki-yol-sorununa-dikkat-cekti-brtk\/"},"modified":"2025-01-10T18:50:40","modified_gmt":"2025-01-10T15:50:40","slug":"erenkoy-karpaz-belediye-baskani-hamit-bakirci-basin-toplantisi-duzenleyerek-bolgedeki-yol-sorununa-dikkat-cekti-brtk","status":"publish","type":"post","link":"https:\/\/kibrisayna.com\/index.php\/2025\/01\/10\/erenkoy-karpaz-belediye-baskani-hamit-bakirci-basin-toplantisi-duzenleyerek-bolgedeki-yol-sorununa-dikkat-cekti-brtk\/","title":{"rendered":"Erenk\u00f6y Karpaz Belediye Ba\u015fkan\u0131 Hamit Bak\u0131rc\u0131, bas\u0131n toplant\u0131s\u0131 d\u00fczenleyerek, b\u00f6lgedeki yol sorununa dikkat \u00e7ekti \u2013 BRTK"},"content":{"rendered":"<p> <br \/>\n<\/p>\n<div>\n<div class=\"mariselle-image-container center\">\n                <img loading=\"lazy\" decoding=\"async\" width=\"1600\" height=\"707\" class=\"lazy-image\" alt=\"\" sizes=\"auto, (max-width: 1600px) 100vw, 1600px\" src=\"https:\/\/brtk.net\/wp-content\/uploads\/2025\/01\/10\/001b463b-d349-4f47-83a5-0081dc160faa.jpg?ver=a20f3cd99e425786d8d3b6abacba524f\" srcset=\"https:\/\/brtk.net\/wp-content\/uploads\/2025\/01\/10\/001b463b-d349-4f47-83a5-0081dc160faa.jpg?ver=a20f3cd99e425786d8d3b6abacba524f 1600w, https:\/\/brtk.net\/wp-content\/uploads\/2025\/01\/10\/001b463b-d349-4f47-83a5-0081dc160faa-300x133.jpg?ver=dcb76229d583a8dd224e1d54c15ea159 300w, https:\/\/brtk.net\/wp-content\/uploads\/2025\/01\/10\/001b463b-d349-4f47-83a5-0081dc160faa-1024x452.jpg?ver=dcb76229d583a8dd224e1d54c15ea159 1024w, https:\/\/brtk.net\/wp-content\/uploads\/2025\/01\/10\/001b463b-d349-4f47-83a5-0081dc160faa-768x339.jpg?ver=dcb76229d583a8dd224e1d54c15ea159 768w, https:\/\/brtk.net\/wp-content\/uploads\/2025\/01\/10\/001b463b-d349-4f47-83a5-0081dc160faa-1536x679.jpg?ver=b0b1e833b8f4c80ddafc46e61c971fdf 1536w\"\/>                            <\/div>\n<p>Erenk\u00f6y Karpaz Belediye Ba\u015fkan\u0131 Hamit Bak\u0131rc\u0131, d\u00fczenledi\u011fi bas\u0131n toplant\u0131s\u0131nda, Dipkarpaz Manast\u0131r Yolu\u2019nun bir an \u00f6nce yap\u0131lmas\u0131 gerekti\u011fini s\u00f6yledi.<\/p>\n<p> \tHamit Bak\u0131rc\u0131, Karpaz b\u00f6lgesinin turizm a\u00e7\u0131s\u0131ndan son derece \u00f6nemli oldu\u011funa i\u015faret ederek, yolun yap\u0131m\u0131na ba\u015flanaca\u011f\u0131 y\u00f6n\u00fcnde verilen hi\u00e7bir s\u00f6z\u00fcn tutulmad\u0131\u011f\u0131n\u0131 belirtti.<\/p>\n<p>Bak\u0131rc\u0131, Bay\u0131nd\u0131rl\u0131k ve Ula\u015ft\u0131rma Bakan\u0131 Erhan Ar\u0131kl\u0131\u2019n\u0131n \u201cG\u00fcvercinlik-\u00c7ay\u00f6n\u00fc yolunun yap\u0131m\u0131n\u0131 \u00f6ne al\u0131yorum Dipkarpaz Manast\u0131r yolunu erteliyorum\u201d y\u00f6n\u00fcndeki a\u00e7\u0131klamalar\u0131n\u0131n kabul edilemez oldu\u011funu kaydetti.<\/p>\n<div class=\"mariselle-image-container center\">\n                <img loading=\"lazy\" decoding=\"async\" width=\"1600\" height=\"933\" class=\"lazy-image\" alt=\"\" sizes=\"auto, (max-width: 1600px) 100vw, 1600px\" src=\"https:\/\/brtk.net\/wp-content\/uploads\/2025\/01\/10\/epqwiepqiwepq.jpg?ver=9b4a300e0118b9a2cef0a1fe8f597511\" srcset=\"https:\/\/brtk.net\/wp-content\/uploads\/2025\/01\/10\/epqwiepqiwepq.jpg?ver=9b4a300e0118b9a2cef0a1fe8f597511 1600w, https:\/\/brtk.net\/wp-content\/uploads\/2025\/01\/10\/epqwiepqiwepq-300x175.jpg?ver=9b4a300e0118b9a2cef0a1fe8f597511 300w, https:\/\/brtk.net\/wp-content\/uploads\/2025\/01\/10\/epqwiepqiwepq-1024x597.jpg?ver=1c959501a34ad9fc32fbd0de3b2bf444 1024w, https:\/\/brtk.net\/wp-content\/uploads\/2025\/01\/10\/epqwiepqiwepq-768x448.jpg?ver=1c959501a34ad9fc32fbd0de3b2bf444 768w, https:\/\/brtk.net\/wp-content\/uploads\/2025\/01\/10\/epqwiepqiwepq-1536x896.jpg?ver=6dc952fa83e71d605a4f010c6d09d92c 1536w, https:\/\/brtk.net\/wp-content\/uploads\/2025\/01\/10\/epqwiepqiwepq-379x222.jpg?ver=6dc952fa83e71d605a4f010c6d09d92c 379w\"\/>                            <\/div>\n<p>Bak\u0131rc\u0131, Dipkarpaz- Manast\u0131r yolunun yap\u0131lmamas\u0131n\u0131n b\u00f6lgeyi ekonomik anlamda da b\u00fcy\u00fck zora soktu\u011funu aktard\u0131.<\/p>\n<p>Bas\u0131n toplant\u0131s\u0131na kat\u0131lan Ulusal Birlik Partisi \u0130skele Milletvekili Emrah Ye\u015fil\u0131rmak da, b\u00f6lgede yollar\u0131n yap\u0131lmas\u0131 i\u00e7in b\u00fcy\u00fck bir \u00e7aba harcad\u0131klar\u0131n\u0131 ifade ederek, yolun yap\u0131m\u0131n\u0131n b\u00f6lgenin ekonomik olarak kalk\u0131nmas\u0131 i\u00e7in elzem oldu\u011funu s\u00f6yledi. <\/p>\n<p> \tBas\u0131n toplant\u0131s\u0131nda s\u00f6z alan vatanda\u015flar da, yol nedeniyle ara\u00e7lar\u0131n\u0131n b\u00fcy\u00fck zarar g\u00f6rd\u00fc\u011f\u00fcn\u00fc aktararak, bu yolun bir an \u00f6nce yap\u0131lmas\u0131 gerekti\u011fini belirttiler.<\/p>\n<\/p><\/div>\n<p><script async\n                    defer\n                    crossorigin=\"anonymous\"\n                    src=\"https:\/\/connect.facebook.net\/tr_TR\/sdk.js#xfbml=1&#038;version=v3.3\"\n            ><\/script><br \/>\n<br \/><br \/>\n<br \/><a href=\"https:\/\/brtk.net\/erenkoy-karpaz-belediye-baskani-hamit-bakirci-basin-toplantisi-duzenleyerek-bolgedeki-yol-sorununa-dikkat-cekti\/\">Kaynak BRT <\/a><\/p>\n","protected":false},"excerpt":{"rendered":"<p>Erenk\u00f6y Karpaz Belediye Ba\u015fkan\u0131 Hamit Bak\u0131rc\u0131, d\u00fczenledi\u011fi bas\u0131n toplant\u0131s\u0131nda, Dipkarpaz Manast\u0131r Yolu\u2019nun bir an \u00f6nce yap\u0131lmas\u0131 gerekti\u011fini s\u00f6yledi. Hamit Bak\u0131rc\u0131, Karpaz b\u00f6lgesinin turizm a\u00e7\u0131s\u0131ndan son derece \u00f6nemli oldu\u011funa i\u015faret ederek, yolun yap\u0131m\u0131na ba\u015flanaca\u011f\u0131 y\u00f6n\u00fcnde verilen hi\u00e7bir s\u00f6z\u00fcn tutulmad\u0131\u011f\u0131n\u0131 belirtti. Bak\u0131rc\u0131, Bay\u0131nd\u0131rl\u0131k ve Ula\u015ft\u0131rma Bakan\u0131 Erhan Ar\u0131kl\u0131\u2019n\u0131n \u201cG\u00fcvercinlik-\u00c7ay\u00f6n\u00fc yolunun yap\u0131m\u0131n\u0131 \u00f6ne al\u0131yorum Dipkarpaz Manast\u0131r yolunu erteliyorum\u201d [&hellip;]<\/p>\n","protected":false},"author":908,"featured_media":16239,"comment_status":"open","ping_status":"open","sticky":false,"template":"","format":"standard","meta":{"_jetpack_memberships_contains_paid_content":false,"footnotes":"","jetpack_publicize_message":"","jetpack_publicize_feature_enabled":true,"jetpack_social_post_already_shared":true,"jetpack_social_options":{"image_generator_settings":{"template":"highway","default_image_id":0,"font":"","enabled":false},"version":2}},"categories":[253],"tags":[],"class_list":["post-16238","post","type-post","status-publish","format-standard","has-post-thumbnail","hentry","category-gundem"],"jetpack_publicize_connections":[],"jetpack_featured_media_url":"https:\/\/kibrisayna.com\/wp-content\/uploads\/2025\/01\/epqwiepqiwepq.jpg","jetpack_sharing_enabled":true,"_links":{"self":[{"href":"https:\/\/kibrisayna.com\/index.php\/wp-json\/wp\/v2\/posts\/16238","targetHints":{"allow":["GET"]}}],"collection":[{"href":"https:\/\/kibrisayna.com\/index.php\/wp-json\/wp\/v2\/posts"}],"about":[{"href":"https:\/\/kibrisayna.com\/index.php\/wp-json\/wp\/v2\/types\/post"}],"author":[{"embeddable":true,"href":"https:\/\/kibrisayna.com\/index.php\/wp-json\/wp\/v2\/users\/908"}],"replies":[{"embeddable":true,"href":"https:\/\/kibrisayna.com\/index.php\/wp-json\/wp\/v2\/comments?post=16238"}],"version-history":[{"count":0,"href":"https:\/\/kibrisayna.com\/index.php\/wp-json\/wp\/v2\/posts\/16238\/revisions"}],"wp:featuredmedia":[{"embeddable":true,"href":"https:\/\/kibrisayna.com\/index.php\/wp-json\/wp\/v2\/media\/16239"}],"wp:attachment":[{"href":"https:\/\/kibrisayna.com\/index.php\/wp-json\/wp\/v2\/media?parent=16238"}],"wp:term":[{"taxonomy":"category","embeddable":true,"href":"https:\/\/kibrisayna.com\/index.php\/wp-json\/wp\/v2\/categories?post=16238"},{"taxonomy":"post_tag","embeddable":true,"href":"https:\/\/kibrisayna.com\/index.php\/wp-json\/wp\/v2\/tags?post=16238"}],"curies":[{"name":"wp","href":"https:\/\/api.w.org\/{rel}","templated":true}]}}