{"id":16234,"date":"2025-01-10T18:36:43","date_gmt":"2025-01-10T15:36:43","guid":{"rendered":"https:\/\/kibrisayna.com\/index.php\/2025\/01\/10\/mulkiyeli-sair-cemal-sureya-sanat-ve-siyaset-calistayi-basladi-brtk\/"},"modified":"2025-01-10T18:36:43","modified_gmt":"2025-01-10T15:36:43","slug":"mulkiyeli-sair-cemal-sureya-sanat-ve-siyaset-calistayi-basladi-brtk","status":"publish","type":"post","link":"https:\/\/kibrisayna.com\/index.php\/2025\/01\/10\/mulkiyeli-sair-cemal-sureya-sanat-ve-siyaset-calistayi-basladi-brtk\/","title":{"rendered":"\u201cM\u00fclkiyeli \u015eair Cemal S\u00fcreya\u201d Sanat ve Siyaset \u00c7al\u0131\u015ftay\u0131 ba\u015flad\u0131 \u2013 BRTK"},"content":{"rendered":"<p> <br \/>\n<\/p>\n<div>\n<div class=\"mariselle-image-container center\">\n                <img loading=\"lazy\" decoding=\"async\" width=\"2560\" height=\"1706\" class=\"lazy-image\" alt=\"\" sizes=\"auto, (max-width: 2560px) 100vw, 2560px\" src=\"https:\/\/brtk.net\/wp-content\/uploads\/2025\/01\/10\/1-tilea-scaled.jpg?ver=64e3b8459bd06b54427b6ea511e4d770\" srcset=\"https:\/\/brtk.net\/wp-content\/uploads\/2025\/01\/10\/1-tilea-scaled.jpg?ver=64e3b8459bd06b54427b6ea511e4d770 2560w, https:\/\/brtk.net\/wp-content\/uploads\/2025\/01\/10\/1-tilea-300x200.jpg?ver=64e3b8459bd06b54427b6ea511e4d770 300w, https:\/\/brtk.net\/wp-content\/uploads\/2025\/01\/10\/1-tilea-1024x682.jpg?ver=0813678d9026688fad6bb74a378bf7d3 1024w, https:\/\/brtk.net\/wp-content\/uploads\/2025\/01\/10\/1-tilea-768x512.jpg?ver=9579a40c6776ae191474163faee96712 768w, https:\/\/brtk.net\/wp-content\/uploads\/2025\/01\/10\/1-tilea-1536x1023.jpg?ver=73e072cb65c455fbed49ce2ee2697f19 1536w, https:\/\/brtk.net\/wp-content\/uploads\/2025\/01\/10\/1-tilea-2048x1365.jpg?ver=0a0f926bfeb87e598909ce57e85fc877 2048w\"\/>                            <\/div>\n<p>Do\u011fu Akdeniz \u00dcniversitesi E\u011fitim Fak\u00fcltesi ile \u0130\u015fletme ve Ekonomi Fak\u00fcltesi, Ankara \u00dcniversitesi Siyasal Bilgiler Fak\u00fcltesi, K\u0131br\u0131s M\u00fclkiyeliler Birli\u011fi ve Tang\u00fcl \u00dcnal \u00c7a\u011f\u0131ner \u00c7ocuklara Yard\u0131m Vakf\u0131 i\u015f birli\u011finde d\u00fczenlenen \u201cM\u00fclkiyeli \u015eair Cemal S\u00fcreya\u201d Sanat ve Siyaset \u00c7al\u0131\u015ftay\u0131 ba\u015flad\u0131\u2026<\/p>\n<p>Acapulco Resort Hotel\u2019de 2 g\u00fcn s\u00fcrecek olan \u00e7al\u0131\u015ftayda \u015fair Cemal S\u00fcreya\u2019n\u0131n edebi y\u00f6n\u00fc ve siyaset ile olan ili\u015fkisi ele al\u0131n\u0131yor\u2026<\/p>\n<p>\u00c7al\u0131\u015ftay\u0131n a\u00e7\u0131l\u0131\u015f\u0131nda konu\u015fan Do\u011fu Akdeniz \u00dcniversitesi \u0130\u015fletme ve Ekonomi Fak\u00fcltesi \u0130\u015fletme B\u00f6l\u00fcm\u00fc \u00d6\u011fretim G\u00f6revlisi ve \u00c7al\u0131\u015ftay D\u00fczenleme Komitesi e\u015f ba\u015fkan\u0131 Profes\u00f6r Doktor Deniz \u0130\u015f\u00e7io\u011flu, Do\u011fu Akdeniz \u00dcniversitesi E\u011fitim Fak\u00fcltesi Dekan\u0131 ve \u00c7al\u0131\u015ftay D\u00fczenleme Komitesi e\u015f ba\u015fkan\u0131 Profes\u00f6r Doktor Ahmet Pehlivan, K\u0131br\u0131s M\u00fclkiyeliler Birli\u011fi Ba\u015fkan\u0131 \u00dcmit G\u00fcrtekin ve Ankara \u00dcniveristesi Siyasal Bilgiler Fak\u00fcltesi Dekan Yard\u0131mc\u0131s\u0131 Do\u00e7ent Doktor Can Giray \u00d6zg\u00fcl konu\u015fma yapt\u0131\u2026<\/p>\n<p>Tang\u00fcl \u00dcnal \u00c7a\u011f\u0131ner \u00c7ocuklara Yard\u0131m Vakf\u0131 Ba\u015fkan\u0131 \u0130\u00e7im \u00c7a\u011f\u0131ner Kavuklu da vakf\u0131n \u00e7al\u0131\u015fmalar\u0131 hakk\u0131nda bilgi verdi\u2026<\/p>\n<p>DA\u00dc Rekt\u00f6r\u00fc Profes\u00f6r Doktor Hasan K\u0131l\u0131\u00e7 da Cemal S\u00fcreya\u2019n\u0131n, sadece edebiyat d\u00fcnyas\u0131nda iz b\u0131rakm\u0131\u015f bir \u015fair de\u011fil, ayn\u0131 zamanda hayat\u0131 boyunca siyasetin ve toplumsal olaylar\u0131n aktif  par\u00e7as\u0131 oldu\u011funu an\u0131msatt\u0131\u2026<\/p>\n<p>Do\u011fu Akdeniz \u00dcniversitesi Vak\u0131f Y\u00f6neticiler Kurulu Ba\u015fkan\u0131 Erdal \u00d6zcenk de sanat ve siyasetin insan\u0131 oda\u011f\u0131na alarak birbirini besleyen 2 dal oldu\u011funu belirterek, S\u00fcreya\u2019n\u0131n \u015fiirlerinde a\u015fk\u0131, sevgiyi ve insan\u0131  en saf haliyle anlatt\u0131\u011f\u0131n\u0131 an\u0131msatt\u0131\u2026<\/p>\n<p>Cumhurba\u015fkan\u0131 Ersin Tatar\u2019\u0131n e\u015fi Sibel Tatar da b\u00fcy\u00fck \u015fair Cemal S\u00fcreya\u2019n\u0131n an\u0131ld\u0131\u011f\u0131 etkinli\u011fi d\u00fczenleyen payda\u015flar\u0131 kutlad\u0131..<br \/>\u015eair, yazar ve sanat\u00e7\u0131lara sahip \u00e7\u0131kman\u0131n Atat\u00fcrk\u2019\u00fcn vasiyeti oldu\u011funu an\u0131msatan Sibel Tatar, K\u0131br\u0131s T\u00fcrk Halk\u0131 ve cumhurba\u015fkanl\u0131\u011f\u0131n\u0131n ; Atat\u00fcrk\u2019\u00fcn \u2018Cumhurba\u015fkan\u0131, milletvekili ve \u00fcst d\u00fczey mevki sahibi olabilirsiniz ancak sanat\u00e7\u0131 olamazs\u0131n\u0131z\u2019 s\u00f6z\u00fcne ba\u011fl\u0131 oldu\u011funu vurgulad\u0131.<\/p>\n<p>\u00c7al\u0131\u015ftay\u0131n verimli ge\u00e7mesini dileyen Sibel Tatar, bir m\u00fclkiyeli olan \u00dcnal \u00c7a\u011f\u0131ner\u2019i de sayg\u0131yla and\u0131.<\/p>\n<p>\u00c7al\u0131\u015ftay Onursal Ba\u015fkan\u0131 Profes\u00f6r Doktor Ru\u015fen Kele\u015f\u2019in \u00e7al\u0131\u015ftayla ilgili \u00e7er\u00e7eve konu\u015fmas\u0131 yapmas\u0131n\u0131n ard\u0131ndan \u00e7al\u0131\u015ftay da m\u00fczik dinletisi yer ald\u0131 ve sunumlara ge\u00e7ildi\u2026<\/p>\n<p>\u00c7al\u0131\u015ftay da yar\u0131n ise Cemal S\u00fcreya \u015eiirleri a\u00e7\u0131k mikrofon etkinli\u011finin ard\u0131ndan, \u201cM\u00fclkiyeli \u00dcnal \u00c7a\u011f\u0131ner\u2019i Anma Toplant\u0131s\u0131\u201d ger\u00e7ekle\u015ftirilecek\u2026<\/p>\n<p>Bu arada, \u00e7al\u0131\u015ftay \u00f6ncesinde, DA\u00dc ile Tang\u00fcl \u00dcnal \u00c7a\u011f\u0131ner \u00c7ocuklara Yard\u0131m Vakf\u0131 aras\u0131nda \u00e7ocuklar\u0131n e\u011fitimine katk\u0131 sa\u011flamak, toplumsal sorumluluk projelerinde i\u015f birli\u011fi yapmak ve e\u011fitim faaliyetlerini g\u00fc\u00e7lendirmek amac\u0131yla i\u015f birli\u011fi protokol\u00fc de imzaland\u0131.<\/p>\n<p>\u0130\u015f birli\u011fi protokol\u00fcne DA\u00dc ad\u0131na DA\u00dc Rekt\u00f6r\u00fc Prof. Dr. Hasan K\u0131l\u0131\u00e7, Tang\u00fcl \u00dcnal \u00c7a\u011f\u0131ner \u00c7ocuklara Yard\u0131m Vakf\u0131 ad\u0131na Vak\u0131f Ba\u015fkan\u0131 \u0130\u00e7im \u00c7a\u011f\u0131ner Kavuklu imza koydu.<\/p>\n<\/p><\/div>\n<p><script async\n                    defer\n                    crossorigin=\"anonymous\"\n                    src=\"https:\/\/connect.facebook.net\/tr_TR\/sdk.js#xfbml=1&#038;version=v3.3\"\n            ><\/script><br \/>\n<br \/><br \/>\n<br \/><a href=\"https:\/\/brtk.net\/mulkiyeli-sair-cemal-sureya-sanat-ve-siyaset-calistayi-basladi\/\">Kaynak BRT <\/a><\/p>\n","protected":false},"excerpt":{"rendered":"<p>Do\u011fu Akdeniz \u00dcniversitesi E\u011fitim Fak\u00fcltesi ile \u0130\u015fletme ve Ekonomi Fak\u00fcltesi, Ankara \u00dcniversitesi Siyasal Bilgiler Fak\u00fcltesi, K\u0131br\u0131s M\u00fclkiyeliler Birli\u011fi ve Tang\u00fcl \u00dcnal \u00c7a\u011f\u0131ner \u00c7ocuklara Yard\u0131m Vakf\u0131 i\u015f birli\u011finde d\u00fczenlenen \u201cM\u00fclkiyeli \u015eair Cemal S\u00fcreya\u201d Sanat ve Siyaset \u00c7al\u0131\u015ftay\u0131 ba\u015flad\u0131\u2026 Acapulco Resort Hotel\u2019de 2 g\u00fcn s\u00fcrecek olan \u00e7al\u0131\u015ftayda \u015fair Cemal S\u00fcreya\u2019n\u0131n edebi y\u00f6n\u00fc ve siyaset ile olan ili\u015fkisi [&hellip;]<\/p>\n","protected":false},"author":908,"featured_media":16235,"comment_status":"open","ping_status":"open","sticky":false,"template":"","format":"standard","meta":{"_jetpack_memberships_contains_paid_content":false,"footnotes":"","jetpack_publicize_message":"","jetpack_publicize_feature_enabled":true,"jetpack_social_post_already_shared":true,"jetpack_social_options":{"image_generator_settings":{"template":"highway","default_image_id":0,"font":"","enabled":false},"version":2}},"categories":[253],"tags":[],"class_list":["post-16234","post","type-post","status-publish","format-standard","has-post-thumbnail","hentry","category-gundem"],"jetpack_publicize_connections":[],"jetpack_featured_media_url":"https:\/\/kibrisayna.com\/wp-content\/uploads\/2025\/01\/1-tilea-scaled.jpg","jetpack_sharing_enabled":true,"_links":{"self":[{"href":"https:\/\/kibrisayna.com\/index.php\/wp-json\/wp\/v2\/posts\/16234","targetHints":{"allow":["GET"]}}],"collection":[{"href":"https:\/\/kibrisayna.com\/index.php\/wp-json\/wp\/v2\/posts"}],"about":[{"href":"https:\/\/kibrisayna.com\/index.php\/wp-json\/wp\/v2\/types\/post"}],"author":[{"embeddable":true,"href":"https:\/\/kibrisayna.com\/index.php\/wp-json\/wp\/v2\/users\/908"}],"replies":[{"embeddable":true,"href":"https:\/\/kibrisayna.com\/index.php\/wp-json\/wp\/v2\/comments?post=16234"}],"version-history":[{"count":0,"href":"https:\/\/kibrisayna.com\/index.php\/wp-json\/wp\/v2\/posts\/16234\/revisions"}],"wp:featuredmedia":[{"embeddable":true,"href":"https:\/\/kibrisayna.com\/index.php\/wp-json\/wp\/v2\/media\/16235"}],"wp:attachment":[{"href":"https:\/\/kibrisayna.com\/index.php\/wp-json\/wp\/v2\/media?parent=16234"}],"wp:term":[{"taxonomy":"category","embeddable":true,"href":"https:\/\/kibrisayna.com\/index.php\/wp-json\/wp\/v2\/categories?post=16234"},{"taxonomy":"post_tag","embeddable":true,"href":"https:\/\/kibrisayna.com\/index.php\/wp-json\/wp\/v2\/tags?post=16234"}],"curies":[{"name":"wp","href":"https:\/\/api.w.org\/{rel}","templated":true}]}}