{"id":16232,"date":"2025-01-10T18:17:42","date_gmt":"2025-01-10T15:17:42","guid":{"rendered":"https:\/\/kibrisayna.com\/index.php\/2025\/01\/10\/igem-icin-surec-basladiproje-180-takvim-gununde-tamamlanacak-brtk\/"},"modified":"2025-01-10T18:17:42","modified_gmt":"2025-01-10T15:17:42","slug":"igem-icin-surec-basladiproje-180-takvim-gununde-tamamlanacak-brtk","status":"publish","type":"post","link":"https:\/\/kibrisayna.com\/index.php\/2025\/01\/10\/igem-icin-surec-basladiproje-180-takvim-gununde-tamamlanacak-brtk\/","title":{"rendered":"\u0130GEM i\u00e7in s\u00fcre\u00e7 ba\u015flad\u0131\u2026Proje 180 takvim g\u00fcn\u00fcnde tamamlanacak \u2013 BRTK"},"content":{"rendered":"<p> <br \/>\n<\/p>\n<div>\n<div class=\"mariselle-image-container center\">\n                <img loading=\"lazy\" decoding=\"async\" width=\"1230\" height=\"692\" class=\"lazy-image\" alt=\"\" sizes=\"auto, (max-width: 1230px) 100vw, 1230px\" src=\"https:\/\/brtk.net\/wp-content\/uploads\/2025\/01\/10\/IGEM-SOZLESME-2.jpg?ver=0b2e4b79256d8d3d959a5925d03cab85\" srcset=\"https:\/\/brtk.net\/wp-content\/uploads\/2025\/01\/10\/IGEM-SOZLESME-2.jpg?ver=0b2e4b79256d8d3d959a5925d03cab85 1230w, https:\/\/brtk.net\/wp-content\/uploads\/2025\/01\/10\/IGEM-SOZLESME-2-300x169.jpg?ver=499b4a47a0270f8a3142c161709c8d1b 300w, https:\/\/brtk.net\/wp-content\/uploads\/2025\/01\/10\/IGEM-SOZLESME-2-1024x576.jpg?ver=499b4a47a0270f8a3142c161709c8d1b 1024w, https:\/\/brtk.net\/wp-content\/uploads\/2025\/01\/10\/IGEM-SOZLESME-2-768x432.jpg?ver=499b4a47a0270f8a3142c161709c8d1b 768w\"\/>                            <\/div>\n<p>\u0130skele Belediyesi\u2019nin \u00f6z kaynaklar\u0131, T\u00fcrkiye Cumhuriyeti Lefko\u015fa B\u00fcy\u00fckel\u00e7ili\u011fi Kalk\u0131nma ve Ekonomik \u0130\u015fbirli\u011fi Ofisi\u2019nin de katk\u0131lar\u0131yla yap\u0131lacak \u0130skele Gen\u00e7lik Merkezi (\u0130GEM)  Tamamlama ve \u00c7evre D\u00fczenleme Projesi Yap\u0131m \u0130\u015fleri ihalesi tamamland\u0131. <\/p>\n<p> \t\u0130skele Belediye Ba\u015fkan\u0131 Hasan Sad\u0131ko\u011flu ile ihaleyi kazanan \u015firketin direkt\u00f6r\u00fc Kemal Aktun\u00e7\u2019un imza koydu\u011fu s\u00f6zle\u015fme uyar\u0131nca 7 g\u00fcn i\u00e7erisinde ba\u015flanacak olan proje, 180 g\u00fcnden tamamlanarak \u0130skele Belediyesi\u2019ne teslim edilecek.<\/p>\n<div class=\"mariselle-image-container center\">\n                <img loading=\"lazy\" decoding=\"async\" width=\"927\" height=\"599\" class=\"lazy-image\" alt=\"\" sizes=\"auto, (max-width: 927px) 100vw, 927px\" src=\"https:\/\/brtk.net\/wp-content\/uploads\/2025\/01\/10\/asskdsal.png?ver=84026fc6b4ebfa273576b20c014890a7\" srcset=\"https:\/\/brtk.net\/wp-content\/uploads\/2025\/01\/10\/asskdsal.png?ver=84026fc6b4ebfa273576b20c014890a7 927w, https:\/\/brtk.net\/wp-content\/uploads\/2025\/01\/10\/asskdsal-300x194.png?ver=76869b658257f26fcc131dc6544a84be 300w, https:\/\/brtk.net\/wp-content\/uploads\/2025\/01\/10\/asskdsal-768x496.png?ver=78f75d13820784adc9019433f262b89e 768w\"\/>                            <\/div>\n<p> \t\u0130mza t\u00f6reninde konu\u015fan \u0130skele Belediye Ba\u015fkan\u0131 Hasan Sad\u0131ko\u011flu, yasal nedenlerden dolay\u0131 yap\u0131m\u0131 tamamlanamayan \u0130skele Gen\u00e7lik Merkezi\u2019nin yap\u0131m\u0131na yeniden ba\u015flanacak olmas\u0131ndan duydu\u011fu memnuniyeti dile getirdi.<\/p>\n<p> \tSad\u0131ko\u011flu, i\u00e7erisinde k\u00fct\u00fcphane, \u00e7ok ama\u00e7l\u0131 salon, amfi, kafeterya gibi alanlarla gen\u00e7li\u011fe hizmet verecek merkezin, hay\u0131rl\u0131 olmas\u0131n\u0131 temenni etti.<\/p>\n<\/p><\/div>\n<p><script async\n                    defer\n                    crossorigin=\"anonymous\"\n                    src=\"https:\/\/connect.facebook.net\/tr_TR\/sdk.js#xfbml=1&#038;version=v3.3\"\n            ><\/script><br \/>\n<br \/><br \/>\n<br \/><a href=\"https:\/\/brtk.net\/igem-icin-surec-basladi-proje-180-takvim-gununde-tamamlanacak\/\">Kaynak BRT <\/a><\/p>\n","protected":false},"excerpt":{"rendered":"<p>\u0130skele Belediyesi\u2019nin \u00f6z kaynaklar\u0131, T\u00fcrkiye Cumhuriyeti Lefko\u015fa B\u00fcy\u00fckel\u00e7ili\u011fi Kalk\u0131nma ve Ekonomik \u0130\u015fbirli\u011fi Ofisi\u2019nin de katk\u0131lar\u0131yla yap\u0131lacak \u0130skele Gen\u00e7lik Merkezi (\u0130GEM) Tamamlama ve \u00c7evre D\u00fczenleme Projesi Yap\u0131m \u0130\u015fleri ihalesi tamamland\u0131. \u0130skele Belediye Ba\u015fkan\u0131 Hasan Sad\u0131ko\u011flu ile ihaleyi kazanan \u015firketin direkt\u00f6r\u00fc Kemal Aktun\u00e7\u2019un imza koydu\u011fu s\u00f6zle\u015fme uyar\u0131nca 7 g\u00fcn i\u00e7erisinde ba\u015flanacak olan proje, 180 g\u00fcnden tamamlanarak \u0130skele [&hellip;]<\/p>\n","protected":false},"author":908,"featured_media":16233,"comment_status":"open","ping_status":"open","sticky":false,"template":"","format":"standard","meta":{"_jetpack_memberships_contains_paid_content":false,"footnotes":"","jetpack_publicize_message":"","jetpack_publicize_feature_enabled":true,"jetpack_social_post_already_shared":true,"jetpack_social_options":{"image_generator_settings":{"template":"highway","default_image_id":0,"font":"","enabled":false},"version":2}},"categories":[253],"tags":[],"class_list":["post-16232","post","type-post","status-publish","format-standard","has-post-thumbnail","hentry","category-gundem"],"jetpack_publicize_connections":[],"jetpack_featured_media_url":"https:\/\/kibrisayna.com\/wp-content\/uploads\/2025\/01\/IGEM-SOZLESME-2.jpg","jetpack_sharing_enabled":true,"_links":{"self":[{"href":"https:\/\/kibrisayna.com\/index.php\/wp-json\/wp\/v2\/posts\/16232","targetHints":{"allow":["GET"]}}],"collection":[{"href":"https:\/\/kibrisayna.com\/index.php\/wp-json\/wp\/v2\/posts"}],"about":[{"href":"https:\/\/kibrisayna.com\/index.php\/wp-json\/wp\/v2\/types\/post"}],"author":[{"embeddable":true,"href":"https:\/\/kibrisayna.com\/index.php\/wp-json\/wp\/v2\/users\/908"}],"replies":[{"embeddable":true,"href":"https:\/\/kibrisayna.com\/index.php\/wp-json\/wp\/v2\/comments?post=16232"}],"version-history":[{"count":0,"href":"https:\/\/kibrisayna.com\/index.php\/wp-json\/wp\/v2\/posts\/16232\/revisions"}],"wp:featuredmedia":[{"embeddable":true,"href":"https:\/\/kibrisayna.com\/index.php\/wp-json\/wp\/v2\/media\/16233"}],"wp:attachment":[{"href":"https:\/\/kibrisayna.com\/index.php\/wp-json\/wp\/v2\/media?parent=16232"}],"wp:term":[{"taxonomy":"category","embeddable":true,"href":"https:\/\/kibrisayna.com\/index.php\/wp-json\/wp\/v2\/categories?post=16232"},{"taxonomy":"post_tag","embeddable":true,"href":"https:\/\/kibrisayna.com\/index.php\/wp-json\/wp\/v2\/tags?post=16232"}],"curies":[{"name":"wp","href":"https:\/\/api.w.org\/{rel}","templated":true}]}}