{"id":16229,"date":"2025-01-10T17:01:46","date_gmt":"2025-01-10T14:01:46","guid":{"rendered":"https:\/\/kibrisayna.com\/index.php\/2025\/01\/10\/lefkosadaki-trafik-kazasinda-1-kisi-yaralandi-brtk\/"},"modified":"2025-01-10T17:01:46","modified_gmt":"2025-01-10T14:01:46","slug":"lefkosadaki-trafik-kazasinda-1-kisi-yaralandi-brtk","status":"publish","type":"post","link":"https:\/\/kibrisayna.com\/index.php\/2025\/01\/10\/lefkosadaki-trafik-kazasinda-1-kisi-yaralandi-brtk\/","title":{"rendered":"Lefko\u015fa\u2019daki trafik kazas\u0131nda 1 ki\u015fi yaraland\u0131 \u2013 BRTK"},"content":{"rendered":"<p> <br \/>\n<\/p>\n<div>\n<div class=\"mariselle-image-container center\">\n                <img loading=\"lazy\" decoding=\"async\" width=\"850\" height=\"458\" class=\"lazy-image\" alt=\"\" sizes=\"auto, (max-width: 850px) 100vw, 850px\" src=\"https:\/\/brtk.net\/wp-content\/uploads\/2023\/01\/20\/trafik-kazasi-123.jpg?ver=5b247b09f9955fe821e8f724a56c88ad\" srcset=\"https:\/\/brtk.net\/wp-content\/uploads\/2023\/01\/20\/trafik-kazasi-123.jpg?ver=5b247b09f9955fe821e8f724a56c88ad 850w, https:\/\/brtk.net\/wp-content\/uploads\/2023\/01\/20\/trafik-kazasi-123-300x162.jpg?ver=51ac27f00c69e78286a22b70e7df3752 300w, https:\/\/brtk.net\/wp-content\/uploads\/2023\/01\/20\/trafik-kazasi-123-768x414.jpg?ver=51ac27f00c69e78286a22b70e7df3752 768w\"\/>                            <\/div>\n<p>Lefko\u015fa\u2019da bug\u00fcn \u00f6\u011fle saatlerinde meydana gelen trafik kazas\u0131nda 1 ki\u015fi yaraland\u0131.<\/p>\n<p>Polis Bas\u0131n Subayl\u0131\u011f\u0131\u2019ndan verilen bilgiye g\u00f6re, Marina Senina (K-47), y\u00f6netimindeki YG 073 plakal\u0131 ara\u00e7la saat 12.45\u2019te Lefko\u015fa\u2019da Dr. Faz\u0131l K\u00fc\u00e7\u00fck Bulvar\u0131 \u00fczerinde  seyretti\u011fi s\u0131rada kar\u015f\u0131dan gelen ara\u00e7lara \u00f6ncelik hakk\u0131 vermeden sa\u011fa d\u00f6n\u00fc\u015fe ge\u00e7ip, Semiye \u00d6k\u00e7\u00fcn (K-28) y\u00f6netimindeki VV 316 plakal\u0131 ara\u00e7la \u00e7arp\u0131\u015ft\u0131.<\/p>\n<p>Kaza sonucu yaralanan \u00d6k\u00e7\u00fcn, kald\u0131r\u0131ld\u0131\u011f\u0131 Lefko\u015fa Dr. Burhan Nalbanto\u011flu Devlet Hastanesi\u2019nde tedavi edildi. Soru\u015fturma devam ediyor.<\/p>\n<\/p><\/div>\n<p><script async\n                    defer\n                    crossorigin=\"anonymous\"\n                    src=\"https:\/\/connect.facebook.net\/tr_TR\/sdk.js#xfbml=1&#038;version=v3.3\"\n            ><\/script><br \/>\n<br \/><br \/>\n<br \/><a href=\"https:\/\/brtk.net\/lefkosadaki-trafik-kazasinda-1-kisi-yaralandi\/\"> <\/a><\/p>\n","protected":false},"excerpt":{"rendered":"<p>Lefko\u015fa\u2019da bug\u00fcn \u00f6\u011fle saatlerinde meydana gelen trafik kazas\u0131nda 1 ki\u015fi yaraland\u0131. Polis Bas\u0131n Subayl\u0131\u011f\u0131\u2019ndan verilen bilgiye g\u00f6re, Marina Senina (K-47), y\u00f6netimindeki YG 073 plakal\u0131 ara\u00e7la saat 12.45\u2019te Lefko\u015fa\u2019da Dr. Faz\u0131l K\u00fc\u00e7\u00fck Bulvar\u0131 \u00fczerinde seyretti\u011fi s\u0131rada kar\u015f\u0131dan gelen ara\u00e7lara \u00f6ncelik hakk\u0131 vermeden sa\u011fa d\u00f6n\u00fc\u015fe ge\u00e7ip, Semiye \u00d6k\u00e7\u00fcn (K-28) y\u00f6netimindeki VV 316 plakal\u0131 ara\u00e7la \u00e7arp\u0131\u015ft\u0131. Kaza sonucu [&hellip;]<\/p>\n","protected":false},"author":908,"featured_media":2417,"comment_status":"open","ping_status":"open","sticky":false,"template":"","format":"standard","meta":{"_jetpack_memberships_contains_paid_content":false,"footnotes":"","jetpack_publicize_message":"","jetpack_publicize_feature_enabled":true,"jetpack_social_post_already_shared":true,"jetpack_social_options":{"image_generator_settings":{"template":"highway","default_image_id":0,"font":"","enabled":false},"version":2}},"categories":[253,19],"tags":[],"class_list":["post-16229","post","type-post","status-publish","format-standard","has-post-thumbnail","hentry","category-gundem","category-manset"],"jetpack_publicize_connections":[],"jetpack_featured_media_url":"https:\/\/kibrisayna.com\/wp-content\/uploads\/2024\/08\/trafik-kazasi-123.jpg","jetpack_sharing_enabled":true,"_links":{"self":[{"href":"https:\/\/kibrisayna.com\/index.php\/wp-json\/wp\/v2\/posts\/16229","targetHints":{"allow":["GET"]}}],"collection":[{"href":"https:\/\/kibrisayna.com\/index.php\/wp-json\/wp\/v2\/posts"}],"about":[{"href":"https:\/\/kibrisayna.com\/index.php\/wp-json\/wp\/v2\/types\/post"}],"author":[{"embeddable":true,"href":"https:\/\/kibrisayna.com\/index.php\/wp-json\/wp\/v2\/users\/908"}],"replies":[{"embeddable":true,"href":"https:\/\/kibrisayna.com\/index.php\/wp-json\/wp\/v2\/comments?post=16229"}],"version-history":[{"count":0,"href":"https:\/\/kibrisayna.com\/index.php\/wp-json\/wp\/v2\/posts\/16229\/revisions"}],"wp:featuredmedia":[{"embeddable":true,"href":"https:\/\/kibrisayna.com\/index.php\/wp-json\/wp\/v2\/media\/2417"}],"wp:attachment":[{"href":"https:\/\/kibrisayna.com\/index.php\/wp-json\/wp\/v2\/media?parent=16229"}],"wp:term":[{"taxonomy":"category","embeddable":true,"href":"https:\/\/kibrisayna.com\/index.php\/wp-json\/wp\/v2\/categories?post=16229"},{"taxonomy":"post_tag","embeddable":true,"href":"https:\/\/kibrisayna.com\/index.php\/wp-json\/wp\/v2\/tags?post=16229"}],"curies":[{"name":"wp","href":"https:\/\/api.w.org\/{rel}","templated":true}]}}