{"id":16226,"date":"2025-01-10T15:00:44","date_gmt":"2025-01-10T12:00:44","guid":{"rendered":"https:\/\/kibrisayna.com\/index.php\/2025\/01\/10\/cavus-ziraat-muhendisleri-gunu-ve-tarim-ogreniminin-179-yili-dolayisiyla-mesaj-yayimladi-brtk\/"},"modified":"2025-01-10T15:00:44","modified_gmt":"2025-01-10T12:00:44","slug":"cavus-ziraat-muhendisleri-gunu-ve-tarim-ogreniminin-179-yili-dolayisiyla-mesaj-yayimladi-brtk","status":"publish","type":"post","link":"https:\/\/kibrisayna.com\/index.php\/2025\/01\/10\/cavus-ziraat-muhendisleri-gunu-ve-tarim-ogreniminin-179-yili-dolayisiyla-mesaj-yayimladi-brtk\/","title":{"rendered":"\u00c7avu\u015f, Ziraat M\u00fchendisleri G\u00fcn\u00fc ve Tar\u0131m \u00d6\u011freniminin 179. y\u0131l\u0131 dolay\u0131s\u0131yla mesaj yay\u0131mlad\u0131 \u2013 BRTK"},"content":{"rendered":"<p> <br \/>\n<\/p>\n<div>\n<div class=\"mariselle-image-container center\">\n                <img loading=\"lazy\" decoding=\"async\" width=\"620\" height=\"350\" class=\"lazy-image\" alt=\"\" sizes=\"auto, (max-width: 620px) 100vw, 620px\" src=\"https:\/\/brtk.net\/wp-content\/uploads\/2023\/08\/23\/kelle.jpg?ver=797affb9b36b9c961c1d2af407f970f7\" srcset=\"https:\/\/brtk.net\/wp-content\/uploads\/2023\/08\/23\/kelle.jpg?ver=797affb9b36b9c961c1d2af407f970f7 620w, https:\/\/brtk.net\/wp-content\/uploads\/2023\/08\/23\/kelle-300x169.jpg?ver=797affb9b36b9c961c1d2af407f970f7 300w\"\/>                            <\/div>\n<p>Tar\u0131m ve Do\u011fal Kaynaklar Bakan\u0131 H\u00fcseyin \u00c7avu\u015f, Ziraat M\u00fchendisleri G\u00fcn\u00fc ve Tar\u0131m \u00d6\u011freniminin 179. y\u0131l\u0131 dolay\u0131s\u0131yla mesaj yay\u0131mlad\u0131<\/p>\n<p>\u00c7avu\u015f\u2019un mesaj\u0131 \u015f\u00f6yle:<\/p>\n<p>\u201cBug\u00fcn, tar\u0131m\u0131n gelece\u011fini \u015fekillendiren ve \u00fclkemizin kalk\u0131nmas\u0131nda \u00f6nemli bir yere sahip olan ziraat m\u00fchendislerimizin gurur g\u00fcn\u00fcd\u00fcr. Ayr\u0131ca, tar\u0131m \u00f6\u011freniminin 179. y\u0131l\u0131n\u0131 kutlaman\u0131n mutlulu\u011funu ya\u015famaktay\u0131z. Tar\u0131m\u0131n s\u00fcrd\u00fcr\u00fclebilirli\u011fi, do\u011fal kaynaklar\u0131n korunmas\u0131 ve g\u0131da g\u00fcvenli\u011finin sa\u011flanmas\u0131nda, bilimsel bilgi ve teknolojiyi kullanarak b\u00fcy\u00fck bir \u00f6zveriyle \u00e7al\u0131\u015fan ziraat m\u00fchendislerimiz, topra\u011f\u0131n bereketini bilimin \u0131\u015f\u0131\u011f\u0131nda gelece\u011fe ta\u015f\u0131maktad\u0131r. K\u0131rsal kalk\u0131nman\u0131n, tar\u0131m sekt\u00f6r\u00fcn\u00fcn ve \u00fcretken bir gelece\u011fin en \u00f6nemli neferleri olan sizlerin eme\u011fi, \u00fclkemizin g\u00fc\u00e7l\u00fc bir tar\u0131m sekt\u00f6r\u00fcne ula\u015fmas\u0131nda temel ta\u015f\u0131d\u0131r. Bu anlaml\u0131 g\u00fcnde, tar\u0131m e\u011fitiminin 179 y\u0131ll\u0131k miras\u0131n\u0131 da anarken, bu miras\u0131 yar\u0131nlara ta\u015f\u0131yan ziraat m\u00fchendislerimize te\u015fekk\u00fcrlerimi sunuyorum. Hep birlikte, daha g\u00fc\u00e7l\u00fc bir tar\u0131m sekt\u00f6r\u00fc ve daha \u00fcretken bir gelece\u011fi in\u015fa edece\u011fimizden hi\u00e7 \u015f\u00fcphem yoktur. Ziraat M\u00fchendisleri G\u00fcn\u00fc ve Tar\u0131m \u00d6\u011freniminin 179. y\u0131l\u0131 kutlu olsun!\u201d<\/p>\n<\/p><\/div>\n<p><script async\n                    defer\n                    crossorigin=\"anonymous\"\n                    src=\"https:\/\/connect.facebook.net\/tr_TR\/sdk.js#xfbml=1&#038;version=v3.3\"\n            ><\/script><br \/>\n<br \/><br \/>\n<br \/><a href=\"https:\/\/brtk.net\/cavus-ziraat-muhendisleri-gunu-ve-tarim-ogreniminin-179-yili-dolayisiyla-mesaj-yayimladi\/\">Kaynak BRT <\/a><\/p>\n","protected":false},"excerpt":{"rendered":"<p>Tar\u0131m ve Do\u011fal Kaynaklar Bakan\u0131 H\u00fcseyin \u00c7avu\u015f, Ziraat M\u00fchendisleri G\u00fcn\u00fc ve Tar\u0131m \u00d6\u011freniminin 179. y\u0131l\u0131 dolay\u0131s\u0131yla mesaj yay\u0131mlad\u0131 \u00c7avu\u015f\u2019un mesaj\u0131 \u015f\u00f6yle: \u201cBug\u00fcn, tar\u0131m\u0131n gelece\u011fini \u015fekillendiren ve \u00fclkemizin kalk\u0131nmas\u0131nda \u00f6nemli bir yere sahip olan ziraat m\u00fchendislerimizin gurur g\u00fcn\u00fcd\u00fcr. Ayr\u0131ca, tar\u0131m \u00f6\u011freniminin 179. y\u0131l\u0131n\u0131 kutlaman\u0131n mutlulu\u011funu ya\u015famaktay\u0131z. Tar\u0131m\u0131n s\u00fcrd\u00fcr\u00fclebilirli\u011fi, do\u011fal kaynaklar\u0131n korunmas\u0131 ve g\u0131da g\u00fcvenli\u011finin sa\u011flanmas\u0131nda, bilimsel [&hellip;]<\/p>\n","protected":false},"author":908,"featured_media":8744,"comment_status":"open","ping_status":"open","sticky":false,"template":"","format":"standard","meta":{"_jetpack_memberships_contains_paid_content":false,"footnotes":"","jetpack_publicize_message":"","jetpack_publicize_feature_enabled":true,"jetpack_social_post_already_shared":true,"jetpack_social_options":{"image_generator_settings":{"template":"highway","default_image_id":0,"font":"","enabled":false},"version":2}},"categories":[253],"tags":[],"class_list":["post-16226","post","type-post","status-publish","format-standard","has-post-thumbnail","hentry","category-gundem"],"jetpack_publicize_connections":[],"jetpack_featured_media_url":"https:\/\/kibrisayna.com\/wp-content\/uploads\/2024\/10\/kelle.jpg","jetpack_sharing_enabled":true,"_links":{"self":[{"href":"https:\/\/kibrisayna.com\/index.php\/wp-json\/wp\/v2\/posts\/16226","targetHints":{"allow":["GET"]}}],"collection":[{"href":"https:\/\/kibrisayna.com\/index.php\/wp-json\/wp\/v2\/posts"}],"about":[{"href":"https:\/\/kibrisayna.com\/index.php\/wp-json\/wp\/v2\/types\/post"}],"author":[{"embeddable":true,"href":"https:\/\/kibrisayna.com\/index.php\/wp-json\/wp\/v2\/users\/908"}],"replies":[{"embeddable":true,"href":"https:\/\/kibrisayna.com\/index.php\/wp-json\/wp\/v2\/comments?post=16226"}],"version-history":[{"count":0,"href":"https:\/\/kibrisayna.com\/index.php\/wp-json\/wp\/v2\/posts\/16226\/revisions"}],"wp:featuredmedia":[{"embeddable":true,"href":"https:\/\/kibrisayna.com\/index.php\/wp-json\/wp\/v2\/media\/8744"}],"wp:attachment":[{"href":"https:\/\/kibrisayna.com\/index.php\/wp-json\/wp\/v2\/media?parent=16226"}],"wp:term":[{"taxonomy":"category","embeddable":true,"href":"https:\/\/kibrisayna.com\/index.php\/wp-json\/wp\/v2\/categories?post=16226"},{"taxonomy":"post_tag","embeddable":true,"href":"https:\/\/kibrisayna.com\/index.php\/wp-json\/wp\/v2\/tags?post=16226"}],"curies":[{"name":"wp","href":"https:\/\/api.w.org\/{rel}","templated":true}]}}