{"id":16192,"date":"2025-01-10T10:35:54","date_gmt":"2025-01-10T07:35:54","guid":{"rendered":"https:\/\/kibrisayna.com\/index.php\/2025\/01\/10\/traktor-devrildi-surucu-hayatini-kaybetti-brtk\/"},"modified":"2025-01-10T10:35:54","modified_gmt":"2025-01-10T07:35:54","slug":"traktor-devrildi-surucu-hayatini-kaybetti-brtk","status":"publish","type":"post","link":"https:\/\/kibrisayna.com\/index.php\/2025\/01\/10\/traktor-devrildi-surucu-hayatini-kaybetti-brtk\/","title":{"rendered":"Trakt\u00f6r devrildi, s\u00fcr\u00fcc\u00fc hayat\u0131n\u0131 kaybetti \u2013 BRTK"},"content":{"rendered":"<p> <br \/>\n<\/p>\n<div>\n<p>Ta\u015fp\u0131nar-Bostanc\u0131 ana yolu \u00fczerinde saat 07.30 s\u0131ralar\u0131nda meydana gelen trafik kazas\u0131nda 68 ya\u015f\u0131ndaki s\u00fcr\u00fcc\u00fc hayat\u0131n\u0131 kaybetti.<\/p>\n<p>Polis Bas\u0131n Subayl\u0131\u011f\u0131\u2019ndam verilen bilgiye g\u00f6re, ana yolun 1-2 kilometreleri aras\u0131nda Ta\u015fp\u0131nar\u2019da sakin Salih \u00d6zg\u00fcnalp (E-68), y\u00f6netimindeki LV 619 plakal\u0131 trakt\u00f6r ile Ta\u015fp\u0131nar istikametinden Bostanc\u0131 istikametine do\u011fru seyretti\u011fi s\u0131rada, direksiyon hakimiyetini kaybedip yolun solundan \u00e7\u0131karak sol yan k\u0131sm\u0131 \u00fczerine devrildi. Trakt\u00f6r s\u00fcr\u00fcc\u00fcs\u00fc Salih \u00d6zg\u00fcnalp olay yerinde ya\u015fam\u0131n\u0131 yitirdi.<\/p>\n<p>Soru\u015fturma devam ediyor.<\/p>\n<\/p><\/div>\n<p><script async\n                    defer\n                    crossorigin=\"anonymous\"\n                    src=\"https:\/\/connect.facebook.net\/tr_TR\/sdk.js#xfbml=1&#038;version=v3.3\"\n            ><\/script><br \/>\n<br \/><br \/>\n<br \/><a href=\"https:\/\/brtk.net\/feci-kaza-traktor-devrildi-surucu-hayatini-kaybetti\/\"> <\/a><\/p>\n","protected":false},"excerpt":{"rendered":"<p>Ta\u015fp\u0131nar-Bostanc\u0131 ana yolu \u00fczerinde saat 07.30 s\u0131ralar\u0131nda meydana gelen trafik kazas\u0131nda 68 ya\u015f\u0131ndaki s\u00fcr\u00fcc\u00fc hayat\u0131n\u0131 kaybetti. Polis Bas\u0131n Subayl\u0131\u011f\u0131\u2019ndam verilen bilgiye g\u00f6re, ana yolun 1-2 kilometreleri aras\u0131nda Ta\u015fp\u0131nar\u2019da sakin Salih \u00d6zg\u00fcnalp (E-68), y\u00f6netimindeki LV 619 plakal\u0131 trakt\u00f6r ile Ta\u015fp\u0131nar istikametinden Bostanc\u0131 istikametine do\u011fru seyretti\u011fi s\u0131rada, direksiyon hakimiyetini kaybedip yolun solundan \u00e7\u0131karak sol yan k\u0131sm\u0131 \u00fczerine [&hellip;]<\/p>\n","protected":false},"author":908,"featured_media":15044,"comment_status":"open","ping_status":"open","sticky":false,"template":"","format":"standard","meta":{"_jetpack_memberships_contains_paid_content":false,"footnotes":"","jetpack_publicize_message":"","jetpack_publicize_feature_enabled":true,"jetpack_social_post_already_shared":true,"jetpack_social_options":{"image_generator_settings":{"template":"highway","default_image_id":0,"font":"","enabled":false},"version":2}},"categories":[253,19],"tags":[],"class_list":["post-16192","post","type-post","status-publish","format-standard","has-post-thumbnail","hentry","category-gundem","category-manset"],"jetpack_publicize_connections":[],"jetpack_featured_media_url":"https:\/\/kibrisayna.com\/wp-content\/uploads\/2024\/12\/1734344006789trafik-kazasi.jpg","jetpack_sharing_enabled":true,"_links":{"self":[{"href":"https:\/\/kibrisayna.com\/index.php\/wp-json\/wp\/v2\/posts\/16192","targetHints":{"allow":["GET"]}}],"collection":[{"href":"https:\/\/kibrisayna.com\/index.php\/wp-json\/wp\/v2\/posts"}],"about":[{"href":"https:\/\/kibrisayna.com\/index.php\/wp-json\/wp\/v2\/types\/post"}],"author":[{"embeddable":true,"href":"https:\/\/kibrisayna.com\/index.php\/wp-json\/wp\/v2\/users\/908"}],"replies":[{"embeddable":true,"href":"https:\/\/kibrisayna.com\/index.php\/wp-json\/wp\/v2\/comments?post=16192"}],"version-history":[{"count":0,"href":"https:\/\/kibrisayna.com\/index.php\/wp-json\/wp\/v2\/posts\/16192\/revisions"}],"wp:featuredmedia":[{"embeddable":true,"href":"https:\/\/kibrisayna.com\/index.php\/wp-json\/wp\/v2\/media\/15044"}],"wp:attachment":[{"href":"https:\/\/kibrisayna.com\/index.php\/wp-json\/wp\/v2\/media?parent=16192"}],"wp:term":[{"taxonomy":"category","embeddable":true,"href":"https:\/\/kibrisayna.com\/index.php\/wp-json\/wp\/v2\/categories?post=16192"},{"taxonomy":"post_tag","embeddable":true,"href":"https:\/\/kibrisayna.com\/index.php\/wp-json\/wp\/v2\/tags?post=16192"}],"curies":[{"name":"wp","href":"https:\/\/api.w.org\/{rel}","templated":true}]}}