{"id":16183,"date":"2025-01-09T21:56:42","date_gmt":"2025-01-09T18:56:42","guid":{"rendered":"https:\/\/kibrisayna.com\/index.php\/2025\/01\/09\/kibris-turklerine-yonelik-kapsamli-destegimizi-cesur-adimlarla-her-alanda-daha-da-ileri-tasimaya-kararliyiz-brtk\/"},"modified":"2025-01-09T21:56:42","modified_gmt":"2025-01-09T18:56:42","slug":"kibris-turklerine-yonelik-kapsamli-destegimizi-cesur-adimlarla-her-alanda-daha-da-ileri-tasimaya-kararliyiz-brtk","status":"publish","type":"post","link":"https:\/\/kibrisayna.com\/index.php\/2025\/01\/09\/kibris-turklerine-yonelik-kapsamli-destegimizi-cesur-adimlarla-her-alanda-daha-da-ileri-tasimaya-kararliyiz-brtk\/","title":{"rendered":"K\u0131br\u0131s T\u00fcrklerine y\u00f6nelik kapsaml\u0131 deste\u011fimizi cesur ad\u0131mlarla her alanda daha da ileri ta\u015f\u0131maya kararl\u0131y\u0131z \u2013 BRTK"},"content":{"rendered":"<p> <br \/>\n<\/p>\n<div>\n<div class=\"mariselle-image-container center\">\n                <img loading=\"lazy\" decoding=\"async\" width=\"2048\" height=\"1320\" class=\"lazy-image\" alt=\"\" sizes=\"auto, (max-width: 2048px) 100vw, 2048px\" src=\"https:\/\/brtk.net\/wp-content\/uploads\/2025\/01\/09\/lllllllllllllll.jpg?ver=5c27acbc69571fbfdedf615051933b14\" srcset=\"https:\/\/brtk.net\/wp-content\/uploads\/2025\/01\/09\/lllllllllllllll.jpg?ver=5c27acbc69571fbfdedf615051933b14 2048w, https:\/\/brtk.net\/wp-content\/uploads\/2025\/01\/09\/lllllllllllllll-300x193.jpg?ver=97a03ac0a56a44759a55ec99c1013e87 300w, https:\/\/brtk.net\/wp-content\/uploads\/2025\/01\/09\/lllllllllllllll-1024x660.jpg?ver=97a03ac0a56a44759a55ec99c1013e87 1024w, https:\/\/brtk.net\/wp-content\/uploads\/2025\/01\/09\/lllllllllllllll-768x495.jpg?ver=97a03ac0a56a44759a55ec99c1013e87 768w, https:\/\/brtk.net\/wp-content\/uploads\/2025\/01\/09\/lllllllllllllll-1536x990.jpg?ver=e45ccde6b597ae7ae803dca69ab89b90 1536w\"\/>                            <\/div>\n<p>T\u00fcrkiye Cumhuriyeti\u2019nin Lefko\u015fa B\u00fcy\u00fckel\u00e7isi Yasin Ekrem Serim, T\u00fcrkiye D\u0131\u015fi\u015fleri Bakan\u0131 Hakan Fidan\u2019\u0131n Kuzey K\u0131br\u0131s T\u00fcrk Cumhuriyeti\u2019ne (KKTC) iki g\u00fcn s\u00fcren olduk\u00e7a verimli bir ziyaret ger\u00e7ekle\u015ftirdi\u011fini belirtti.<\/p>\n<p>Serim, sosyal medya hesab\u0131ndan da payla\u015ft\u0131\u011f\u0131 de\u011ferlendirmesinde, D\u0131\u015fi\u015fleri Bakan\u0131 Tahsin Ertu\u011frulo\u011flu ile biraraya gelerek ziyaretine ba\u015flayan Hakan Fidan\u2019\u0131n, Cumhurba\u015fkan\u0131 Ersin Tatar taraf\u0131ndan kabul edildi\u011fini, Meclis Ba\u015fkan\u0131 Ziya \u00d6zt\u00fcrkler, Ba\u015fbakan \u00dcnal \u00dcstel, H\u00fck\u00fcmet Ortaklar\u0131 ve siyasi parti Genel Ba\u015fkanlar\u0131yla kapsaml\u0131 temaslarda bulundu\u011funu vurgulad\u0131.<\/p>\n<div class=\"mariselle-image-container center\">\n                <img loading=\"lazy\" decoding=\"async\" width=\"2048\" height=\"1366\" class=\"lazy-image\" alt=\"\" sizes=\"auto, (max-width: 2048px) 100vw, 2048px\" src=\"https:\/\/brtk.net\/wp-content\/uploads\/2025\/01\/09\/472979066_549869884705971_5978641567118995730_n.jpg?ver=0eba38eece5d0bf43703203e0e7e82c4\" srcset=\"https:\/\/brtk.net\/wp-content\/uploads\/2025\/01\/09\/472979066_549869884705971_5978641567118995730_n.jpg?ver=0eba38eece5d0bf43703203e0e7e82c4 2048w, https:\/\/brtk.net\/wp-content\/uploads\/2025\/01\/09\/472979066_549869884705971_5978641567118995730_n-300x200.jpg?ver=0eba38eece5d0bf43703203e0e7e82c4 300w, https:\/\/brtk.net\/wp-content\/uploads\/2025\/01\/09\/472979066_549869884705971_5978641567118995730_n-1024x683.jpg?ver=53b17e0f74dd4b7cdf1135a618f10751 1024w, https:\/\/brtk.net\/wp-content\/uploads\/2025\/01\/09\/472979066_549869884705971_5978641567118995730_n-768x512.jpg?ver=53b17e0f74dd4b7cdf1135a618f10751 768w, https:\/\/brtk.net\/wp-content\/uploads\/2025\/01\/09\/472979066_549869884705971_5978641567118995730_n-1536x1025.jpg?ver=0e6f6f449e0d3f9d1afac1dd762491cd 1536w\"\/>                            <\/div>\n<p>B\u00fcy\u00fckel\u00e7i Serim de\u011ferlendirmesinde, \u201cSay\u0131n Bakan\u0131m\u0131z ziyareti vesilesiyle K\u0131br\u0131s T\u00fcrk\u00fcn\u00fcn maruz kald\u0131\u011f\u0131 izolasyonun sessiz bir insanl\u0131k su\u00e7una d\u00f6n\u00fc\u015ft\u00fc\u011f\u00fcn\u00fcn alt\u0131n\u0131 \u00e7izerek, elli y\u0131l \u00f6nceki stat\u00fcko \u00fczerinden \u00e7\u00f6z\u00fcm araman\u0131n beyhude oldu\u011funu vurgulad\u0131. Ayr\u0131ca iki devletin geli\u015ftirebilece\u011fi \u00e7e\u015fitli i\u015fbirli\u011fi modellerinin Ada\u2019ya ve b\u00f6lgemize b\u00fcy\u00fck katk\u0131 sunma potansiyeli ta\u015f\u0131d\u0131\u011f\u0131n\u0131n alt\u0131n\u0131 \u00e7izdi\u201d ifadelerini kulland\u0131.<\/p>\n<p>Serim, KKTC ile olan dayan\u0131\u015fmay\u0131 ve K\u0131br\u0131s T\u00fcrklerine y\u00f6nelik kapsaml\u0131 deste\u011fi cesur ad\u0131mlarla her alanda daha da ileri ta\u015f\u0131maya kararl\u0131 olduklar\u0131n\u0131 vurgulad\u0131.<\/p>\n<p><iframe loading=\"lazy\" src=\"https:\/\/www.facebook.com\/plugins\/post.php?href=https%3A%2F%2Fwww.facebook.com%2Fpermalink.php%3Fstory_fbid%3Dpfbid0DTNSGZrrqfXPLZs9wij7imVVJSGch1hgd7HanR9hPR1zu2RReZT77ptjUmAZ4o32l%26id%3D100090488932066&amp;show_text=true&amp;width=500\" width=\"500\" height=\"813\" style=\"border:none;overflow:hidden\" scrolling=\"no\" frameborder=\"0\" allowfullscreen=\"true\" allow=\"autoplay; clipboard-write; encrypted-media; picture-in-picture; web-share\"><\/iframe><\/p>\n<\/p><\/div>\n<p><script async\n                    defer\n                    crossorigin=\"anonymous\"\n                    src=\"https:\/\/connect.facebook.net\/tr_TR\/sdk.js#xfbml=1&#038;version=v3.3\"\n            ><\/script><br \/>\n<br \/><br \/>\n<br \/><a href=\"https:\/\/brtk.net\/serim-kibris-turklerine-yonelik-kapsamli-destegimizi-cesur-adimlarla-her-alanda-daha-da-ileri-tasimaya-kararliyiz\/\"><\/a><\/p>\n","protected":false},"excerpt":{"rendered":"<p>T\u00fcrkiye Cumhuriyeti\u2019nin Lefko\u015fa B\u00fcy\u00fckel\u00e7isi Yasin Ekrem Serim, T\u00fcrkiye D\u0131\u015fi\u015fleri Bakan\u0131 Hakan Fidan\u2019\u0131n Kuzey K\u0131br\u0131s T\u00fcrk Cumhuriyeti\u2019ne (KKTC) iki g\u00fcn s\u00fcren olduk\u00e7a verimli bir ziyaret ger\u00e7ekle\u015ftirdi\u011fini belirtti. Serim, sosyal medya hesab\u0131ndan da payla\u015ft\u0131\u011f\u0131 de\u011ferlendirmesinde, D\u0131\u015fi\u015fleri Bakan\u0131 Tahsin Ertu\u011frulo\u011flu ile biraraya gelerek ziyaretine ba\u015flayan Hakan Fidan\u2019\u0131n, Cumhurba\u015fkan\u0131 Ersin Tatar taraf\u0131ndan kabul edildi\u011fini, Meclis Ba\u015fkan\u0131 Ziya \u00d6zt\u00fcrkler, Ba\u015fbakan [&hellip;]<\/p>\n","protected":false},"author":908,"featured_media":16184,"comment_status":"open","ping_status":"open","sticky":false,"template":"","format":"standard","meta":{"_jetpack_memberships_contains_paid_content":false,"footnotes":"","jetpack_publicize_message":"","jetpack_publicize_feature_enabled":true,"jetpack_social_post_already_shared":true,"jetpack_social_options":{"image_generator_settings":{"template":"highway","default_image_id":0,"font":"","enabled":false},"version":2}},"categories":[587],"tags":[],"class_list":["post-16183","post","type-post","status-publish","format-standard","has-post-thumbnail","hentry","category-dunya"],"jetpack_publicize_connections":[],"jetpack_featured_media_url":"https:\/\/kibrisayna.com\/wp-content\/uploads\/2025\/01\/472979066_549869884705971_5978641567118995730_n.jpg","jetpack_sharing_enabled":true,"_links":{"self":[{"href":"https:\/\/kibrisayna.com\/index.php\/wp-json\/wp\/v2\/posts\/16183","targetHints":{"allow":["GET"]}}],"collection":[{"href":"https:\/\/kibrisayna.com\/index.php\/wp-json\/wp\/v2\/posts"}],"about":[{"href":"https:\/\/kibrisayna.com\/index.php\/wp-json\/wp\/v2\/types\/post"}],"author":[{"embeddable":true,"href":"https:\/\/kibrisayna.com\/index.php\/wp-json\/wp\/v2\/users\/908"}],"replies":[{"embeddable":true,"href":"https:\/\/kibrisayna.com\/index.php\/wp-json\/wp\/v2\/comments?post=16183"}],"version-history":[{"count":0,"href":"https:\/\/kibrisayna.com\/index.php\/wp-json\/wp\/v2\/posts\/16183\/revisions"}],"wp:featuredmedia":[{"embeddable":true,"href":"https:\/\/kibrisayna.com\/index.php\/wp-json\/wp\/v2\/media\/16184"}],"wp:attachment":[{"href":"https:\/\/kibrisayna.com\/index.php\/wp-json\/wp\/v2\/media?parent=16183"}],"wp:term":[{"taxonomy":"category","embeddable":true,"href":"https:\/\/kibrisayna.com\/index.php\/wp-json\/wp\/v2\/categories?post=16183"},{"taxonomy":"post_tag","embeddable":true,"href":"https:\/\/kibrisayna.com\/index.php\/wp-json\/wp\/v2\/tags?post=16183"}],"curies":[{"name":"wp","href":"https:\/\/api.w.org\/{rel}","templated":true}]}}