{"id":16164,"date":"2025-01-09T18:15:28","date_gmt":"2025-01-09T15:15:28","guid":{"rendered":"https:\/\/kibrisayna.com\/index.php\/2025\/01\/09\/27-aralik-ataturk-kosulari-gazimagusada-yapildi-brtk\/"},"modified":"2025-01-09T18:15:28","modified_gmt":"2025-01-09T15:15:28","slug":"27-aralik-ataturk-kosulari-gazimagusada-yapildi-brtk","status":"publish","type":"post","link":"https:\/\/kibrisayna.com\/index.php\/2025\/01\/09\/27-aralik-ataturk-kosulari-gazimagusada-yapildi-brtk\/","title":{"rendered":"27 Aral\u0131k Atat\u00fcrk Ko\u015fular\u0131 Gazima\u011fusa\u2019da yap\u0131ld\u0131 \u2013 BRTK"},"content":{"rendered":"<p> <br \/>\n<\/p>\n<div>\n<div class=\"mariselle-image-container center\">\n                <img loading=\"lazy\" decoding=\"async\" width=\"2560\" height=\"1707\" class=\"lazy-image\" alt=\"\" sizes=\"auto, (max-width: 2560px) 100vw, 2560px\" src=\"https:\/\/brtk.net\/wp-content\/uploads\/2025\/01\/09\/17364313028233Ataturk-Kosulari-scaled.jpeg?ver=efeb0da28f6a85c427118f50531d1764\" srcset=\"https:\/\/brtk.net\/wp-content\/uploads\/2025\/01\/09\/17364313028233Ataturk-Kosulari-scaled.jpeg?ver=efeb0da28f6a85c427118f50531d1764 2560w, https:\/\/brtk.net\/wp-content\/uploads\/2025\/01\/09\/17364313028233Ataturk-Kosulari-300x200.jpeg?ver=b05397b5bf8200bf5dbc4705e0cc19f4 300w, https:\/\/brtk.net\/wp-content\/uploads\/2025\/01\/09\/17364313028233Ataturk-Kosulari-1024x683.jpeg?ver=b0256469f3b0ed206dcd4dde7e656a32 1024w, https:\/\/brtk.net\/wp-content\/uploads\/2025\/01\/09\/17364313028233Ataturk-Kosulari-768x512.jpeg?ver=b0256469f3b0ed206dcd4dde7e656a32 768w, https:\/\/brtk.net\/wp-content\/uploads\/2025\/01\/09\/17364313028233Ataturk-Kosulari-1536x1024.jpeg?ver=f364aa1858c415c1056644dcb1c21a49 1536w, https:\/\/brtk.net\/wp-content\/uploads\/2025\/01\/09\/17364313028233Ataturk-Kosulari-2048x1365.jpeg?ver=060a22af5cb44bb2c7900ccea137b463 2048w\"\/>                            <\/div>\n<p>Gazima\u011fusa Kaymakaml\u0131\u011f\u0131 taraf\u0131ndan geleneksel olarak d\u00fczenlenen 27 Aral\u0131k Atat\u00fcrk Ko\u015fular\u0131, Gazima\u011fusa\u2019da yap\u0131ld\u0131.<\/p>\n<p>Gazima\u011fusa Belediyesi Halkla \u0130li\u015fkiler Birimi\u2019nden yap\u0131lan a\u00e7\u0131klamada, ko\u015fulara Gazima\u011fusa Belediyesi\u2019nin de katk\u0131 sa\u011flad\u0131\u011f\u0131 belirtildi.<\/p>\n<p>Sayg\u0131 duru\u015fu ve \u0130stiklal Mar\u015f\u0131 ile ba\u015flayan Atat\u00fcrk Ko\u015fular\u0131, ya\u015f klasman\u0131na g\u00f6re belirlenen mesafelerde ko\u015fularak Belediye binas\u0131 \u00f6n\u00fcnde sona erdi.<\/p>\n<p>Gazima\u011fusa Belediye Ba\u015fkan\u0131 S\u00fcleyman Ulu\u00e7ay, yar\u0131\u015flar \u00f6ncesinde ger\u00e7ekle\u015ftirilen t\u00f6rende yapt\u0131\u011f\u0131 konu\u015fmada, 27 Aral\u0131k Atat\u00fcrk Ko\u015fular\u0131\u2019n\u0131n tarih boyunca gelenekselle\u015fmesine dikkat \u00e7ekerek, ko\u015fulara kat\u0131lan \u00f6\u011frencilere bu \u00f6zel tarihin anlam ve \u00f6nemini anlatt\u0131.<\/p>\n<p>Ulu \u00f6nder Mustafa Kemal Atat\u00fcrk\u2019\u00fcn, 27 Aral\u0131k 1919\u2019da Ankara\u2019ya ula\u015ft\u0131\u011f\u0131 d\u00f6nemde, Anadolu\u2019nun b\u00fcy\u00fck bir k\u0131sm\u0131n\u0131n i\u015fgal alt\u0131nda oldu\u011funu ve milletin zor g\u00fcnler ge\u00e7irdi\u011fini hat\u0131rlatan Ulu\u00e7ay, Atat\u00fcrk\u2019\u00fcn b\u00fcy\u00fck bir cesaretle Anadolu\u2019yu kar\u0131\u015f kar\u0131\u015f gezdi\u011fini ve bu zorlu yolculu\u011funu 27 Aral\u0131k\u2019ta Ankara\u2019ya ula\u015farak tamamlad\u0131\u011f\u0131n\u0131 s\u00f6yledi.<\/p>\n<p>Gen\u00e7lere, Atat\u00fcrk\u2019\u00fcn hayat\u0131n\u0131 okuyup anlaman\u0131n \u00f6nemini hat\u0131rlatan Ulu\u00e7ay, hayat\u0131 m\u00fccadelelerle ge\u00e7en Atat\u00fcrk\u2019\u00fcn, gelecek nesillere \u201cYurtta Sulh, Cihanda Sulh\u201d ilkesini miras b\u0131rakarak bar\u0131\u015f\u0131n ne denli \u00f6nemli bir de\u011fer oldu\u011funu g\u00f6sterdi\u011fini s\u00f6yledi.<\/p>\n<p>Ulu\u00e7ay, konu\u015fmas\u0131n\u0131n sonunda kazanman\u0131n \u00f6nemli bir hedef oldu\u011funu ancak bunun, sayg\u0131 \u00e7er\u00e7evesinde ger\u00e7ekle\u015fmesinin daha b\u00fcy\u00fck bir de\u011fer ta\u015f\u0131d\u0131\u011f\u0131n\u0131 vurgulad\u0131.<\/p>\n<\/p><\/div>\n<p><script async\n                    defer\n                    crossorigin=\"anonymous\"\n                    src=\"https:\/\/connect.facebook.net\/tr_TR\/sdk.js#xfbml=1&#038;version=v3.3\"\n            ><\/script><br \/>\n<br \/><br \/>\n<br \/><a href=\"https:\/\/brtk.net\/27-aralik-ataturk-kosulari-gazimagusada-yapildi\/\">Kaynak BRT <\/a><\/p>\n","protected":false},"excerpt":{"rendered":"<p>Gazima\u011fusa Kaymakaml\u0131\u011f\u0131 taraf\u0131ndan geleneksel olarak d\u00fczenlenen 27 Aral\u0131k Atat\u00fcrk Ko\u015fular\u0131, Gazima\u011fusa\u2019da yap\u0131ld\u0131. Gazima\u011fusa Belediyesi Halkla \u0130li\u015fkiler Birimi\u2019nden yap\u0131lan a\u00e7\u0131klamada, ko\u015fulara Gazima\u011fusa Belediyesi\u2019nin de katk\u0131 sa\u011flad\u0131\u011f\u0131 belirtildi. Sayg\u0131 duru\u015fu ve \u0130stiklal Mar\u015f\u0131 ile ba\u015flayan Atat\u00fcrk Ko\u015fular\u0131, ya\u015f klasman\u0131na g\u00f6re belirlenen mesafelerde ko\u015fularak Belediye binas\u0131 \u00f6n\u00fcnde sona erdi. Gazima\u011fusa Belediye Ba\u015fkan\u0131 S\u00fcleyman Ulu\u00e7ay, yar\u0131\u015flar \u00f6ncesinde ger\u00e7ekle\u015ftirilen t\u00f6rende [&hellip;]<\/p>\n","protected":false},"author":908,"featured_media":16165,"comment_status":"open","ping_status":"open","sticky":false,"template":"","format":"standard","meta":{"_jetpack_memberships_contains_paid_content":false,"footnotes":"","jetpack_publicize_message":"","jetpack_publicize_feature_enabled":true,"jetpack_social_post_already_shared":true,"jetpack_social_options":{"image_generator_settings":{"template":"highway","default_image_id":0,"font":"","enabled":false},"version":2}},"categories":[9],"tags":[],"class_list":["post-16164","post","type-post","status-publish","format-standard","has-post-thumbnail","hentry","category-spor"],"jetpack_publicize_connections":[],"jetpack_featured_media_url":"https:\/\/kibrisayna.com\/wp-content\/uploads\/2025\/01\/17364313028233Ataturk-Kosulari-scaled.jpeg","jetpack_sharing_enabled":true,"_links":{"self":[{"href":"https:\/\/kibrisayna.com\/index.php\/wp-json\/wp\/v2\/posts\/16164","targetHints":{"allow":["GET"]}}],"collection":[{"href":"https:\/\/kibrisayna.com\/index.php\/wp-json\/wp\/v2\/posts"}],"about":[{"href":"https:\/\/kibrisayna.com\/index.php\/wp-json\/wp\/v2\/types\/post"}],"author":[{"embeddable":true,"href":"https:\/\/kibrisayna.com\/index.php\/wp-json\/wp\/v2\/users\/908"}],"replies":[{"embeddable":true,"href":"https:\/\/kibrisayna.com\/index.php\/wp-json\/wp\/v2\/comments?post=16164"}],"version-history":[{"count":0,"href":"https:\/\/kibrisayna.com\/index.php\/wp-json\/wp\/v2\/posts\/16164\/revisions"}],"wp:featuredmedia":[{"embeddable":true,"href":"https:\/\/kibrisayna.com\/index.php\/wp-json\/wp\/v2\/media\/16165"}],"wp:attachment":[{"href":"https:\/\/kibrisayna.com\/index.php\/wp-json\/wp\/v2\/media?parent=16164"}],"wp:term":[{"taxonomy":"category","embeddable":true,"href":"https:\/\/kibrisayna.com\/index.php\/wp-json\/wp\/v2\/categories?post=16164"},{"taxonomy":"post_tag","embeddable":true,"href":"https:\/\/kibrisayna.com\/index.php\/wp-json\/wp\/v2\/tags?post=16164"}],"curies":[{"name":"wp","href":"https:\/\/api.w.org\/{rel}","templated":true}]}}