{"id":16162,"date":"2025-01-09T18:10:52","date_gmt":"2025-01-09T15:10:52","guid":{"rendered":"https:\/\/kibrisayna.com\/index.php\/2025\/01\/09\/bakan-berova-hayat-pahaliligi-odenegi-konusunda-sendikalarla-bir-araya-geldi-brtk\/"},"modified":"2025-01-09T18:10:52","modified_gmt":"2025-01-09T15:10:52","slug":"bakan-berova-hayat-pahaliligi-odenegi-konusunda-sendikalarla-bir-araya-geldi-brtk","status":"publish","type":"post","link":"https:\/\/kibrisayna.com\/index.php\/2025\/01\/09\/bakan-berova-hayat-pahaliligi-odenegi-konusunda-sendikalarla-bir-araya-geldi-brtk\/","title":{"rendered":"Bakan Berova, hayat pahal\u0131l\u0131\u011f\u0131 \u00f6dene\u011fi konusunda sendikalarla bir araya geldi \u2013 BRTK"},"content":{"rendered":"<p> <br \/>\n<\/p>\n<div>\n<div class=\"mariselle-image-container center\">\n                <img loading=\"lazy\" decoding=\"async\" width=\"1599\" height=\"1066\" class=\"lazy-image\" alt=\"\" sizes=\"auto, (max-width: 1599px) 100vw, 1599px\" src=\"https:\/\/brtk.net\/wp-content\/uploads\/2025\/01\/09\/1736434406925Maliye-Bakani-Berovanin-sendikalarla-toplantisi-basladi-2.jpeg?ver=7e711a432e603a5ce4c90f8dbe53e704\" srcset=\"https:\/\/brtk.net\/wp-content\/uploads\/2025\/01\/09\/1736434406925Maliye-Bakani-Berovanin-sendikalarla-toplantisi-basladi-2.jpeg?ver=7e711a432e603a5ce4c90f8dbe53e704 1599w, https:\/\/brtk.net\/wp-content\/uploads\/2025\/01\/09\/1736434406925Maliye-Bakani-Berovanin-sendikalarla-toplantisi-basladi-2-300x200.jpeg?ver=c103231105085837ce3a08d7cb2f87ba 300w, https:\/\/brtk.net\/wp-content\/uploads\/2025\/01\/09\/1736434406925Maliye-Bakani-Berovanin-sendikalarla-toplantisi-basladi-2-1024x683.jpeg?ver=c103231105085837ce3a08d7cb2f87ba 1024w, https:\/\/brtk.net\/wp-content\/uploads\/2025\/01\/09\/1736434406925Maliye-Bakani-Berovanin-sendikalarla-toplantisi-basladi-2-768x512.jpeg?ver=03d57ace1dd081a7dc8b49351eb6f106 768w, https:\/\/brtk.net\/wp-content\/uploads\/2025\/01\/09\/1736434406925Maliye-Bakani-Berovanin-sendikalarla-toplantisi-basladi-2-1536x1024.jpeg?ver=03d57ace1dd081a7dc8b49351eb6f106 1536w\"\/>                            <\/div>\n<p>Maliye Bakan\u0131 \u00d6zdemir Berova, hayat pahal\u0131l\u0131\u011f\u0131 \u00f6dene\u011fiyle ilgili \u00f6ng\u00f6r\u00fclen yasal d\u00fczenlemeyi ele almak \u00fczere sendika temsilcileriyle toplant\u0131da bir araya geldi.<\/p>\n<p>Konuyla ilgili yar\u0131n sabah Meclis\u2019te Ulusal Birlik Partisi Grubu, h\u00fck\u00fcmet ortaklar\u0131 ve \u201ch\u00fck\u00fcmete destek veren milletvekilleri\u201d ile toplant\u0131 yapacaklar\u0131n\u0131 a\u00e7\u0131klayan Berova, \u201c\u0130ste\u011fimiz m\u00fcmk\u00fcn olabilecek en iyi noktaya ula\u015fmakt\u0131r.\u201d dedi.<\/p>\n<p>Maliye Bakanl\u0131\u011f\u0131\u2019nda yer alan toplant\u0131ya, Maliye Bakanl\u0131\u011f\u0131 M\u00fcste\u015far\u0131 Burak \u015e\u00f6f\u00f6ro\u011flu ve Bakanl\u0131k Genel Koordinat\u00f6r\u00fc Saadet H\u00fcdaverdi de kat\u0131ld\u0131.<\/p>\n<p>Maliye Bakan\u0131 \u00d6zdemir Berova toplant\u0131 \u00f6ncesinde yapt\u0131\u011f\u0131 konu\u015fmada, ge\u00e7en hafta Meclis\u2019teki Komite toplant\u0131s\u0131n\u0131n, sendikalar\u0131n genel grevi nedeniyle yap\u0131lamad\u0131\u011f\u0131n\u0131 ancak sendika yetkilileriyle isti\u015fare f\u0131rsat\u0131 bulduklar\u0131n\u0131 hat\u0131rlatt\u0131.<\/p>\n<div class=\"mariselle-image-container center\">\n                <img loading=\"lazy\" decoding=\"async\" width=\"1599\" height=\"1066\" class=\"lazy-image\" alt=\"\" sizes=\"auto, (max-width: 1599px) 100vw, 1599px\" src=\"https:\/\/brtk.net\/wp-content\/uploads\/2025\/01\/09\/1736434406928Maliye-Bakani-Berovanin-sendikalarla-toplantisi-basladi-6.jpeg?ver=ef9f643fadb78e9ba2deaf26388aa1d1\" srcset=\"https:\/\/brtk.net\/wp-content\/uploads\/2025\/01\/09\/1736434406928Maliye-Bakani-Berovanin-sendikalarla-toplantisi-basladi-6.jpeg?ver=ef9f643fadb78e9ba2deaf26388aa1d1 1599w, https:\/\/brtk.net\/wp-content\/uploads\/2025\/01\/09\/1736434406928Maliye-Bakani-Berovanin-sendikalarla-toplantisi-basladi-6-300x200.jpeg?ver=e9761e29266624d6ecf79b9c00b1ad98 300w, https:\/\/brtk.net\/wp-content\/uploads\/2025\/01\/09\/1736434406928Maliye-Bakani-Berovanin-sendikalarla-toplantisi-basladi-6-1024x683.jpeg?ver=e9761e29266624d6ecf79b9c00b1ad98 1024w, https:\/\/brtk.net\/wp-content\/uploads\/2025\/01\/09\/1736434406928Maliye-Bakani-Berovanin-sendikalarla-toplantisi-basladi-6-768x512.jpeg?ver=e9761e29266624d6ecf79b9c00b1ad98 768w, https:\/\/brtk.net\/wp-content\/uploads\/2025\/01\/09\/1736434406928Maliye-Bakani-Berovanin-sendikalarla-toplantisi-basladi-6-1536x1024.jpeg?ver=6169afc37dad154fad7393980057191d 1536w\"\/>                            <\/div>\n<p>Hayat pahal\u0131l\u0131\u011f\u0131 \u00f6dene\u011fi konusunda sendikalarla isti\u015fare etmeden yeni bir toplant\u0131 \u00e7a\u011fr\u0131s\u0131 yap\u0131lmayaca\u011f\u0131 y\u00f6n\u00fcnde s\u00f6z verdiklerini dile getiren Berova, \u201cBu s\u00f6z\u00fcm\u00fcze istinaden bug\u00fcn burada topland\u0131k.\u201d dedi.<\/p>\n<p>Sendika yetkileriyle son gelinen a\u015famay\u0131 de\u011ferlendireceklerini ifade eden Berova, yar\u0131n sabah Meclis\u2019te saat 09.30\u2019da  Ulusal Birlik Partisi Grubu, h\u00fck\u00fcmet ortaklar\u0131 ve h\u00fck\u00fcmete destek veren milletvekilleri ile toplant\u0131 yapacaklar\u0131n\u0131 s\u00f6yledi.<\/p>\n<p>Meclis\u2019teki toplant\u0131da hangi noktaya gelindi\u011fini ve s\u00fcre\u00e7 i\u00e7erisinde iktidar kanad\u0131n\u0131n yol haritas\u0131n\u0131 ortaya koyacaklar\u0131n\u0131 kaydeden Berova, davete kat\u0131lan sendika yetkililerine te\u015fekk\u00fcr etti.<\/p>\n<div class=\"mariselle-image-container center\">\n                <img loading=\"lazy\" decoding=\"async\" width=\"2560\" height=\"1709\" class=\"lazy-image\" alt=\"\" sizes=\"auto, (max-width: 2560px) 100vw, 2560px\" src=\"https:\/\/brtk.net\/wp-content\/uploads\/2025\/01\/09\/1736434406929SENDIKALAR-MALIYE-BAKANLIGI-TIM-1-scaled.jpg?ver=d4e8377bd6119756442866d89aebc0f3\" srcset=\"https:\/\/brtk.net\/wp-content\/uploads\/2025\/01\/09\/1736434406929SENDIKALAR-MALIYE-BAKANLIGI-TIM-1-scaled.jpg?ver=d4e8377bd6119756442866d89aebc0f3 2560w, https:\/\/brtk.net\/wp-content\/uploads\/2025\/01\/09\/1736434406929SENDIKALAR-MALIYE-BAKANLIGI-TIM-1-300x200.jpg?ver=d4e8377bd6119756442866d89aebc0f3 300w, https:\/\/brtk.net\/wp-content\/uploads\/2025\/01\/09\/1736434406929SENDIKALAR-MALIYE-BAKANLIGI-TIM-1-1024x684.jpg?ver=3f16fe9d43d6263278fdd75f2ebece9f 1024w, https:\/\/brtk.net\/wp-content\/uploads\/2025\/01\/09\/1736434406929SENDIKALAR-MALIYE-BAKANLIGI-TIM-1-768x513.jpg?ver=88b1a2fa13a7a27cd8ea7a74c0e26271 768w, https:\/\/brtk.net\/wp-content\/uploads\/2025\/01\/09\/1736434406929SENDIKALAR-MALIYE-BAKANLIGI-TIM-1-1536x1025.jpg?ver=ee5eba48040d34bb643b3fff2d19fdbd 1536w, https:\/\/brtk.net\/wp-content\/uploads\/2025\/01\/09\/1736434406929SENDIKALAR-MALIYE-BAKANLIGI-TIM-1-2048x1367.jpg?ver=bdd17ce039ea8bc46dd49b6b9c70b71b 2048w\"\/>                            <\/div>\n<p>Sendikalar ad\u0131na s\u00f6z alan T\u00fcrk-Sen Ba\u015fkan\u0131 Arslan B\u0131\u00e7akl\u0131 da, bas\u0131n\u0131n toplant\u0131ya ilgisine dikkat \u00e7ekerek, \u201cBelli ki toplumun b\u00fct\u00fcn\u00fc bug\u00fcn bu odada \u00e7\u0131karken bir \u015fey bekliyor.\u201d diye konu\u015ftu.<\/p>\n<p>Halk\u0131n refah\u0131 ve mutlulu\u011fu i\u00e7in daha g\u00fczel bir noktaya gelmeyi temenni eden B\u0131\u00e7akl\u0131, Toplu \u0130\u015f S\u00f6zle\u015fmesi Grev ve Referandum Yasas\u0131 ve hayat pahal\u0131l\u0131\u011f\u0131na ili\u015fkin yasa hakk\u0131nda h\u00fck\u00fcmetin iradesini ve ya\u015fananlar\u0131 hat\u0131rlatt\u0131.<\/p>\n<p>Toplu \u0130\u015f S\u00f6zle\u015fmesi Grev ve Referandum Grev ve Referandum Yasa Tasar\u0131s\u0131\u2019n\u0131n Meclis Genel Kurulu\u2019nda geri \u00e7ekildi\u011fini kaydeden B\u0131\u00e7akl\u0131, \u201c\u00d6n\u00fcm\u00fczde hayat pahal\u0131l\u0131\u011f\u0131 meselesi kald\u0131.\u201d dedi.<\/p>\n<p>Y\u0131llard\u0131r uygulanan sistemin de\u011fi\u015ftirilerek, \u00e7al\u0131\u015fanlar\u0131n, emeklilerin ve asgari \u00fccretlilerin al\u0131m g\u00fcc\u00fcn\u00fcn geri \u00e7ekilmesini kabul etmeyeceklerini dile getiren B\u0131\u00e7akl\u0131, \u015f\u00f6yle devam etti:<\/p>\n<p>\u201c\u00dclkede ekonomik s\u0131k\u0131nt\u0131 vard\u0131r ve halk\u0131m\u0131zla beraber tasarruf yapacaksak biz var\u0131z. Ama nas\u0131l? Ba\u015flayaca\u011f\u0131z cumhurba\u015fkan\u0131ndan, gelece\u011fiz ba\u015fbakana, bakanlara, vekillere, sermayeye verilen te\u015fviklere sonra s\u0131ra \u00e7al\u0131\u015fana, emekliye geldi\u011finde onlar\u0131 da konu\u015furuz.\u201d<\/p>\n<p>Sendikalar\u0131n iki tasar\u0131n\u0131n geri \u00e7ekilmesi konusunda tavr\u0131n\u0131n net oldu\u011funu belirten B\u0131\u00e7akl\u0131, \u201cBizim derdimiz kavga etmek de\u011fil \u00fclkedeki \u00e7al\u0131\u015fan\u0131n, emeklinin, asgari \u00fccretlinin al\u0131m g\u00fcc\u00fcn\u00fc korumak ve geli\u015ftirmektir.\u201d dedi.<\/p>\n<p>B\u0131\u00e7akl\u0131, toplant\u0131n\u0131n sa\u011fl\u0131kl\u0131 ge\u00e7mesi temennisini dile getirerek, konu\u015fmas\u0131n\u0131 tamamlad\u0131.<\/p>\n<p>Konu\u015fmalar\u0131n ard\u0131ndan bas\u0131n mensuplar\u0131n\u0131n sorular\u0131 da yan\u0131tland\u0131.<\/p>\n<p>-Berova: \u201c\u0130ste\u011fimiz m\u00fcmk\u00fcn olabilecek en iyi noktaya ula\u015fmakt\u0131r\u201d<\/p>\n<p>Bir soru \u00fczerine Maliye Bakan\u0131 \u00d6zdemir Berova, h\u00fck\u00fcmet ve devlet olarak en b\u00fcy\u00fck dertlerinin s\u00fcrd\u00fcr\u00fclebilir bir \u015fekilde halk\u0131n refah ve mutlulu\u011funu sa\u011flamak oldu\u011funu ancak sonsuz kaynaklara sahip olmad\u0131klar\u0131n\u0131 ifade etti.<\/p>\n<p>Gidilen yolun \u00fclkeyi refaha ve d\u00fcze \u00e7\u0131karacak yol olmas\u0131 gerekti\u011fini belirten Berova, sendikalar\u0131n \u00fcyelerinin haklar\u0131n\u0131 maksimum derecede korumas\u0131 iste\u011finin do\u011fal oldu\u011funu s\u00f6yledi.<\/p>\n<p>Ortak bir noktaya ula\u015f\u0131l\u0131p, ula\u015f\u0131lamayaca\u011f\u0131n\u0131n cevab\u0131n\u0131n ortakla\u015fmaya gidecek bir yolun \u00e7\u0131k\u0131p, \u00e7\u0131kmayaca\u011f\u0131 noktas\u0131ndan ge\u00e7ti\u011fini ifade eden Berova, toplant\u0131da bu konuyu konu\u015facaklar\u0131n\u0131 kaydetti.<\/p>\n<p>Ortakla\u015fma demenin bir taraf\u0131n her \u015feyi b\u0131rakarak, kar\u015f\u0131 taraf\u0131n isteklerinin t\u00fcm\u00fcne kabul demesi anlam\u0131na gelmedi\u011fini dile getiren Berova, \u201cElbette ki iste\u011fimiz m\u00fcmk\u00fcn olabilecek en iyi noktaya ula\u015fmakt\u0131r. Bunun da \u015fartlar\u0131n\u0131 olu\u015fturabilir miyiz diye ben sendikalar\u0131m\u0131z\u0131 bir kez daha dinleyece\u011fim.\u201d dedi.<\/p>\n<p>Yar\u0131n iktidar vekilleriyle konuyu de\u011ferlendirmelerinin ard\u0131ndan gerekirse sendika temsilcileriyle bir toplant\u0131 daha yapacaklar\u0131n\u0131 belirten Bakan Berova, \u201cOndan sonra da bir noktaya gelinebilirse gelinir, gelinemezse demokratik haklar\u0131 kullanmak bu \u00fclkede ya\u015fayan her vatanda\u015f\u0131n hakk\u0131d\u0131r.\u201d \u015feklinde konu\u015ftu.<\/p>\n<p>Berova, zor s\u00fcre\u00e7ten ge\u00e7erken b\u00fct\u00fcn arzu ve isteklerinin \u00fclkeyi korumak ve KKTC\u2019nin sa\u011flam ayaklar \u00fczerinde s\u00fcrd\u00fcr\u00fclebilirli\u011fini sa\u011flamak oldu\u011funun alt\u0131n\u0131 \u00e7izdi.<\/p>\n<p>Sendikalar\u0131n sivil itaatsizlik a\u00e7\u0131klamas\u0131n\u0131n hat\u0131rlat\u0131lmas\u0131 \u00fczerine ise Berova, \u201cBu \u00fclke hukuk devletidir. Yasalar\u0131n ve hukukun gerektirdi\u011fi her ko\u015fula her bir vatanda\u015f uymakla m\u00fckelleftir.\u201d dedi.<\/p>\n<p>Konu\u015fmalar\u0131n ard\u0131ndan toplant\u0131 bas\u0131na kapal\u0131 olarak devam etti.<\/p>\n<p>-Toplant\u0131 sonras\u0131\u2026 B\u0131\u00e7akl\u0131: \u201cOnlar yoluna devam edecekse, biz de yolumuza devam edece\u011fiz\u201d<\/p>\n<p>Bir saati a\u015fk\u0131n toplant\u0131 sonras\u0131 T\u00fcrk-Sen Ba\u015fkan\u0131 Arslan B\u0131\u00e7akl\u0131 Bakanl\u0131k \u00f6n\u00fcnde yapt\u0131\u011f\u0131 a\u00e7\u0131klamada, \u201cBelli ki devletin b\u00fct\u00e7esinde a\u00e7\u0131k var.  Bu b\u00fct\u00e7e i\u00e7erisindeki a\u00e7\u0131\u011f\u0131n belirli bir miktar\u0131n\u0131 tasarruf etmek istiyorlar.\u201d diye konu\u015ftu.<\/p>\n<p>B\u0131\u00e7akl\u0131, i\u015f\u00e7ilerin, memurlar\u0131n, emeklilerin, asgari \u00fccretlinin cebinden paran\u0131n al\u0131nmas\u0131na m\u00fcsaadeleri olmad\u0131\u011f\u0131n\u0131 s\u00f6yledi.<\/p>\n<p>Bakan Berova\u2019n\u0131n toplant\u0131da bu konuda tek ba\u015f\u0131na yetkili olmad\u0131\u011f\u0131n\u0131 s\u00f6yledi\u011fini dile getiren B\u0131\u00e7akl\u0131, yar\u0131n UBP grubu ve h\u00fck\u00fcmet ortaklar\u0131n\u0131n yapaca\u011f\u0131 toplant\u0131da konunun tart\u0131\u015f\u0131laca\u011f\u0131n\u0131 ve son noktan\u0131n kendilerine aktar\u0131laca\u011f\u0131n\u0131 belirtti.<\/p>\n<p>\u0130ktidara mensup vekillerden sa\u011fduyulu ki\u015filer oldu\u011funu da ifade eden B\u0131\u00e7akl\u0131, \u201cYar\u0131nki toplant\u0131da bu yanl\u0131\u015ftan vazge\u00e7ecekler diye bir \u00fcmidim var\u2026 Onlar yoluna devam edecekse, biz de yolumuza devam edece\u011fiz\u201d diye konu\u015ftu.<\/p>\n<p>Toplant\u0131ya davet edilen sendikalar \u015f\u00f6yle:<\/p>\n<p>\u201cKT\u00d6S, KTAMS, K\u0130EF, KTOE\u00d6S, KAMUSEN, KAMU-\u0130\u015e, H\u00dcR-\u0130\u015e, KOOP-SEN, DEV-\u0130\u015e, Devrimci Genel-\u0130\u015f, Emek-\u0130\u015f, Petrol-\u0130\u015f, BES, G\u00dc\u00c7-SEN, VERG\u0130-SEN, BAY-SEN, B\u00dcRO-\u0130\u015e, EL-SEN, MAL\u0130YE-SEN, DA\u00dc B\u0130R-SEN, HAKSEN, \u00c7A\u011e-SEN, DA\u00dc-SEN, BASIN-SEN, TIP-\u0130\u015e, T\u00dcRK-SEN, HTKS, KES, AS-SEN, ADA-SEN, MA\u011eUSA GENEL \u0130\u015e, TES, BASS, TEL-SEN, K\u0131br\u0131s T\u00fcrk Hem\u015fireler ve Ebeler Sendikas\u0131, Memur-Sen.\u201d<\/p>\n<\/p><\/div>\n<p><script async\n                    defer\n                    crossorigin=\"anonymous\"\n                    src=\"https:\/\/connect.facebook.net\/tr_TR\/sdk.js#xfbml=1&#038;version=v3.3\"\n            ><\/script><br \/>\n<br \/><br \/>\n<br \/><a href=\"https:\/\/brtk.net\/bakan-berova-hayat-pahaliligi-odenegi-konusunda-sendikalarla-bir-araya-geldi\/\">Kaynak BRT <\/a><\/p>\n","protected":false},"excerpt":{"rendered":"<p>Maliye Bakan\u0131 \u00d6zdemir Berova, hayat pahal\u0131l\u0131\u011f\u0131 \u00f6dene\u011fiyle ilgili \u00f6ng\u00f6r\u00fclen yasal d\u00fczenlemeyi ele almak \u00fczere sendika temsilcileriyle toplant\u0131da bir araya geldi. Konuyla ilgili yar\u0131n sabah Meclis\u2019te Ulusal Birlik Partisi Grubu, h\u00fck\u00fcmet ortaklar\u0131 ve \u201ch\u00fck\u00fcmete destek veren milletvekilleri\u201d ile toplant\u0131 yapacaklar\u0131n\u0131 a\u00e7\u0131klayan Berova, \u201c\u0130ste\u011fimiz m\u00fcmk\u00fcn olabilecek en iyi noktaya ula\u015fmakt\u0131r.\u201d dedi. Maliye Bakanl\u0131\u011f\u0131\u2019nda yer alan toplant\u0131ya, Maliye [&hellip;]<\/p>\n","protected":false},"author":908,"featured_media":16163,"comment_status":"open","ping_status":"open","sticky":false,"template":"","format":"standard","meta":{"_jetpack_memberships_contains_paid_content":false,"footnotes":"","jetpack_publicize_message":"","jetpack_publicize_feature_enabled":true,"jetpack_social_post_already_shared":true,"jetpack_social_options":{"image_generator_settings":{"template":"highway","default_image_id":0,"font":"","enabled":false},"version":2}},"categories":[253],"tags":[],"class_list":["post-16162","post","type-post","status-publish","format-standard","has-post-thumbnail","hentry","category-gundem"],"jetpack_publicize_connections":[],"jetpack_featured_media_url":"https:\/\/kibrisayna.com\/wp-content\/uploads\/2025\/01\/1736434406925Maliye-Bakani-Berovanin-sendikalarla-toplantisi-basladi-2.jpeg","jetpack_sharing_enabled":true,"_links":{"self":[{"href":"https:\/\/kibrisayna.com\/index.php\/wp-json\/wp\/v2\/posts\/16162","targetHints":{"allow":["GET"]}}],"collection":[{"href":"https:\/\/kibrisayna.com\/index.php\/wp-json\/wp\/v2\/posts"}],"about":[{"href":"https:\/\/kibrisayna.com\/index.php\/wp-json\/wp\/v2\/types\/post"}],"author":[{"embeddable":true,"href":"https:\/\/kibrisayna.com\/index.php\/wp-json\/wp\/v2\/users\/908"}],"replies":[{"embeddable":true,"href":"https:\/\/kibrisayna.com\/index.php\/wp-json\/wp\/v2\/comments?post=16162"}],"version-history":[{"count":0,"href":"https:\/\/kibrisayna.com\/index.php\/wp-json\/wp\/v2\/posts\/16162\/revisions"}],"wp:featuredmedia":[{"embeddable":true,"href":"https:\/\/kibrisayna.com\/index.php\/wp-json\/wp\/v2\/media\/16163"}],"wp:attachment":[{"href":"https:\/\/kibrisayna.com\/index.php\/wp-json\/wp\/v2\/media?parent=16162"}],"wp:term":[{"taxonomy":"category","embeddable":true,"href":"https:\/\/kibrisayna.com\/index.php\/wp-json\/wp\/v2\/categories?post=16162"},{"taxonomy":"post_tag","embeddable":true,"href":"https:\/\/kibrisayna.com\/index.php\/wp-json\/wp\/v2\/tags?post=16162"}],"curies":[{"name":"wp","href":"https:\/\/api.w.org\/{rel}","templated":true}]}}