{"id":16158,"date":"2025-01-09T18:05:19","date_gmt":"2025-01-09T15:05:19","guid":{"rendered":"https:\/\/kibrisayna.com\/index.php\/2025\/01\/09\/dincyurektatlisuda-saglik-hizmetleri-gelisecek-brtk\/"},"modified":"2025-01-09T18:05:19","modified_gmt":"2025-01-09T15:05:19","slug":"dincyurektatlisuda-saglik-hizmetleri-gelisecek-brtk","status":"publish","type":"post","link":"https:\/\/kibrisayna.com\/index.php\/2025\/01\/09\/dincyurektatlisuda-saglik-hizmetleri-gelisecek-brtk\/","title":{"rendered":"Din\u00e7y\u00fcrek:Tatl\u0131su\u2019da sa\u011fl\u0131k hizmetleri geli\u015fecek \u2013 BRTK"},"content":{"rendered":"<p> <br \/>\n<\/p>\n<div>\n<div class=\"mariselle-image-container center\">\n                <img loading=\"lazy\" decoding=\"async\" width=\"2560\" height=\"1095\" class=\"lazy-image\" alt=\"\" sizes=\"auto, (max-width: 2560px) 100vw, 2560px\" src=\"https:\/\/brtk.net\/wp-content\/uploads\/2025\/01\/09\/831e6877-f547-404f-b1bc-1bd0a3a1429f-scaled.jpg?ver=f69a13f2d1c04a27cc531c22ebf2926e\" srcset=\"https:\/\/brtk.net\/wp-content\/uploads\/2025\/01\/09\/831e6877-f547-404f-b1bc-1bd0a3a1429f-scaled.jpg?ver=f69a13f2d1c04a27cc531c22ebf2926e 2560w, https:\/\/brtk.net\/wp-content\/uploads\/2025\/01\/09\/831e6877-f547-404f-b1bc-1bd0a3a1429f-300x128.jpg?ver=f69a13f2d1c04a27cc531c22ebf2926e 300w, https:\/\/brtk.net\/wp-content\/uploads\/2025\/01\/09\/831e6877-f547-404f-b1bc-1bd0a3a1429f-1024x438.jpg?ver=4218acd8ed9fe05202e0d8210dec9717 1024w, https:\/\/brtk.net\/wp-content\/uploads\/2025\/01\/09\/831e6877-f547-404f-b1bc-1bd0a3a1429f-768x328.jpg?ver=4218acd8ed9fe05202e0d8210dec9717 768w, https:\/\/brtk.net\/wp-content\/uploads\/2025\/01\/09\/831e6877-f547-404f-b1bc-1bd0a3a1429f-1536x657.jpg?ver=5a820dca3c7e217a58ca4139dc799955 1536w, https:\/\/brtk.net\/wp-content\/uploads\/2025\/01\/09\/831e6877-f547-404f-b1bc-1bd0a3a1429f-2048x876.jpg?ver=9993b0f09a287acc58cd62e18a111e26 2048w\"\/>                            <\/div>\n<p>Sa\u011fl\u0131k Bakan\u0131 Dr. Hakan Din\u00e7y\u00fcrek, Tatl\u0131su Belediyesi Sa\u011fl\u0131k Oca\u011f\u0131 ve Tatl\u0131su 112 Ambulans Servisi\u2019ni ziyaret ederek incelemelerde bulundu.<\/p>\n<p>Tatl\u0131su Belediyesi Ba\u015fkan\u0131 Hayri Or\u00e7an, Bakan Din\u00e7y\u00fcrek\u2019in hem belediye hem de b\u00f6lgeye ziyaretinden duydu\u011fu memnuniyeti dile getirerek, b\u00f6lge halk\u0131n\u0131n sa\u011fl\u0131k hizmetleri ad\u0131na beklentilerini aktard\u0131. Ba\u015fkan Or\u00e7an, \u201cUzun zamand\u0131r b\u00f6lgemizin en \u00f6nemli sorunlar\u0131ndan biri, bir hekimin eksikli\u011fidir. Sa\u011fl\u0131k oca\u011f\u0131m\u0131z ve hem\u015firemiz bulunmas\u0131na ra\u011fmen, b\u00f6lgemizin bir aile hekimine ihtiyac\u0131 var. Taleplerimizi ilettik ve bu sorunun \u00e7\u00f6z\u00fcm\u00fc i\u00e7in ad\u0131mlar at\u0131laca\u011f\u0131 m\u00fcjdesini ald\u0131k. Bu konuda Sa\u011fl\u0131k Bakan\u0131m\u0131za Tatl\u0131su halk\u0131 ad\u0131na te\u015fekk\u00fcr ediyorum\u201d dedi.<\/p>\n<div class=\"mariselle-image-container center\">\n                <img loading=\"lazy\" decoding=\"async\" width=\"2048\" height=\"1103\" class=\"lazy-image\" alt=\"\" sizes=\"auto, (max-width: 2048px) 100vw, 2048px\" src=\"https:\/\/brtk.net\/wp-content\/uploads\/2025\/01\/09\/djlakjdlajda.jpg?ver=1b1705cd7d695b214784e7e374d86e98\" srcset=\"https:\/\/brtk.net\/wp-content\/uploads\/2025\/01\/09\/djlakjdlajda.jpg?ver=1b1705cd7d695b214784e7e374d86e98 2048w, https:\/\/brtk.net\/wp-content\/uploads\/2025\/01\/09\/djlakjdlajda-300x162.jpg?ver=3389d49a29723970f938ef769d25040c 300w, https:\/\/brtk.net\/wp-content\/uploads\/2025\/01\/09\/djlakjdlajda-1024x552.jpg?ver=b573ded99ae032064109f7bbe1d0e501 1024w, https:\/\/brtk.net\/wp-content\/uploads\/2025\/01\/09\/djlakjdlajda-768x414.jpg?ver=b573ded99ae032064109f7bbe1d0e501 768w, https:\/\/brtk.net\/wp-content\/uploads\/2025\/01\/09\/djlakjdlajda-1536x827.jpg?ver=8b6500d2edc94036dc2ea0b6c68cb0f7 1536w\"\/>                            <\/div>\n<p>Bakan Din\u00e7y\u00fcrek, yap\u0131lan incelemeler ve g\u00f6r\u00fc\u015fmeler neticesinde b\u00f6lgede h\u0131zl\u0131 bir \u015fekilde sa\u011fl\u0131k hizmetlerini iyile\u015ftirmeyi hedeflediklerini belirtti. Din\u00e7y\u00fcrek, \u201cTatl\u0131su Belediyesi\u2019nin insan kaynaklar\u0131 ve altyap\u0131s\u0131 ile Sa\u011fl\u0131k Bakanl\u0131\u011f\u0131\u2019n\u0131n imkanlar\u0131n\u0131 birle\u015ftirerek, b\u00f6lge halk\u0131na etkin ve h\u0131zl\u0131 sa\u011fl\u0131k hizmeti sunmay\u0131 ama\u00e7l\u0131yoruz. \u00d6ncelikle mevcut sa\u011fl\u0131k odas\u0131n\u0131 aktif hale getirece\u011fiz. Haftan\u0131n belirli g\u00fcnlerinde hekim deste\u011fi sa\u011flanacak. Ayr\u0131ca, 112 merkezinin kapasitesini art\u0131racak ilave odalar yapmay\u0131 ve modern bir sa\u011fl\u0131k merkezine d\u00f6n\u00fc\u015ft\u00fcrmeyi planl\u0131yoruz. Bu merkezde di\u015f \u00fcnitesi ve doktor odalar\u0131 da bulunacak. T\u00fcm bu \u00e7al\u0131\u015fmalar\u0131n planlamas\u0131na hemen yar\u0131n ba\u015flanacak. Tatl\u0131su Belediyesi ve Sa\u011fl\u0131k Bakanl\u0131\u011f\u0131\u2019n\u0131n i\u015f birli\u011fi ile b\u00f6lge halk\u0131na daha iyi hizmet verece\u011fimize inan\u0131yoruz\u201d dedi.<\/p>\n<p>Bakan Din\u00e7y\u00fcrek, projenin k\u0131sa s\u00fcrede hayata ge\u00e7ece\u011fini belirterek, b\u00f6lge halk\u0131na ve ortak \u00e7al\u0131\u015fmalardan dolay\u0131 belediye y\u00f6netimine te\u015fekk\u00fcr etti.<\/p>\n<\/p><\/div>\n<p><script async\n                    defer\n                    crossorigin=\"anonymous\"\n                    src=\"https:\/\/connect.facebook.net\/tr_TR\/sdk.js#xfbml=1&#038;version=v3.3\"\n            ><\/script><br \/>\n<br \/><br \/>\n<br \/><a href=\"https:\/\/brtk.net\/dincyurektatlisuda-saglik-hizmetleri-gelisecek\/\">Kaynak BRT <\/a><\/p>\n","protected":false},"excerpt":{"rendered":"<p>Sa\u011fl\u0131k Bakan\u0131 Dr. Hakan Din\u00e7y\u00fcrek, Tatl\u0131su Belediyesi Sa\u011fl\u0131k Oca\u011f\u0131 ve Tatl\u0131su 112 Ambulans Servisi\u2019ni ziyaret ederek incelemelerde bulundu. Tatl\u0131su Belediyesi Ba\u015fkan\u0131 Hayri Or\u00e7an, Bakan Din\u00e7y\u00fcrek\u2019in hem belediye hem de b\u00f6lgeye ziyaretinden duydu\u011fu memnuniyeti dile getirerek, b\u00f6lge halk\u0131n\u0131n sa\u011fl\u0131k hizmetleri ad\u0131na beklentilerini aktard\u0131. Ba\u015fkan Or\u00e7an, \u201cUzun zamand\u0131r b\u00f6lgemizin en \u00f6nemli sorunlar\u0131ndan biri, bir hekimin eksikli\u011fidir. Sa\u011fl\u0131k [&hellip;]<\/p>\n","protected":false},"author":908,"featured_media":16159,"comment_status":"open","ping_status":"open","sticky":false,"template":"","format":"standard","meta":{"_jetpack_memberships_contains_paid_content":false,"footnotes":"","jetpack_publicize_message":"","jetpack_publicize_feature_enabled":true,"jetpack_social_post_already_shared":true,"jetpack_social_options":{"image_generator_settings":{"template":"highway","default_image_id":0,"font":"","enabled":false},"version":2}},"categories":[253],"tags":[],"class_list":["post-16158","post","type-post","status-publish","format-standard","has-post-thumbnail","hentry","category-gundem"],"jetpack_publicize_connections":[],"jetpack_featured_media_url":"https:\/\/kibrisayna.com\/wp-content\/uploads\/2025\/01\/djlakjdlajda.jpg","jetpack_sharing_enabled":true,"_links":{"self":[{"href":"https:\/\/kibrisayna.com\/index.php\/wp-json\/wp\/v2\/posts\/16158","targetHints":{"allow":["GET"]}}],"collection":[{"href":"https:\/\/kibrisayna.com\/index.php\/wp-json\/wp\/v2\/posts"}],"about":[{"href":"https:\/\/kibrisayna.com\/index.php\/wp-json\/wp\/v2\/types\/post"}],"author":[{"embeddable":true,"href":"https:\/\/kibrisayna.com\/index.php\/wp-json\/wp\/v2\/users\/908"}],"replies":[{"embeddable":true,"href":"https:\/\/kibrisayna.com\/index.php\/wp-json\/wp\/v2\/comments?post=16158"}],"version-history":[{"count":0,"href":"https:\/\/kibrisayna.com\/index.php\/wp-json\/wp\/v2\/posts\/16158\/revisions"}],"wp:featuredmedia":[{"embeddable":true,"href":"https:\/\/kibrisayna.com\/index.php\/wp-json\/wp\/v2\/media\/16159"}],"wp:attachment":[{"href":"https:\/\/kibrisayna.com\/index.php\/wp-json\/wp\/v2\/media?parent=16158"}],"wp:term":[{"taxonomy":"category","embeddable":true,"href":"https:\/\/kibrisayna.com\/index.php\/wp-json\/wp\/v2\/categories?post=16158"},{"taxonomy":"post_tag","embeddable":true,"href":"https:\/\/kibrisayna.com\/index.php\/wp-json\/wp\/v2\/tags?post=16158"}],"curies":[{"name":"wp","href":"https:\/\/api.w.org\/{rel}","templated":true}]}}