{"id":16140,"date":"2025-01-09T15:57:15","date_gmt":"2025-01-09T12:57:15","guid":{"rendered":"https:\/\/kibrisayna.com\/index.php\/2025\/01\/09\/erhurman-tc-disisleri-bakani-fidan-ile-bir-araya-geldi-brtk\/"},"modified":"2025-01-09T15:57:15","modified_gmt":"2025-01-09T12:57:15","slug":"erhurman-tc-disisleri-bakani-fidan-ile-bir-araya-geldi-brtk","status":"publish","type":"post","link":"https:\/\/kibrisayna.com\/index.php\/2025\/01\/09\/erhurman-tc-disisleri-bakani-fidan-ile-bir-araya-geldi-brtk\/","title":{"rendered":"Erh\u00fcrman, TC D\u0131\u015fi\u015fleri Bakan\u0131 Fidan ile bir araya geldi \u2013 BRTK"},"content":{"rendered":"<p> <br \/>\n<\/p>\n<div>\n<div class=\"mariselle-image-container center\">\n                <img loading=\"lazy\" decoding=\"async\" width=\"2560\" height=\"1736\" class=\"lazy-image\" alt=\"\" sizes=\"auto, (max-width: 2560px) 100vw, 2560px\" src=\"https:\/\/brtk.net\/wp-content\/uploads\/2025\/01\/09\/1736419743877Disisleri-Bakani-Fidan-Lefkosa-Buyukelciliginde-CTP-Genel-Baskani-Erhurmani-kabul-etti-scaled.jpg?ver=a93fdc6c3fd4d8e2c3635cba514a6dab\" srcset=\"https:\/\/brtk.net\/wp-content\/uploads\/2025\/01\/09\/1736419743877Disisleri-Bakani-Fidan-Lefkosa-Buyukelciliginde-CTP-Genel-Baskani-Erhurmani-kabul-etti-scaled.jpg?ver=a93fdc6c3fd4d8e2c3635cba514a6dab 2560w, https:\/\/brtk.net\/wp-content\/uploads\/2025\/01\/09\/1736419743877Disisleri-Bakani-Fidan-Lefkosa-Buyukelciliginde-CTP-Genel-Baskani-Erhurmani-kabul-etti-300x203.jpg?ver=2be568dacc4a955d19bb2bf74b328cf4 300w, https:\/\/brtk.net\/wp-content\/uploads\/2025\/01\/09\/1736419743877Disisleri-Bakani-Fidan-Lefkosa-Buyukelciliginde-CTP-Genel-Baskani-Erhurmani-kabul-etti-1024x695.jpg?ver=7e299b17cd072539c02de8222956b619 1024w, https:\/\/brtk.net\/wp-content\/uploads\/2025\/01\/09\/1736419743877Disisleri-Bakani-Fidan-Lefkosa-Buyukelciliginde-CTP-Genel-Baskani-Erhurmani-kabul-etti-768x521.jpg?ver=7ad3fc627ed71f8f0474541f898d470f 768w, https:\/\/brtk.net\/wp-content\/uploads\/2025\/01\/09\/1736419743877Disisleri-Bakani-Fidan-Lefkosa-Buyukelciliginde-CTP-Genel-Baskani-Erhurmani-kabul-etti-1536x1042.jpg?ver=bc21b053057014411e9231c3050d3ecd 1536w, https:\/\/brtk.net\/wp-content\/uploads\/2025\/01\/09\/1736419743877Disisleri-Bakani-Fidan-Lefkosa-Buyukelciliginde-CTP-Genel-Baskani-Erhurmani-kabul-etti-2048x1389.jpg?ver=e1f2166643345a084a70d208a1994016 2048w\"\/>                            <\/div>\n<p>Cumhuriyet\u00e7i T\u00fcrk Partisi (CTP) Genel Ba\u015fkan\u0131 Tufan Erh\u00fcrman, resmi temaslarda bulunmak \u00fczere Kuzey K\u0131br\u0131s T\u00fcrk Cumhuriyeti\u2019nde bulunan T\u00fcrkiye Cumhuriyeti D\u0131\u015fi\u015fleri Bakan\u0131 Hakan Fidan ile bir araya geldi.<\/p>\n<p>TC Lefko\u015fa B\u00fcy\u00fckel\u00e7ili\u011fi\u2019nde ger\u00e7ekle\u015fen g\u00f6r\u00fc\u015fmede, T\u00fcrkiye\u2019nin Lefko\u015fa B\u00fcy\u00fckel\u00e7isi Yasin Ekrem Serim de haz\u0131r bulundu.<\/p>\n<\/p><\/div>\n<p><script async\n                    defer\n                    crossorigin=\"anonymous\"\n                    src=\"https:\/\/connect.facebook.net\/tr_TR\/sdk.js#xfbml=1&#038;version=v3.3\"\n            ><\/script><br \/>\n<br \/><br \/>\n<br \/><a href=\"https:\/\/brtk.net\/erhurman-tc-disisleri-bakani-fidan-ile-bir-araya-geldi\/\">Kaynak BRT <\/a><\/p>\n","protected":false},"excerpt":{"rendered":"<p>Cumhuriyet\u00e7i T\u00fcrk Partisi (CTP) Genel Ba\u015fkan\u0131 Tufan Erh\u00fcrman, resmi temaslarda bulunmak \u00fczere Kuzey K\u0131br\u0131s T\u00fcrk Cumhuriyeti\u2019nde bulunan T\u00fcrkiye Cumhuriyeti D\u0131\u015fi\u015fleri Bakan\u0131 Hakan Fidan ile bir araya geldi. TC Lefko\u015fa B\u00fcy\u00fckel\u00e7ili\u011fi\u2019nde ger\u00e7ekle\u015fen g\u00f6r\u00fc\u015fmede, T\u00fcrkiye\u2019nin Lefko\u015fa B\u00fcy\u00fckel\u00e7isi Yasin Ekrem Serim de haz\u0131r bulundu. Kaynak BRT<\/p>\n","protected":false},"author":908,"featured_media":16141,"comment_status":"open","ping_status":"open","sticky":false,"template":"","format":"standard","meta":{"_jetpack_memberships_contains_paid_content":false,"footnotes":"","jetpack_publicize_message":"","jetpack_publicize_feature_enabled":true,"jetpack_social_post_already_shared":true,"jetpack_social_options":{"image_generator_settings":{"template":"highway","default_image_id":0,"font":"","enabled":false},"version":2}},"categories":[253],"tags":[],"class_list":["post-16140","post","type-post","status-publish","format-standard","has-post-thumbnail","hentry","category-gundem"],"jetpack_publicize_connections":[],"jetpack_featured_media_url":"https:\/\/kibrisayna.com\/wp-content\/uploads\/2025\/01\/1736419743877Disisleri-Bakani-Fidan-Lefkosa-Buyukelciliginde-CTP-Genel-Baskani-Erhurmani-kabul-etti-scaled.jpg","jetpack_sharing_enabled":true,"_links":{"self":[{"href":"https:\/\/kibrisayna.com\/index.php\/wp-json\/wp\/v2\/posts\/16140","targetHints":{"allow":["GET"]}}],"collection":[{"href":"https:\/\/kibrisayna.com\/index.php\/wp-json\/wp\/v2\/posts"}],"about":[{"href":"https:\/\/kibrisayna.com\/index.php\/wp-json\/wp\/v2\/types\/post"}],"author":[{"embeddable":true,"href":"https:\/\/kibrisayna.com\/index.php\/wp-json\/wp\/v2\/users\/908"}],"replies":[{"embeddable":true,"href":"https:\/\/kibrisayna.com\/index.php\/wp-json\/wp\/v2\/comments?post=16140"}],"version-history":[{"count":0,"href":"https:\/\/kibrisayna.com\/index.php\/wp-json\/wp\/v2\/posts\/16140\/revisions"}],"wp:featuredmedia":[{"embeddable":true,"href":"https:\/\/kibrisayna.com\/index.php\/wp-json\/wp\/v2\/media\/16141"}],"wp:attachment":[{"href":"https:\/\/kibrisayna.com\/index.php\/wp-json\/wp\/v2\/media?parent=16140"}],"wp:term":[{"taxonomy":"category","embeddable":true,"href":"https:\/\/kibrisayna.com\/index.php\/wp-json\/wp\/v2\/categories?post=16140"},{"taxonomy":"post_tag","embeddable":true,"href":"https:\/\/kibrisayna.com\/index.php\/wp-json\/wp\/v2\/tags?post=16140"}],"curies":[{"name":"wp","href":"https:\/\/api.w.org\/{rel}","templated":true}]}}