{"id":16138,"date":"2025-01-09T15:50:12","date_gmt":"2025-01-09T12:50:12","guid":{"rendered":"https:\/\/kibrisayna.com\/index.php\/2025\/01\/09\/ercan-havalimani-2024-yili-sonunda-yolcu-ve-ucak-seferi-sayisinda-rekora-imza-atti-brtk\/"},"modified":"2025-01-09T15:50:12","modified_gmt":"2025-01-09T12:50:12","slug":"ercan-havalimani-2024-yili-sonunda-yolcu-ve-ucak-seferi-sayisinda-rekora-imza-atti-brtk","status":"publish","type":"post","link":"https:\/\/kibrisayna.com\/index.php\/2025\/01\/09\/ercan-havalimani-2024-yili-sonunda-yolcu-ve-ucak-seferi-sayisinda-rekora-imza-atti-brtk\/","title":{"rendered":"Ercan Havaliman\u0131, 2024 y\u0131l\u0131 sonunda yolcu ve u\u00e7ak seferi say\u0131s\u0131nda rekora imza att\u0131 \u2013 BRTK"},"content":{"rendered":"<p> <br \/>\n<\/p>\n<div>\n<div class=\"mariselle-image-container center\">\n                <img loading=\"lazy\" decoding=\"async\" width=\"2016\" height=\"1512\" class=\"lazy-image\" alt=\"\" sizes=\"auto, (max-width: 2016px) 100vw, 2016px\" src=\"https:\/\/brtk.net\/wp-content\/uploads\/2025\/01\/09\/1736419708065ERCAN-HAVALIMANI.jpg?ver=bf83131ae54529e451f25d8b0641bab3\" srcset=\"https:\/\/brtk.net\/wp-content\/uploads\/2025\/01\/09\/1736419708065ERCAN-HAVALIMANI.jpg?ver=bf83131ae54529e451f25d8b0641bab3 2016w, https:\/\/brtk.net\/wp-content\/uploads\/2025\/01\/09\/1736419708065ERCAN-HAVALIMANI-300x225.jpg?ver=a732aedb5148a352a161e5454e8ca1ad 300w, https:\/\/brtk.net\/wp-content\/uploads\/2025\/01\/09\/1736419708065ERCAN-HAVALIMANI-1024x768.jpg?ver=4967d1f9c8edb1958dd4abf62e423976 1024w, https:\/\/brtk.net\/wp-content\/uploads\/2025\/01\/09\/1736419708065ERCAN-HAVALIMANI-768x576.jpg?ver=4967d1f9c8edb1958dd4abf62e423976 768w, https:\/\/brtk.net\/wp-content\/uploads\/2025\/01\/09\/1736419708065ERCAN-HAVALIMANI-1536x1152.jpg?ver=8764eab9094b465bde816c573bdcbe0a 1536w\"\/>                            <\/div>\n<p>Ercan Havaliman\u0131, a\u00e7\u0131ld\u0131\u011f\u0131 ilk g\u00fcnden bug\u00fcne kadar 2024 y\u0131l\u0131 sonunda yolcu ve u\u00e7ak seferi say\u0131s\u0131nda bir rekora imza att\u0131. 2023 y\u0131l\u0131nda 4 milyon olan yolcu say\u0131s\u0131 2024\u2019te 5 milyona ula\u015ft\u0131. 26 bin olan u\u00e7ak seferleri ise 30 bini a\u015ft\u0131.<\/p>\n<p>T&amp;T Havaliman\u0131 \u0130\u015fletmecili\u011finden yap\u0131lan a\u00e7\u0131klamada, Ercan Havaliman\u0131\u2019n\u0131n devreye girmesiyle \u00fclke turizmine ve ekonomisine ivme getirdi\u011fi kaydedildi.<\/p>\n<p>A\u00e7\u0131klamada, Ercan Havaliman\u0131\u2019n\u0131n 2023 y\u0131l\u0131nda 3 milyon 990 bin 324 yolcu ve 26 bin 693 u\u00e7ak seferi ile kapand\u0131\u011f\u0131, 2024 y\u0131l\u0131 sonunda ise yolcu say\u0131s\u0131n\u0131n 5 milyon s\u0131n\u0131r\u0131na yakla\u015ft\u0131\u011f\u0131 kaydedildi.<\/p>\n<p>A\u00e7\u0131klamada, 2024 y\u0131l\u0131 sonunda Ercan Havaliman\u0131\u2019na gelen ve giden yolcu say\u0131s\u0131n\u0131n 4 milyon 842 bin 134\u2019e ula\u015ft\u0131\u011f\u0131, u\u00e7ak seferi say\u0131s\u0131n\u0131n ise 30 bin 865\u2019e y\u00fckseldi\u011fi belirtildi.<\/p>\n<p>T&amp;T Havaliman\u0131 \u0130\u015fletmecili\u011fi Genel M\u00fcd\u00fcr\u00fc Serhat \u00d6z\u00e7elik, Ercan Havaliman\u0131\u2019n\u0131n i\u015fletmesini ald\u0131klar\u0131 2013 y\u0131l\u0131ndan itibaren \u00f6zellikle yolcu konforu ve emniyeti ile u\u00e7u\u015f g\u00fcvenli\u011fini daima \u00f6n planda tuttuklar\u0131n\u0131 belirterek, <\/p>\n<p>T&amp;T ve di\u011fer i\u015fletmeler de dahil olmak \u00fczere yolculara havaliman\u0131nda en iyi hizmeti vermeye devam ettiklerini kaydetti.<\/p>\n<p>2013 y\u0131l\u0131nda 2 milyon 923 bin yolcu ve 21 bin 648 u\u00e7a\u011fa hizmet veren Ercan Havaliman\u0131\u2019n\u0131n 2018\u2019de 4 milyon yolcu a\u011f\u0131rlad\u0131\u011f\u0131n\u0131 kaydeden \u00d6z\u00e7elik, 2023 y\u0131l\u0131nda 3 milyon 990 bin 324 yolcu 26 bin 693 u\u00e7ak seferi ve 2024 y\u0131l\u0131nda<br \/>ise 4 milyon 842 bin 134 yolcu ve 30 bin 865 u\u00e7ak seferi rakamlar\u0131na ula\u015ft\u0131klar\u0131n\u0131 belirtti.<\/p>\n<\/p><\/div>\n<p><script async\n                    defer\n                    crossorigin=\"anonymous\"\n                    src=\"https:\/\/connect.facebook.net\/tr_TR\/sdk.js#xfbml=1&#038;version=v3.3\"\n            ><\/script><br \/>\n<br \/><br \/>\n<br \/><a href=\"https:\/\/brtk.net\/ercan-havalimani-2024-yili-sonunda-yolcu-ve-ucak-seferi-sayisinda-rekora-imza-atti\/\">Kaynak BRT <\/a><\/p>\n","protected":false},"excerpt":{"rendered":"<p>Ercan Havaliman\u0131, a\u00e7\u0131ld\u0131\u011f\u0131 ilk g\u00fcnden bug\u00fcne kadar 2024 y\u0131l\u0131 sonunda yolcu ve u\u00e7ak seferi say\u0131s\u0131nda bir rekora imza att\u0131. 2023 y\u0131l\u0131nda 4 milyon olan yolcu say\u0131s\u0131 2024\u2019te 5 milyona ula\u015ft\u0131. 26 bin olan u\u00e7ak seferleri ise 30 bini a\u015ft\u0131. T&amp;T Havaliman\u0131 \u0130\u015fletmecili\u011finden yap\u0131lan a\u00e7\u0131klamada, Ercan Havaliman\u0131\u2019n\u0131n devreye girmesiyle \u00fclke turizmine ve ekonomisine ivme getirdi\u011fi kaydedildi. [&hellip;]<\/p>\n","protected":false},"author":908,"featured_media":16139,"comment_status":"open","ping_status":"open","sticky":false,"template":"","format":"standard","meta":{"_jetpack_memberships_contains_paid_content":false,"footnotes":"","jetpack_publicize_message":"","jetpack_publicize_feature_enabled":true,"jetpack_social_post_already_shared":true,"jetpack_social_options":{"image_generator_settings":{"template":"highway","default_image_id":0,"font":"","enabled":false},"version":2}},"categories":[253],"tags":[],"class_list":["post-16138","post","type-post","status-publish","format-standard","has-post-thumbnail","hentry","category-gundem"],"jetpack_publicize_connections":[],"jetpack_featured_media_url":"https:\/\/kibrisayna.com\/wp-content\/uploads\/2025\/01\/1736419708065ERCAN-HAVALIMANI.jpg","jetpack_sharing_enabled":true,"_links":{"self":[{"href":"https:\/\/kibrisayna.com\/index.php\/wp-json\/wp\/v2\/posts\/16138","targetHints":{"allow":["GET"]}}],"collection":[{"href":"https:\/\/kibrisayna.com\/index.php\/wp-json\/wp\/v2\/posts"}],"about":[{"href":"https:\/\/kibrisayna.com\/index.php\/wp-json\/wp\/v2\/types\/post"}],"author":[{"embeddable":true,"href":"https:\/\/kibrisayna.com\/index.php\/wp-json\/wp\/v2\/users\/908"}],"replies":[{"embeddable":true,"href":"https:\/\/kibrisayna.com\/index.php\/wp-json\/wp\/v2\/comments?post=16138"}],"version-history":[{"count":0,"href":"https:\/\/kibrisayna.com\/index.php\/wp-json\/wp\/v2\/posts\/16138\/revisions"}],"wp:featuredmedia":[{"embeddable":true,"href":"https:\/\/kibrisayna.com\/index.php\/wp-json\/wp\/v2\/media\/16139"}],"wp:attachment":[{"href":"https:\/\/kibrisayna.com\/index.php\/wp-json\/wp\/v2\/media?parent=16138"}],"wp:term":[{"taxonomy":"category","embeddable":true,"href":"https:\/\/kibrisayna.com\/index.php\/wp-json\/wp\/v2\/categories?post=16138"},{"taxonomy":"post_tag","embeddable":true,"href":"https:\/\/kibrisayna.com\/index.php\/wp-json\/wp\/v2\/tags?post=16138"}],"curies":[{"name":"wp","href":"https:\/\/api.w.org\/{rel}","templated":true}]}}